{"id":269219,"date":"2025-07-15T04:42:12","date_gmt":"2025-07-15T04:42:12","guid":{"rendered":"https:\/\/www.europesays.com\/de\/269219\/"},"modified":"2025-07-15T04:42:12","modified_gmt":"2025-07-15T04:42:12","slug":"us-regierung-gericht-erlaubt-weitere-entlassungen-im-us-bildungsministerium","status":"publish","type":"post","link":"https:\/\/www.europesays.com\/de\/269219\/","title":{"rendered":"US-Regierung: Gericht erlaubt weitere Entlassungen im US-Bildungsministerium"},"content":{"rendered":"<p class=\"paragraph article__item\">Das oberste US-Gericht hat den <a href=\"https:\/\/www.zeit.de\/2025\/12\/bildung-usa-bildungsministerium-linda-mcmahon\" class=\"\" target=\"_blank\" rel=\"noopener\">Abbau des\u00a0Bildungsministeriums durch die US-Regierung<\/a> erlaubt.\u00a0Die konservative Richtermehrheit setzte <a href=\"https:\/\/www.zeit.de\/politik\/ausland\/2025-05\/usa-donald-trump-bildungsministerium\" class=\"\" target=\"_blank\" rel=\"noopener\">eine einstweilige Verf\u00fcgung des US-Bezirksrichters Myong Joun <\/a>in Boston aus, der Entlassungen gestoppt und die Pl\u00e4ne von\u00a0US-Pr\u00e4sident\u00a0<a class=\"rtr-entity\" href=\"https:\/\/www.zeit.de\/thema\/donald-trump\" target=\"_blank\" rel=\"noopener\">Donald Trump<\/a> und Bildungsministerin Linda McMahon infrage gestellt hatte. Nun kann Trump die Aufl\u00f6sung\u00a0des Ministeriums fortsetzen und rund 1.400 Angestellte entlassen.\n<\/p>\n<p class=\"paragraph article__item\">Die liberalen Richterinnen Sonia Sotomayor, Ketanji Brown Jackson und Elena Kagan warfen ihren konservativen Kollegen vor, der Regierung ein rechtlich fragw\u00fcrdiges Vorgehen zu erm\u00f6glichen. &#8222;Wenn die Exekutive \u00f6ffentlich ihre Absicht verk\u00fcndet, das Gesetz zu brechen, und dieses Versprechen dann in die Tat umsetzt, ist es die Pflicht der Judikative, diese Gesetzlosigkeit zu kontrollieren und nicht zu beschleunigen&#8220;, schrieb Sotomayor auch im Namen ihrer beiden Kolleginnen.\u00a0Wie bei Eilentscheidungen \u00fcblich, erkl\u00e4rte der Supreme Court seine Entscheidung allerdings nicht.<\/p>\n<p>        Schulbezirke hatten gegen den Abbau geklagt        <\/p>\n<p class=\"paragraph article__item\">Die einstweilige Verf\u00fcgung war von mehreren amerikanischen Schulbezirken, dem amerikanischen Lehrerverband und anderen Bildungsgruppen in einer Klage beantragt worden. Darin hie\u00df es, die Entlassungen k\u00e4men einer illegalen\u00a0<a href=\"https:\/\/www.zeit.de\/politik\/ausland\/2025-03\/usa-donald-trump-dekret-aufloesung-bildungsministerium\" class=\"\" target=\"_blank\" rel=\"noopener\">Schlie\u00dfung des Bildungsministeriums<\/a>\u00a0gleich.\u00a0Ein Bundesberufungsgericht hatte sich zuletzt noch geweigert, Jouns einstweilige Verf\u00fcgung auszusetzen.\u00a0<\/p>\n<p class=\"paragraph article__item\"><a href=\"https:\/\/www.zeit.de\/thema\/usa\" class=\"\" target=\"_blank\" rel=\"noopener\">US<\/a>-Pr\u00e4sident\u00a0<a href=\"https:\/\/www.zeit.de\/thema\/donald-trump\" class=\"\" target=\"_blank\" rel=\"noopener\">Donald Trump<\/a>\u00a0hatte im M\u00e4rz mit einer Exekutivanordnung den Weg f\u00fcr <a href=\"https:\/\/www.zeit.de\/politik\/ausland\/2025-03\/usa-donald-trump-dekret-aufloesung-bildungsministerium\" class=\"\" target=\"_blank\" rel=\"noopener\">die Schlie\u00dfung des Bildungsministeriums geebnet<\/a>. In dem Dekret wird Bildungsministerin Linda McMahon angewiesen, alle erforderlichen Schritte zu unternehmen, um die Funktionen des Ministeriums auf ein Minimum zu reduzieren. Es sei der Beginn seines Bestrebens, das Ressort &#8222;ein f\u00fcr alle Mal&#8220; zu eliminieren, sagte Trump.\n<\/p>\n<p>            Regierungsabbau in den USA        <\/p>\n<p>Mehr zum Thema<\/p>\n<p>                <a href=\"https:\/\/www.zeit.de\/2025\/12\/bildung-usa-bildungsministerium-linda-mcmahon\" data-ct-label=\"Bildung in den USA: Ihr Auftrag: Zerst\u00f6ren\" target=\"_blank\" rel=\"noopener\"><\/p>\n<p>        Z+ (abopflichtiger Inhalt);<\/p>\n<p>    Bildung in den USA:<br \/>\n                        Ihr Auftrag: Zerst\u00f6ren<\/p>\n<p>                <\/a><\/p>\n<p>                <a href=\"https:\/\/www.zeit.de\/2025\/18\/amtszeit-donald-trump-100-tage-us-regierung-republikaner\" data-ct-label=\"Amtszeit von Donald Trump: 100 Tage Angriff auf Amerika\" target=\"_blank\" rel=\"noopener\"><\/p>\n<p>        Z+ (abopflichtiger Inhalt);<\/p>\n<p>    Amtszeit von Donald Trump:<br \/>\n                        100 Tage Angriff auf Amerika<\/p>\n<p>                <\/a><\/p>\n","protected":false},"excerpt":{"rendered":"Das oberste US-Gericht hat den Abbau des\u00a0Bildungsministeriums durch die US-Regierung erlaubt.\u00a0Die konservative Richtermehrheit setzte eine einstweilige Verf\u00fcgung des&hellip;\n","protected":false},"author":2,"featured_media":269220,"comment_status":"","ping_status":"","sticky":false,"template":"","format":"standard","meta":{"footnotes":""},"categories":[5],"tags":[331,332,8634,22721,3364,29,106,30,13,37167,14,15,16,12,81144,10173,3940],"class_list":{"0":"post-269219","1":"post","2":"type-post","3":"status-publish","4":"format-standard","5":"has-post-thumbnail","7":"category-nachrichten","8":"tag-aktuelle-nachrichten","9":"tag-aktuelle-news","10":"tag-bildungsministerium","11":"tag-boston","12":"tag-de","13":"tag-deutschland","14":"tag-donald-trump","15":"tag-germany","16":"tag-headlines","17":"tag-linda-mcmahon","18":"tag-nachrichten","19":"tag-news","20":"tag-politik","21":"tag-schlagzeilen","22":"tag-sonia-sotomayor","23":"tag-supreme-court","24":"tag-us-regierung"},"share_on_mastodon":{"url":"https:\/\/pubeurope.com\/@de\/114855421457853138","error":""},"_links":{"self":[{"href":"https:\/\/www.europesays.com\/de\/wp-json\/wp\/v2\/posts\/269219","targetHints":{"allow":["GET"]}}],"collection":[{"href":"https:\/\/www.europesays.com\/de\/wp-json\/wp\/v2\/posts"}],"about":[{"href":"https:\/\/www.europesays.com\/de\/wp-json\/wp\/v2\/types\/post"}],"author":[{"embeddable":true,"href":"https:\/\/www.europesays.com\/de\/wp-json\/wp\/v2\/users\/2"}],"replies":[{"embeddable":true,"href":"https:\/\/www.europesays.com\/de\/wp-json\/wp\/v2\/comments?post=269219"}],"version-history":[{"count":0,"href":"https:\/\/www.europesays.com\/de\/wp-json\/wp\/v2\/posts\/269219\/revisions"}],"wp:featuredmedia":[{"embeddable":true,"href":"https:\/\/www.europesays.com\/de\/wp-json\/wp\/v2\/media\/269220"}],"wp:attachment":[{"href":"https:\/\/www.europesays.com\/de\/wp-json\/wp\/v2\/media?parent=269219"}],"wp:term":[{"taxonomy":"category","embeddable":true,"href":"https:\/\/www.europesays.com\/de\/wp-json\/wp\/v2\/categories?post=269219"},{"taxonomy":"post_tag","embeddable":true,"href":"https:\/\/www.europesays.com\/de\/wp-json\/wp\/v2\/tags?post=269219"}],"curies":[{"name":"wp","href":"https:\/\/api.w.org\/{rel}","templated":true}]}}