{"id":269225,"date":"2025-07-15T04:45:15","date_gmt":"2025-07-15T04:45:15","guid":{"rendered":"https:\/\/www.europesays.com\/de\/269225\/"},"modified":"2025-07-15T04:45:15","modified_gmt":"2025-07-15T04:45:15","slug":"fw-bn-fahrzeugbrand-in-tiefgarage-insgesamt-44-personen-muessen-zeitweise-ihre","status":"publish","type":"post","link":"https:\/\/www.europesays.com\/de\/269225\/","title":{"rendered":"FW-BN: Fahrzeugbrand in Tiefgarage &#8211; insgesamt 44 Personen m\u00fcssen zeitweise ihre &#8230;"},"content":{"rendered":"<p class=\"date\">15.07.2025 \u2013 05:58<\/p>\n<p class=\"customer\">\n                        <a class=\"story-customer\" title=\"weiter zum newsroom von Feuerwehr und Rettungsdienst Bonn\" href=\"https:\/\/www.presseportal.de\/blaulicht\/nr\/115888\" rel=\"nofollow noopener\" target=\"_blank\">Feuerwehr und Rettungsdienst Bonn<\/a>\n                    <\/p>\n<p><a class=\"glightbox event-trigger\" href=\"https:\/\/cache.pressmailing.net\/thumbnail\/story_hires\/b9b01996-6d84-49b1-84eb-78bb7f19011a\/IMG_0022.jpeg.jpg\" data-description=\"Feuerwehrfahrzeuge beim Tiefgaragenbrand auf der Stra\u00dfe\" data-category=\"medialightbox\" data-action=\"click\" data-label=\"single\" data-value=\"6875d1d7270000fd2cf5febe\" rel=\"nofollow noopener\" target=\"_blank\"><img decoding=\"async\" height=\"540\" with=\"720\" src=\"https:\/\/www.europesays.com\/de\/wp-content\/uploads\/2025\/07\/fw-bn-fahrzeugbrand-in-tiefgarage-insgesamt-44-personen-m-ssen-zeitweise-ihre-wohnungen-verlassen.jpeg\"   alt=\"FW-BN: Fahrzeugbrand in Tiefgarage - insgesamt 44 Personen m\u00fcssen zeitweise ihre Wohnungen verlassen\" class=\"single\"\/><\/a><\/p>\n<p><a data-category=\"citylink-story-view\" data-action=\"click\" data-label=\"Citylink in Meldungsansicht\" class=\"story-city event-trigger\" href=\"https:\/\/www.presseportal.de\/regional\/Bonn\" title=\"News aus Bonn \" rel=\"nofollow noopener\" target=\"_blank\">Bonn<\/a> (ots)<\/p>\n<p>Um kurz nach zwei Uhr wurde in der Newtonstra\u00dfe durch einen Passanten eine starke Rauchentwicklung aus einer Tiefgarage gemeldet. Durch die ersten Einsatzkr\u00e4fte wurde festgestellt, dass in der Tiefgarage mehrere Fahrzeuge brennen und durch den Brandrauch das dar\u00fcberliegende Geb\u00e4ude gef\u00e4hrdet wird. Daraufhin wurde unmittelbar die Brandbek\u00e4mpfung in der Tiefgarage und die R\u00e4umung des dar\u00fcberliegenden Mehrfamilienhauses eingeleitet.<\/p>\n<p>Die betroffenen Hausbewohner wurden zun\u00e4chst vor dem Geb\u00e4ude durch Rettungsdienstkr\u00e4fte gesammelt und anschlie\u00dfend in ein benachbarten Gemeinderaum einer Kirchgemeine gebracht. Insgesamt 44 Personen wurden durch den Leitenden Notarzt medizinisch gesichtet. Gl\u00fccklicherweise kam es zu keinen Verletzten. Die urspr\u00fcnglich in gro\u00dfer Zahl alarmierten Kr\u00e4fte des Rettungsdienstes aus Bonn und dem angrenzenden Rhein-Sieg-Kreis waren vor Ort nicht erforderlich.<\/p>\n<p>Die Brandbek\u00e4mpfung in der Tiefgarage zeigte schnell Wirkung. Gleichzeitig mussten mit umfangreichen L\u00fcftungsma\u00dfnahmen die Treppenr\u00e4ume des Geb\u00e4udes vor eintretendem Rauch gesch\u00fctzt werden und die Tiefgarage vom Rauch befreit werden. Hierzu kam auch das L\u00f6schunterst\u00fctzungsfahrzeug, ein mobiler Gro\u00dfl\u00fcfter, zum Einsatz.<br \/>\nAlle Wohnungen des dar\u00fcberliegenden Geb\u00e4udes wurden durch die Feuerwehr kontrolliert. Das Geb\u00e4ude bleibt bewohnbar, sodass alle Bewohner nach Abschluss der L\u00fcftungsma\u00dfnahmen wieder in ihre Wohnungen zur\u00fcck konnten. Nach rund drei Stunden konnte der Einsatz der Feuerwehr beendet werden. Weitere Untersuchungen zur Brandursache \u00fcbernimmt die Polizei.<\/p>\n<p>Im Einsatz waren der F\u00fchrungsdienst sowie Einsatzkr\u00e4fte der Feuer- und Rettungswachen 1 in Bonn-Nordstadt und 2 in Beuel sowie die L\u00f6scheinheiten Duisdorf, Lengsdorf, Endenich, R\u00f6ttgen und Lannesdorf der Freiwilligen Feuerwehr. F\u00fcr die Dauer des Einsatzes waren die Feuerwachen durch die L\u00f6scheinheiten Mitte, Rheindorf, Holzlar und Holtorf der Freiwilligen Feuerwehr besetzt.<\/p>\n<p class=\"contact-headline\">R\u00fcckfragen bitte an:<\/p>\n<p class=\"contact-text\">Feuerwehr und Rettungsdienst Bonn<br \/>F\u00fchrungsdienst \/ Pressestelle<br \/>Dennis Zimmermann, David Bormann<br \/>Telefon: 0228 717-0<br \/><a target=\"_blank\" class=\"uri-ext outbound\" rel=\"noopener nofollow\" href=\"https:\/\/www.bonn.de\/feuerwehr\">www.bonn.de\/feuerwehr<\/a><\/p>\n<p class=\"originator\">Original-Content von: Feuerwehr und Rettungsdienst Bonn, \u00fcbermittelt durch news aktuell<\/p>\n","protected":false},"excerpt":{"rendered":"15.07.2025 \u2013 05:58 Feuerwehr und Rettungsdienst Bonn Bonn (ots) Um kurz nach zwei Uhr wurde in der Newtonstra\u00dfe&hellip;\n","protected":false},"author":2,"featured_media":269226,"comment_status":"","ping_status":"","sticky":false,"template":"","format":"standard","meta":{"footnotes":""},"categories":[1842],"tags":[1741,2919,3364,29,985,30,1209,176,178,180,179,181],"class_list":{"0":"post-269225","1":"post","2":"type-post","3":"status-publish","4":"format-standard","5":"has-post-thumbnail","7":"category-bonn","8":"tag-bonn","9":"tag-brand","10":"tag-de","11":"tag-deutschland","12":"tag-feuerwehr","13":"tag-germany","14":"tag-nordrhein-westfalen","15":"tag-nrw","16":"tag-presse","17":"tag-pressemeldung","18":"tag-pressemitteilung","19":"tag-pressemitteilungen"},"share_on_mastodon":{"url":"https:\/\/pubeurope.com\/@de\/114855432877574416","error":""},"_links":{"self":[{"href":"https:\/\/www.europesays.com\/de\/wp-json\/wp\/v2\/posts\/269225","targetHints":{"allow":["GET"]}}],"collection":[{"href":"https:\/\/www.europesays.com\/de\/wp-json\/wp\/v2\/posts"}],"about":[{"href":"https:\/\/www.europesays.com\/de\/wp-json\/wp\/v2\/types\/post"}],"author":[{"embeddable":true,"href":"https:\/\/www.europesays.com\/de\/wp-json\/wp\/v2\/users\/2"}],"replies":[{"embeddable":true,"href":"https:\/\/www.europesays.com\/de\/wp-json\/wp\/v2\/comments?post=269225"}],"version-history":[{"count":0,"href":"https:\/\/www.europesays.com\/de\/wp-json\/wp\/v2\/posts\/269225\/revisions"}],"wp:featuredmedia":[{"embeddable":true,"href":"https:\/\/www.europesays.com\/de\/wp-json\/wp\/v2\/media\/269226"}],"wp:attachment":[{"href":"https:\/\/www.europesays.com\/de\/wp-json\/wp\/v2\/media?parent=269225"}],"wp:term":[{"taxonomy":"category","embeddable":true,"href":"https:\/\/www.europesays.com\/de\/wp-json\/wp\/v2\/categories?post=269225"},{"taxonomy":"post_tag","embeddable":true,"href":"https:\/\/www.europesays.com\/de\/wp-json\/wp\/v2\/tags?post=269225"}],"curies":[{"name":"wp","href":"https:\/\/api.w.org\/{rel}","templated":true}]}}