{"id":269311,"date":"2025-07-15T05:37:11","date_gmt":"2025-07-15T05:37:11","guid":{"rendered":"https:\/\/www.europesays.com\/de\/269311\/"},"modified":"2025-07-15T05:37:11","modified_gmt":"2025-07-15T05:37:11","slug":"willi-wichtig-in-aachen-zwischen-plaenen-und-der-couch-2","status":"publish","type":"post","link":"https:\/\/www.europesays.com\/de\/269311\/","title":{"rendered":"Willi Wichtig in Aachen: Zwischen Pl\u00e4nen und der Couch"},"content":{"rendered":"<p class=\"Paragraph_root__l8IyX Paragraph_default-lg-default__ml_77 articleParagraph paragraph_dropcap__P25Rr\">Sind Sie noch da? Das ist toll! Aber vielleicht auch schon auf dem Sprung in den Sommerurlaub? Noch besser! Willi nutzt heute gern nochmal die Gelegenheit, sich als neunmalkluger Alltagshelfer in gar nicht so allt\u00e4glichen Ferienzeiten zu Wort zu melden. Zumal just das heutige Datum zum \u201eInternationalen Tag des Teilens\u201c auserkoren wurde. Sollten Sie also die Koffer schon gepackt haben, vergessen Sie blo\u00df nicht Ihr Handy (m\u00f6glichst inklusive Ladekabel!), damit Sie sich &#8211; nat\u00fcrlich per aachener-zeitung.de \u2013 auch an fernen Gestaden jederzeit \u00fcber brandaktuelle Geschichten aus os Oche auf dem Laufenden halten k\u00f6nnen. Hilft auch gegen Heimweh! Und sollten Sie noch zu den gl\u00fccklichen Besitzern eines waschechten Abos f\u00fcr die gedruckte Zeitung geh\u00f6ren: Denken Sie dran, die Zustellung kurzzeitig zu unterbrechen (\u00fcber kundenservice@aachener-zeitung.de klappt das ja fast in Sekundenschnelle). Apropos teilen: Ist nat\u00fcrlich kein Problem, die gute alte Print-Ausgabe auf waschechtem Papier zwischenzeitlich einer karitativen Einrichtung Ihrer Wahl oder auch einem lieben Bekannten oder Verwandten zukommen zu lassen. Sowas nennt man dann wohl eine \u201eWin-win-Situation\u201c. In diesem Sinne: sch\u00f6nen Urlaub! Tsch\u00f6 wa!<\/p>\n","protected":false},"excerpt":{"rendered":"Sind Sie noch da? Das ist toll! Aber vielleicht auch schon auf dem Sprung in den Sommerurlaub? Noch&hellip;\n","protected":false},"author":2,"featured_media":43478,"comment_status":"","ping_status":"","sticky":false,"template":"","format":"standard","meta":{"footnotes":""},"categories":[1853],"tags":[1424,3364,29,548,663,3934,30,13,14,15,1209,12],"class_list":{"0":"post-269311","1":"post","2":"type-post","3":"status-publish","4":"format-standard","5":"has-post-thumbnail","7":"category-aachen","8":"tag-aachen","9":"tag-de","10":"tag-deutschland","11":"tag-eu","12":"tag-europa","13":"tag-europe","14":"tag-germany","15":"tag-headlines","16":"tag-nachrichten","17":"tag-news","18":"tag-nordrhein-westfalen","19":"tag-schlagzeilen"},"share_on_mastodon":{"url":"https:\/\/pubeurope.com\/@de\/114855637367850044","error":""},"_links":{"self":[{"href":"https:\/\/www.europesays.com\/de\/wp-json\/wp\/v2\/posts\/269311","targetHints":{"allow":["GET"]}}],"collection":[{"href":"https:\/\/www.europesays.com\/de\/wp-json\/wp\/v2\/posts"}],"about":[{"href":"https:\/\/www.europesays.com\/de\/wp-json\/wp\/v2\/types\/post"}],"author":[{"embeddable":true,"href":"https:\/\/www.europesays.com\/de\/wp-json\/wp\/v2\/users\/2"}],"replies":[{"embeddable":true,"href":"https:\/\/www.europesays.com\/de\/wp-json\/wp\/v2\/comments?post=269311"}],"version-history":[{"count":0,"href":"https:\/\/www.europesays.com\/de\/wp-json\/wp\/v2\/posts\/269311\/revisions"}],"wp:featuredmedia":[{"embeddable":true,"href":"https:\/\/www.europesays.com\/de\/wp-json\/wp\/v2\/media\/43478"}],"wp:attachment":[{"href":"https:\/\/www.europesays.com\/de\/wp-json\/wp\/v2\/media?parent=269311"}],"wp:term":[{"taxonomy":"category","embeddable":true,"href":"https:\/\/www.europesays.com\/de\/wp-json\/wp\/v2\/categories?post=269311"},{"taxonomy":"post_tag","embeddable":true,"href":"https:\/\/www.europesays.com\/de\/wp-json\/wp\/v2\/tags?post=269311"}],"curies":[{"name":"wp","href":"https:\/\/api.w.org\/{rel}","templated":true}]}}