{"id":269319,"date":"2025-07-15T05:42:16","date_gmt":"2025-07-15T05:42:16","guid":{"rendered":"https:\/\/www.europesays.com\/de\/269319\/"},"modified":"2025-07-15T05:42:16","modified_gmt":"2025-07-15T05:42:16","slug":"stadt-will-in-sicherheit-investieren-und-fahrzeugsperren-kaufen","status":"publish","type":"post","link":"https:\/\/www.europesays.com\/de\/269319\/","title":{"rendered":"Stadt will in Sicherheit investieren und Fahrzeugsperren kaufen"},"content":{"rendered":"<p>    <a href=\"https:\/\/www.hertener-allgemeine.de\/wp-content\/uploads\/2025\/07\/14\/14\/630_0900_4875106_630_0008_23933011_IMG_1805-1648x824.jpg\" target=\"_blank\" rel=\"noopener\"><\/p>\n<p>            <img loading=\"lazy\" decoding=\"async\" src=\"https:\/\/www.europesays.com\/de\/wp-content\/uploads\/2025\/07\/630_0900_4875105_630_0008_23933011_IMG_1805-640x428.jpg\" width=\"640\" height=\"428\"  alt=\"Detailaufnahme einer Lkw-Sperre.\"\/><\/p>\n<p>    <\/a><br \/>\n    Mobile Fahrzeugsperren wie diese werden eingesetzt, um Menschen bei Veranstaltungen zu sch\u00fctzen. (Symbolbild) \u00a9 Tewe Schefer <\/p>\n<p class=\"article__teaser-text\">Die Themen des Tages: Stadt Herten will Fahrzeug-Sperren kaufen. K\u00e4mmerer tritt Kredite an NRW-Bank ab. Fachgesch\u00e4ft feiert 40-j\u00e4hriges Bestehen.<\/p>\n<p>2 Min Lesezeit<\/p>\n<p>\u2013 Sei es der Hertener Blumenmarkt oder das Westerholter Sommerfest: Die Stadt will (und muss) <strong>Stadtfeste<\/strong> <a target=\"_blank\" href=\"https:\/\/www.hertener-allgemeine.de\/herten\/um-stadtfeste-vor-attacken-mit-lkw-zu-schuetzen-stadt-herten-will-211-anti-terror-sperren-kaufen-w1053996-8001033992\/\" data-imported=\"1\" rel=\"noopener\">gegen m\u00f6gliche Terror-Attacken mit Fahrzeugen sch\u00fctzen.<\/a> (HA+)<\/p>\n<p>\u2013 Nachdem der NRW-Landtag nun die Teil-\u00dcbernahme kommunaler <strong>Altschulden<\/strong> beschlossen hat, stehen <a href=\"https:\/\/www.hertener-allgemeine.de\/herten\/banktermin-fuer-hertens-kaemmerer-dr-oliver-lind-wie-werde-ich-kredite-ueber-166-millionen-euro-los-w1053994-8001033066\/\" data-imported=\"1\" title=\"Banktermin f\u00fcr K\u00e4mmerer Dr. Oliver Lind: Wie werde ich Kredite \u00fcber 166 Millionen Euro los?\" target=\"_blank\" rel=\"noopener\">f\u00fcr Hertens K\u00e4mmerer Oliver Lind angenehme Banktermine an<\/a>. (HA+)<\/p>\n<p>\u2013 Ein Gesch\u00e4ft mit Geschichte feiert das 40-j\u00e4hrige Bestehen. Als <strong>Optik Breiderhoff<\/strong> 1985 in Herten er\u00f6ffnete, <a target=\"_blank\" href=\"https:\/\/www.hertener-allgemeine.de\/herten\/herten-innenstadt-geschaeft-optik-breiderhoff-40-jahre-herten-mitte-hermannstrasse-w1052645-8001030835\/\" data-imported=\"1\" rel=\"noopener\">war nebenan noch ein Besuch im Hallenbad m\u00f6glich<\/a>. (HA+)<\/p>\n<p>\u2013 Welche Parteien werden am 14. September in Herten auf den Wahlzetteln stehen und welche B\u00fcrgermeister-Kandidaten? Der <strong>Wahlausschuss<\/strong> <a href=\"https:\/\/www.hertener-allgemeine.de\/herten\/kommunalwahl-2025-in-herten-wahlausschuss-entscheidet-wer-darf-antreten-und-wer-nicht-w1054777-8001033851\/\" data-imported=\"1\" title=\"Kommunalwahl 2025 in Herten: Wahlausschuss entscheidet: Wer darf antreten \u2013 und wer nicht?\" target=\"_blank\" rel=\"noopener\">hat dar\u00fcber nun das letzte Wort.<\/a> (HA+)<\/p>\n<p>\u2013 In der <strong>Wahlarena<\/strong> der Hertener Allgemeinen stellen sich wieder Kandidatinnen und Kandidaten vor Publikum Fragen <a href=\"https:\/\/www.hertener-allgemeine.de\/herten\/herten-wahlarena-wahl-kommunalwahl-buergermeister-medienhaus-bauer-w1053780-8001031685\/\" data-imported=\"1\" title=\"Wahlarena zur Kommunalwahl 2025 in Herten: Schlagabtausch vor Live-Publikum\" target=\"_blank\" rel=\"noopener\">zu spannenden Themen in unserer Stadt.<\/a><\/p>\n<p>\u2013 In der Hertener Fu\u00dfg\u00e4ngerzone haben die Antonius- und Ewaldstra\u00dfe binnen eines halben Jahres <strong>drei Gesch\u00e4fte verloren<\/strong> \u2013 <a href=\"https:\/\/www.hertener-allgemeine.de\/herten\/herten-innenstadt-fussgaengerzone-umzug-leerstand-hertener-hoefe-einkaufen-w1053683-8001033382\/\" data-imported=\"1\" title=\"Wir sind umgezogen: Zwei Stra\u00dfen sind Verlierer des Standortwechselns in Hertens Innenstadt\" target=\"_blank\" rel=\"noopener\">ohne, dass neue hinzugekommen sind<\/a>. (HA+)<\/p>\n<p>\u2013 Die Kunstrasenanlage des <strong>SuS Bertlich<\/strong> ist so gut wie fertig, etwas Geduld m\u00fcssen die Hertener Fu\u00dfballer aber noch mitbringen, <a target=\"_blank\" href=\"https:\/\/www.hertener-allgemeine.de\/sport-herten\/neue-kunstrasenanlage-in-bertlich-fast-fertig-zwei-kleinigkeiten-sind-noch-offen-w1054837-8001033924\/\" data-imported=\"1\" rel=\"noopener\">bis sie das Gr\u00fcn betreten d\u00fcrfen.<\/a> (HA+)<\/p>\n<p>\u2013 Um den Neubau der <strong>Rosa-Parks-Schule<\/strong> in Herten gibt es derzeit gro\u00dfe Diskussionen. Jetzt kommt aber ein weiteres Gespr\u00e4chsthema hinzu: <a href=\"https:\/\/www.hertener-allgemeine.de\/herten\/polizei-herten-einbruch-taeter-dringen-in-rosa-parks-schule-ein-bargeld-erbeutet-fahndung-laeuft-w1054902-8001033985\/\" data-imported=\"1\" title=\"N\u00e4chster Einbruch in Herten: T\u00e4ter dringen in Rosa-Parks-Schule ein \u2013 Polizeifahndung l\u00e4uft\" target=\"_blank\" rel=\"noopener\">Es gab einen Einbruch.<\/a><\/p>\n<p>\u2013 Nach einem Flaschenwurf ist eine Scheibe in einem Linienbus der Vestischen zu Bruch gegangen. Durch die Glassplitter wurde <strong>ein Hertener verletzt<\/strong>. <a href=\"https:\/\/www.hertener-allgemeine.de\/herten\/polizei-herten-gelsenkirchen-buer-flaschenwurf-bus-fahrgast-durch-glassplitter-verletzt-fahndung-w1054692-8001033409\/\" data-imported=\"1\" title=\"Unbekannter wirft Flasche auf fahrenden Bus: Fahrgast aus Herten durch Glassplitter verletzt\" target=\"_blank\" rel=\"noopener\">Die Polizei ermittelt.<\/a><\/p>\n<p><strong>Achtung, Blitzer:<\/strong> Der st\u00e4dtische Panzerblitzer kontrolliert das Tempo von Autofahrern an der Schl\u00e4gel-und-Eisen-Stra\u00dfe \u2013 voraussichtlich noch bis zum heutigen Dienstag (15.7.). Das andere Messger\u00e4t wird nach wie vor repariert. Mit Kameras best\u00fcckt sind auch die station\u00e4ren Radars\u00e4ulen der Stadt an der Hertener Stra\u00dfe und an der Ewaldstra\u00dfe (2).<\/p>\n<p><strong>Wie die aktuelle Verkehrslage in und um Herten ist, sehen Sie auf dieser interaktiven Karte:<\/strong><\/p><\/p>\n","protected":false},"excerpt":{"rendered":"Mobile Fahrzeugsperren wie diese werden eingesetzt, um Menschen bei Veranstaltungen zu sch\u00fctzen. (Symbolbild) \u00a9 Tewe Schefer Die Themen&hellip;\n","protected":false},"author":2,"featured_media":269320,"comment_status":"","ping_status":"","sticky":false,"template":"","format":"standard","meta":{"footnotes":""},"categories":[1848],"tags":[3364,29,548,663,3934,3658,30,13,14,15,1209,32663,12,6185],"class_list":{"0":"post-269319","1":"post","2":"type-post","3":"status-publish","4":"format-standard","5":"has-post-thumbnail","7":"category-gelsenkirchen","8":"tag-de","9":"tag-deutschland","10":"tag-eu","11":"tag-europa","12":"tag-europe","13":"tag-gelsenkirchen","14":"tag-germany","15":"tag-headlines","16":"tag-nachrichten","17":"tag-news","18":"tag-nordrhein-westfalen","19":"tag-rathaus-herten","20":"tag-schlagzeilen","21":"tag-veranstaltungen-kultur"},"share_on_mastodon":{"url":"https:\/\/pubeurope.com\/@de\/114855657052610869","error":""},"_links":{"self":[{"href":"https:\/\/www.europesays.com\/de\/wp-json\/wp\/v2\/posts\/269319","targetHints":{"allow":["GET"]}}],"collection":[{"href":"https:\/\/www.europesays.com\/de\/wp-json\/wp\/v2\/posts"}],"about":[{"href":"https:\/\/www.europesays.com\/de\/wp-json\/wp\/v2\/types\/post"}],"author":[{"embeddable":true,"href":"https:\/\/www.europesays.com\/de\/wp-json\/wp\/v2\/users\/2"}],"replies":[{"embeddable":true,"href":"https:\/\/www.europesays.com\/de\/wp-json\/wp\/v2\/comments?post=269319"}],"version-history":[{"count":0,"href":"https:\/\/www.europesays.com\/de\/wp-json\/wp\/v2\/posts\/269319\/revisions"}],"wp:featuredmedia":[{"embeddable":true,"href":"https:\/\/www.europesays.com\/de\/wp-json\/wp\/v2\/media\/269320"}],"wp:attachment":[{"href":"https:\/\/www.europesays.com\/de\/wp-json\/wp\/v2\/media?parent=269319"}],"wp:term":[{"taxonomy":"category","embeddable":true,"href":"https:\/\/www.europesays.com\/de\/wp-json\/wp\/v2\/categories?post=269319"},{"taxonomy":"post_tag","embeddable":true,"href":"https:\/\/www.europesays.com\/de\/wp-json\/wp\/v2\/tags?post=269319"}],"curies":[{"name":"wp","href":"https:\/\/api.w.org\/{rel}","templated":true}]}}