{"id":269321,"date":"2025-07-15T05:43:23","date_gmt":"2025-07-15T05:43:23","guid":{"rendered":"https:\/\/www.europesays.com\/de\/269321\/"},"modified":"2025-07-15T05:43:23","modified_gmt":"2025-07-15T05:43:23","slug":"spektakulaere-rettungsaktion-an-theodor-heuss-bruecke","status":"publish","type":"post","link":"https:\/\/www.europesays.com\/de\/269321\/","title":{"rendered":"Spektakul\u00e4re Rettungsaktion an Theodor-Heuss-Br\u00fccke"},"content":{"rendered":"<p>Zwei Mitarbeiter einer Wartungsfirma sind am Montagnachmittag unter der Theodor-Heuss-Br\u00fccke zwischen Mainz und Wiesbaden in einer Arbeitsgondel steckengeblieben. Das Arbeitsger\u00e4t, ein Lkw mit Gondel, fiel gegen 16 Uhr aus und bewegte sich nicht mehr.<\/p>\n<p>Die Berufsfeuerwehr Wiesbaden war als Erste vor Ort und brachte H\u00f6henretter sowie ein Feuerwehrboot zum Einsatz. Da sich die Einsatzstelle auf der Mainzer Seite der Br\u00fccke befand, unterst\u00fctzte die Feuerwehr Mainz die Rettung mit der Einsatzleitung und einer Drehleiter.<\/p>\n<p>W\u00e4hrend die Feuerwehr die Rettung mit H\u00f6henrettern vorbereitete, gelang es, das Arbeitsger\u00e4t mithilfe einer Seilwinde in eine andere Position zu bringen und neu zu starten. Schlie\u00dflich konnte die Gondel aus eigener Kraft wieder auf die Br\u00fccke fahren. Beide Arbeiter kamen unverletzt auf festen Boden zur\u00fcck \u2013 ein Einsatz der H\u00f6henretter war nicht mehr n\u00f6tig.<\/p>\n<p>F\u00fcr die Dauer der Rettungsarbeiten sperrten die Einsatzkr\u00e4fte die beiden Fahrspuren der Br\u00fccke in Richtung Wiesbaden. In beide Fahrtrichtungen kam es bis etwa 17 Uhr zu erheblichen Verkehrsbehinderungen. Warum das Arbeitsger\u00e4t ausfiel, pr\u00fcft nun eine Fachfirma.<\/p>\n<p>Im Einsatz waren etwa 20 Feuerwehrleute aus Mainz und Wiesbaden mit sechs Fahrzeugen und einem Boot. Zwei Rettungswagen und ein Notarzt standen w\u00e4hrend des Einsatzes bereit.<\/p>\n","protected":false},"excerpt":{"rendered":"Zwei Mitarbeiter einer Wartungsfirma sind am Montagnachmittag unter der Theodor-Heuss-Br\u00fccke zwischen Mainz und Wiesbaden in einer Arbeitsgondel steckengeblieben.&hellip;\n","protected":false},"author":2,"featured_media":269322,"comment_status":"","ping_status":"","sticky":false,"template":"","format":"standard","meta":{"footnotes":""},"categories":[1847],"tags":[3364,29,548,663,3934,30,13,2052,14,15,12,4544],"class_list":{"0":"post-269321","1":"post","2":"type-post","3":"status-publish","4":"format-standard","5":"has-post-thumbnail","7":"category-wiesbaden","8":"tag-de","9":"tag-deutschland","10":"tag-eu","11":"tag-europa","12":"tag-europe","13":"tag-germany","14":"tag-headlines","15":"tag-hessen","16":"tag-nachrichten","17":"tag-news","18":"tag-schlagzeilen","19":"tag-wiesbaden"},"share_on_mastodon":{"url":"https:\/\/pubeurope.com\/@de\/114855660998479664","error":""},"_links":{"self":[{"href":"https:\/\/www.europesays.com\/de\/wp-json\/wp\/v2\/posts\/269321","targetHints":{"allow":["GET"]}}],"collection":[{"href":"https:\/\/www.europesays.com\/de\/wp-json\/wp\/v2\/posts"}],"about":[{"href":"https:\/\/www.europesays.com\/de\/wp-json\/wp\/v2\/types\/post"}],"author":[{"embeddable":true,"href":"https:\/\/www.europesays.com\/de\/wp-json\/wp\/v2\/users\/2"}],"replies":[{"embeddable":true,"href":"https:\/\/www.europesays.com\/de\/wp-json\/wp\/v2\/comments?post=269321"}],"version-history":[{"count":0,"href":"https:\/\/www.europesays.com\/de\/wp-json\/wp\/v2\/posts\/269321\/revisions"}],"wp:featuredmedia":[{"embeddable":true,"href":"https:\/\/www.europesays.com\/de\/wp-json\/wp\/v2\/media\/269322"}],"wp:attachment":[{"href":"https:\/\/www.europesays.com\/de\/wp-json\/wp\/v2\/media?parent=269321"}],"wp:term":[{"taxonomy":"category","embeddable":true,"href":"https:\/\/www.europesays.com\/de\/wp-json\/wp\/v2\/categories?post=269321"},{"taxonomy":"post_tag","embeddable":true,"href":"https:\/\/www.europesays.com\/de\/wp-json\/wp\/v2\/tags?post=269321"}],"curies":[{"name":"wp","href":"https:\/\/api.w.org\/{rel}","templated":true}]}}