{"id":269323,"date":"2025-07-15T05:44:13","date_gmt":"2025-07-15T05:44:13","guid":{"rendered":"https:\/\/www.europesays.com\/de\/269323\/"},"modified":"2025-07-15T05:44:13","modified_gmt":"2025-07-15T05:44:13","slug":"hza-a-grenzueberschreitende-bekaempfung-von-schwarzarbeit","status":"publish","type":"post","link":"https:\/\/www.europesays.com\/de\/269323\/","title":{"rendered":"HZA-A: Grenz\u00fcberschreitende Bek\u00e4mpfung von Schwarzarbeit"},"content":{"rendered":"<p class=\"date\">15.07.2025 \u2013 07:23<\/p>\n<p class=\"customer\">\n                        <a class=\"story-customer\" title=\"weiter zum newsroom von Hauptzollamt Augsburg\" href=\"https:\/\/www.presseportal.de\/blaulicht\/nr\/121240\" target=\"_blank\" rel=\"noopener\">Hauptzollamt Augsburg<\/a>\n                    <\/p>\n<p><a class=\"glightbox event-trigger\" href=\"https:\/\/cache.pressmailing.net\/thumbnail\/story_hires\/a22c526d-f9a1-4eba-a05b-97b4e98e36a0\/Fahrzeugeder%C3%B6sterrei~enFinanzpolizei.jpg.jpg\" data-description=\"Hauptzollamt Augsburg - Fahrzeuge der \u00f6sterreichischen Finanzpolizei\" data-category=\"medialightbox\" data-action=\"click\" data-label=\"single\" data-value=\"6875e5e1270000fd2cf611a5\" target=\"_blank\" rel=\"noopener\"><img decoding=\"async\" height=\"540\" with=\"720\" src=\"https:\/\/www.europesays.com\/de\/wp-content\/uploads\/2025\/07\/hza-a-grenz-berschreitende-bek-mpfung-von-schwarzarbeit.jpeg\"   alt=\"HZA-A: Grenz\u00fcberschreitende Bek\u00e4mpfung von Schwarzarbeit\" class=\"single\"\/><\/a><\/p>\n<p class=\"story-download-headline\">Ein Dokument<\/p>\n<ul class=\"story-download-list\">\n<li class=\"story-download-list-item\"><a href=\"https:\/\/www.presseportal.de\/download\/document\/6875e5e2270000fd2cf611b7-pm-22-25-begleitungder-sterreichischenfinanzpolizei.pdf\" target=\"_blank\" rel=\"noopener\">PM_22_25_Begleitungder\u00f6sterreichischenFinanzpolizei.pdf<br \/>PDF &#8211; 334 kB<\/a><\/li>\n<\/ul>\n<p><a data-category=\"citylink-story-view\" data-action=\"click\" data-label=\"Citylink in Meldungsansicht\" class=\"story-city event-trigger\" href=\"https:\/\/www.presseportal.de\/regional\/Augsburg%252FSchwaben\" title=\"News aus Augsburg\/Schwaben \" target=\"_blank\" rel=\"noopener\">Augsburg\/Schwaben<\/a> (ots)<\/p>\n<p>Zwei Kollegen der Finanzkontrolle Schwarzarbeit (FKS) des Hauptzollamts Augsburg begleiteten k\u00fcrzlich die \u00f6sterreichische Finanzpolizei bei einer Schwerpunktpr\u00fcfung gegen Schwarzarbeit und illegale Besch\u00e4ftigung in der Baubranche.<\/p>\n<p>\u00dcberpr\u00fcft wurde eine Baustelle im \u00f6sterreichischen Feldkirch. Hier wurde unter anderem kontrolliert, ob Arbeitgeber ihre Besch\u00e4ftigten ordnungsgem\u00e4\u00df zur Sozialversicherung angemeldet haben. Weiteres Augenmerk lag auf der \u00dcberpr\u00fcfung, ob alle Besch\u00e4ftigten zur Aus\u00fcbung einer Erwerbst\u00e4tigkeit berechtigt waren.<br \/>\nDie Kollegen der FKS Augsburg waren an zwei Tagen vor Ort.<br \/>\nDie Kontrolle wurde im Rahmen der durch die Europ\u00e4ische Arbeitsbeh\u00f6rde (ELA) initiierten &#8222;Week of action &#8211; Construction&#8220; durchgef\u00fchrt. Neben dem Hauptzollamt Augsburg waren auch das Hauptzollamt Ulm sowie Vertreter der \u00f6sterreichischen ELA vor Ort.<\/p>\n<p>Weitere Informationen zu den Aufgaben des Zolls finden Sie unter <a target=\"_blank\" class=\"uri-ext outbound\" rel=\"noopener\" href=\"https:\/\/www.zoll.de\">www.zoll.de<\/a>.<br \/>\nDer Zoll bildet aus: <a target=\"_blank\" class=\"uri-ext outbound\" rel=\"noopener\" href=\"https:\/\/www.zoll-karriere\">www.zoll-karriere<\/a><\/p>\n<p class=\"contact-headline\">R\u00fcckfragen bitte an:<\/p>\n<p class=\"contact-text\">Hauptzollamt Augsburg<br \/>Tim Hagenbusch<br \/>Telefon: 0821 5012 161<br \/>E-Mail: <a href=\"https:\/\/www.presseportal.de\/blaulicht\/pm\/121240\/mailto: presse.hza-augsburg@zoll.bund.de\" class=\"uri-mailto\" target=\"_blank\" rel=\"noopener\"> presse.hza-augsburg@zoll.bund.de<\/a><br \/><a target=\"_blank\" class=\"uri-ext outbound\" rel=\"noopener\" href=\"https:\/\/www.zoll.de\">www.zoll.de<\/a><\/p>\n<p class=\"originator\">Original-Content von: Hauptzollamt Augsburg, \u00fcbermittelt durch news aktuell<\/p>\n","protected":false},"excerpt":{"rendered":"15.07.2025 \u2013 07:23 Hauptzollamt Augsburg Ein Dokument PM_22_25_Begleitungder\u00f6sterreichischenFinanzpolizei.pdfPDF &#8211; 334 kB Augsburg\/Schwaben (ots) Zwei Kollegen der Finanzkontrolle Schwarzarbeit&hellip;\n","protected":false},"author":2,"featured_media":269324,"comment_status":"","ping_status":"","sticky":false,"template":"","format":"standard","meta":{"footnotes":""},"categories":[1846],"tags":[680,772,2918,3364,29,548,663,3934,30,13,14,15,178,180,179,181,12,5719,2149,615],"class_list":{"0":"post-269323","1":"post","2":"type-post","3":"status-publish","4":"format-standard","5":"has-post-thumbnail","7":"category-augsburg","8":"tag-augsburg","9":"tag-bayern","10":"tag-by","11":"tag-de","12":"tag-deutschland","13":"tag-eu","14":"tag-europa","15":"tag-europe","16":"tag-germany","17":"tag-headlines","18":"tag-nachrichten","19":"tag-news","20":"tag-presse","21":"tag-pressemeldung","22":"tag-pressemitteilung","23":"tag-pressemitteilungen","24":"tag-schlagzeilen","25":"tag-schwarzarbeit","26":"tag-steuern","27":"tag-zoll"},"share_on_mastodon":{"url":"https:\/\/pubeurope.com\/@de\/114855665093380137","error":""},"_links":{"self":[{"href":"https:\/\/www.europesays.com\/de\/wp-json\/wp\/v2\/posts\/269323","targetHints":{"allow":["GET"]}}],"collection":[{"href":"https:\/\/www.europesays.com\/de\/wp-json\/wp\/v2\/posts"}],"about":[{"href":"https:\/\/www.europesays.com\/de\/wp-json\/wp\/v2\/types\/post"}],"author":[{"embeddable":true,"href":"https:\/\/www.europesays.com\/de\/wp-json\/wp\/v2\/users\/2"}],"replies":[{"embeddable":true,"href":"https:\/\/www.europesays.com\/de\/wp-json\/wp\/v2\/comments?post=269323"}],"version-history":[{"count":0,"href":"https:\/\/www.europesays.com\/de\/wp-json\/wp\/v2\/posts\/269323\/revisions"}],"wp:featuredmedia":[{"embeddable":true,"href":"https:\/\/www.europesays.com\/de\/wp-json\/wp\/v2\/media\/269324"}],"wp:attachment":[{"href":"https:\/\/www.europesays.com\/de\/wp-json\/wp\/v2\/media?parent=269323"}],"wp:term":[{"taxonomy":"category","embeddable":true,"href":"https:\/\/www.europesays.com\/de\/wp-json\/wp\/v2\/categories?post=269323"},{"taxonomy":"post_tag","embeddable":true,"href":"https:\/\/www.europesays.com\/de\/wp-json\/wp\/v2\/tags?post=269323"}],"curies":[{"name":"wp","href":"https:\/\/api.w.org\/{rel}","templated":true}]}}