{"id":269370,"date":"2025-07-15T06:11:17","date_gmt":"2025-07-15T06:11:17","guid":{"rendered":"https:\/\/www.europesays.com\/de\/269370\/"},"modified":"2025-07-15T06:11:17","modified_gmt":"2025-07-15T06:11:17","slug":"strassenbahn-der-vag-faehrt-nach-lkw-unfall-tagelang-nicht","status":"publish","type":"post","link":"https:\/\/www.europesays.com\/de\/269370\/","title":{"rendered":"Stra\u00dfenbahn der VAG f\u00e4hrt nach Lkw-Unfall tagelang nicht"},"content":{"rendered":"<p>Lkw besch\u00e4digt Oberleitung <\/p>\n<p>N\u00fcrnberger Tramlinie kann nach Unfall tagelang nicht fahren<\/p>\n<p>15.07.2025 &#8211; 07:22 UhrLesedauer: 1 Min.<\/p>\n<p><a href=\"#focus-0\" class=\"transition-colors duration-200 focus-within:text-magenta block text-current relative\" data-sctrack=\"FocusGalleryImage.Reference\"><img fetchpriority=\"high\" data-testid=\"Opener.Image\" style=\"--lqipURL:url('https:\/\/images.t-online.de\/2025\/07\/twrgEXw5kuz7\/0x375:4000x2250\/fit-in\/150x0\/filters:blur(25)\/nuernberger-strassenbahn-eine-rote-strassenbahn-mit-schwarzer-und-weisser-grafik-ist-in-einer-nahaufnahme-zu-sehen-die-die-spiegelung-der-gebaeude-in-den-frontfenstern-einfaengt-nuremberg-tram-a-red-tram-with-schwarzer-and-white-graphic-is-in-a-close-up-to-see-the-the-reflection-the-building-in-the-front-windows-captures-1127500664.jpg')\"   loading=\"eager\" src=\"https:\/\/www.europesays.com\/de\/wp-content\/uploads\/2025\/07\/nuernberger-strassenbahn-eine-rote-strassenbahn-mit-schwarzer-und-weisser-grafik-ist-in-einer-nahauf.jpeg\" alt=\"imago images 0819761056\" title=\"imago images 0819761056\" width=\"4000\" height=\"2250\" class=\"bg-[url:var(--lqipURL)] bg-cover bg-center flex h-full w-full max-w-full\" decoding=\"async\"\/><img style=\"--width:32;--height:32\" loading=\"lazy\" src=\"https:\/\/www.t-online.de\/s\/paper\/_next\/static\/media\/zoom-in.f7dae02f.svg\" alt=\"Vergr\u00f6\u00dfern des Bildes\" title=\"Vergr\u00f6\u00dfern des Bildes\" class=\"block h-[calc(var(--height)_\/_16_*_1rem)] w-[calc(var(--width)_\/_16_*_1rem)] max-w-none absolute bottom-8 right-8 rounded-4 bg-snow p-8\" decoding=\"async\"\/><\/a><\/p>\n<p>Eine Stra\u00dfenbahn in N\u00fcrnberg (Symbolbild): Ein Streckenabschnitt ist nach einem Lkw-Unfall gesperrt. (Quelle: IMAGO\/Philipp Walther\/imago)<\/p>\n<p class=\"font-bold text-18 leading-17\">Ein Lkw mit Kranaufleger hat die Oberleitung der Stra\u00dfenbahn im S\u00fcden der Stadt stark besch\u00e4digt. Fahrg\u00e4ste m\u00fcssen auf Busse umsteigen.<\/p>\n<p class=\"text-18 leading-17\">Ein Lkw mit Kranaufleger hat am Montag, 14. Juli 2025, die Oberleitung der Stra\u00dfenbahn in <a class=\"transition-colors duration-200 cursor-pointer text-inherit no-underline text-salemsfur md:hover:text-magenta md:hover:border-magenta md:focus:text-magenta border-current border-b border-solid break-words\" href=\"https:\/\/www.t-online.de\/region\/nuernberg\/\" data-sctrack=\"BodyAnchor\" target=\"_blank\" rel=\"noopener\">N\u00fcrnberg<\/a> im Bereich Trafowerk stark besch\u00e4digt. Nach Angaben der Verkehrs-Aktiengesellschaft (VAG) musste deshalb die Stra\u00dfenbahnlinie 5 zwischen Frankenstra\u00dfe und Worzeldorfer Stra\u00dfe eingestellt werden.<\/p>\n<p class=\"text-18 leading-17\">Die Reparaturarbeiten werden voraussichtlich drei Tage dauern. Fahrg\u00e4ste m\u00fcssen bis einschlie\u00dflich Donnerstag auf alternative Verbindungen ausweichen. Die VAG hat einen Ersatzverkehr mit Bussen zwischen den betroffenen Haltestellen eingerichtet.<\/p>\n<p class=\"text-18 leading-17\">Pendler k\u00f6nnen im betroffenen Abschnitt au\u00dferdem auf die regul\u00e4ren Buslinien 51 (zwischen Frankenstra\u00dfe und Saarbr\u00fcckener Stra\u00dfe), 67 (zwischen Finkenbrunn und Frankenstra\u00dfe) und 68 (zwischen Finkenbrunn und Worzeldorfer Stra\u00dfe) umsteigen. Die Stra\u00dfenbahnlinie 5 verkehrt weiterhin zwischen Tiergarten und Frankenstra\u00dfe.<\/p>\n<p class=\"text-18 leading-17\">Der Kranwagen besch\u00e4digte die Oberleitung nach Angaben der VAG auf einer Gesamtl\u00e4nge von 1.200 Metern \u2013 jeweils 600 Meter in beide Fahrtrichtungen. Neben dem Fahrdraht wurde auch die dar\u00fcberliegende Verspannung abgerissen. Dazu seien weitere Teile besch\u00e4digt worden, so die Verkehrsbetriebe.<\/p>\n<p class=\"text-18 leading-17\">Die Fahrleitungsmeisterei der VAG konnte durch einen Umbau der Stromversorgung bereits sicherstellen, dass die Stra\u00dfenbahnwerkstatt sowie die Abstellhalle in der Heinrich-Alfes-Stra\u00dfe wieder angefahren werden k\u00f6nnen. Beide werden \u00fcblicherweise \u00fcber den besch\u00e4digten Abschnitt angesteuert.<\/p>\n","protected":false},"excerpt":{"rendered":"Lkw besch\u00e4digt Oberleitung N\u00fcrnberger Tramlinie kann nach Unfall tagelang nicht fahren 15.07.2025 &#8211; 07:22 UhrLesedauer: 1 Min. Eine&hellip;\n","protected":false},"author":2,"featured_media":269371,"comment_status":"","ping_status":"","sticky":false,"template":"","format":"standard","meta":{"footnotes":""},"categories":[1837],"tags":[722,17161,772,3364,29,81178,30,3783,2228,4900,56994,1284,11022],"class_list":{"0":"post-269370","1":"post","2":"type-post","3":"status-publish","4":"format-standard","5":"has-post-thumbnail","7":"category-nuernberg","8":"tag-722","9":"tag-17161","10":"tag-bayern","11":"tag-de","12":"tag-deutschland","13":"tag-frankenstrasse","14":"tag-germany","15":"tag-nuernberg","16":"tag-oberleitung","17":"tag-strassenbahn","18":"tag-tramlinie","19":"tag-unfall","20":"tag-vag"},"share_on_mastodon":{"url":"https:\/\/pubeurope.com\/@de\/114855771065964714","error":""},"_links":{"self":[{"href":"https:\/\/www.europesays.com\/de\/wp-json\/wp\/v2\/posts\/269370","targetHints":{"allow":["GET"]}}],"collection":[{"href":"https:\/\/www.europesays.com\/de\/wp-json\/wp\/v2\/posts"}],"about":[{"href":"https:\/\/www.europesays.com\/de\/wp-json\/wp\/v2\/types\/post"}],"author":[{"embeddable":true,"href":"https:\/\/www.europesays.com\/de\/wp-json\/wp\/v2\/users\/2"}],"replies":[{"embeddable":true,"href":"https:\/\/www.europesays.com\/de\/wp-json\/wp\/v2\/comments?post=269370"}],"version-history":[{"count":0,"href":"https:\/\/www.europesays.com\/de\/wp-json\/wp\/v2\/posts\/269370\/revisions"}],"wp:featuredmedia":[{"embeddable":true,"href":"https:\/\/www.europesays.com\/de\/wp-json\/wp\/v2\/media\/269371"}],"wp:attachment":[{"href":"https:\/\/www.europesays.com\/de\/wp-json\/wp\/v2\/media?parent=269370"}],"wp:term":[{"taxonomy":"category","embeddable":true,"href":"https:\/\/www.europesays.com\/de\/wp-json\/wp\/v2\/categories?post=269370"},{"taxonomy":"post_tag","embeddable":true,"href":"https:\/\/www.europesays.com\/de\/wp-json\/wp\/v2\/tags?post=269370"}],"curies":[{"name":"wp","href":"https:\/\/api.w.org\/{rel}","templated":true}]}}