{"id":269414,"date":"2025-07-15T06:36:10","date_gmt":"2025-07-15T06:36:10","guid":{"rendered":"https:\/\/www.europesays.com\/de\/269414\/"},"modified":"2025-07-15T06:36:10","modified_gmt":"2025-07-15T06:36:10","slug":"berlin-brandenburg-avus-gesperrt-wegen-kaputten-gullydeckels","status":"publish","type":"post","link":"https:\/\/www.europesays.com\/de\/269414\/","title":{"rendered":"Berlin &#038; Brandenburg: Avus gesperrt wegen kaputten Gullydeckels"},"content":{"rendered":"<p>                    Berlin &amp; Brandenburg<br \/>\n                Avus gesperrt wegen kaputten Gullydeckels<\/p>\n<p>\t\t\t\t              15.07.2025, 08:11 Uhr<\/p>\n<p><strong>F\u00fcr Pendler und andere Reisende k\u00f6nnte heute ein Gullydeckel zum Problem werden. Reparaturen verursachen derzeit Sperrung und Stau auf der innerst\u00e4dtischen Autobahn A115.<\/strong><\/p>\n<p>Berlin (dpa\/bb) &#8211; Ein kaputter Gullydeckel auf der Avus st\u00f6rt am Dienstagmorgen den Berliner Berufsverkehr. Die Autobahn ist demnach stadteinw\u00e4rts zwischen dem Autobahnkreuz Zehlendorf und der Anschlussstelle Spanische Allee voll gesperrt, wie die Polizei mitteilte.\u00a0<\/p>\n<p>Der Gullydeckel habe in der Nacht Schaden genommen, teilte die Berliner Verkehrsinformationszentrale (VIZ) weiter mit. Die Reparatur dauere den Angaben nach noch einige Stunden an. Derzeit baue sich ein Stau auf.<\/p>\n","protected":false},"excerpt":{"rendered":"Berlin &amp; Brandenburg Avus gesperrt wegen kaputten Gullydeckels 15.07.2025, 08:11 Uhr F\u00fcr Pendler und andere Reisende k\u00f6nnte heute&hellip;\n","protected":false},"author":2,"featured_media":269415,"comment_status":"","ping_status":"","sticky":false,"template":"","format":"standard","meta":{"footnotes":""},"categories":[1816],"tags":[1960,1958,1959,1957,8849,296,1956,1890,29,30,81183],"class_list":{"0":"post-269414","1":"post","2":"type-post","3":"status-publish","4":"format-standard","5":"has-post-thumbnail","7":"category-brandenburg","8":"tag-aktuelle-nachrichten-aus-berlin-und-brandenburg","9":"tag-aktuelle-nachrichten-aus-brandenburg","10":"tag-aktuelle-news-aus-berlin-und-brandenburg","11":"tag-aktuelle-news-aus-brandenburg","12":"tag-avus","13":"tag-berlin","14":"tag-berlin-und-brandenburg","15":"tag-brandenburg","16":"tag-deutschland","17":"tag-germany","18":"tag-gullydeckels"},"share_on_mastodon":{"url":"https:\/\/pubeurope.com\/@de\/114855869391206347","error":""},"_links":{"self":[{"href":"https:\/\/www.europesays.com\/de\/wp-json\/wp\/v2\/posts\/269414","targetHints":{"allow":["GET"]}}],"collection":[{"href":"https:\/\/www.europesays.com\/de\/wp-json\/wp\/v2\/posts"}],"about":[{"href":"https:\/\/www.europesays.com\/de\/wp-json\/wp\/v2\/types\/post"}],"author":[{"embeddable":true,"href":"https:\/\/www.europesays.com\/de\/wp-json\/wp\/v2\/users\/2"}],"replies":[{"embeddable":true,"href":"https:\/\/www.europesays.com\/de\/wp-json\/wp\/v2\/comments?post=269414"}],"version-history":[{"count":0,"href":"https:\/\/www.europesays.com\/de\/wp-json\/wp\/v2\/posts\/269414\/revisions"}],"wp:featuredmedia":[{"embeddable":true,"href":"https:\/\/www.europesays.com\/de\/wp-json\/wp\/v2\/media\/269415"}],"wp:attachment":[{"href":"https:\/\/www.europesays.com\/de\/wp-json\/wp\/v2\/media?parent=269414"}],"wp:term":[{"taxonomy":"category","embeddable":true,"href":"https:\/\/www.europesays.com\/de\/wp-json\/wp\/v2\/categories?post=269414"},{"taxonomy":"post_tag","embeddable":true,"href":"https:\/\/www.europesays.com\/de\/wp-json\/wp\/v2\/tags?post=269414"}],"curies":[{"name":"wp","href":"https:\/\/api.w.org\/{rel}","templated":true}]}}