{"id":269426,"date":"2025-07-16T09:35:11","date_gmt":"2025-07-16T09:35:11","guid":{"rendered":"https:\/\/www.europesays.com\/de\/269426\/"},"modified":"2025-07-16T09:35:11","modified_gmt":"2025-07-16T09:35:11","slug":"jennifer-anistons-neue-liebe-nun-meldet-sich-jim-curtis-zu-wort","status":"publish","type":"post","link":"https:\/\/www.europesays.com\/de\/269426\/","title":{"rendered":"Jennifer Anistons neue Liebe! Nun meldet sich Jim Curtis zu Wort"},"content":{"rendered":"<p>Jennifer Aniston<br \/>\nNach Mallorca-Liebesurlaub \u2013 ihr neuer Partner bricht sein Schweigen<\/p>\n<p><img class=\"image image-element__image\"   src=\"https:\/\/www.europesays.com\/de\/wp-content\/uploads\/2025\/07\/1752658511_516_jennifer-aniston.jpg\" alt=\"Jennifer Aniston\" decoding=\"async\" fetchpriority=\"high\" loading=\"eager\"\/><br \/>\n<a href=\"https:\/\/image.gala.de\/24418714\/t\/IV\/v4\/w2048\/r1.5\/-\/jennifer-aniston.jpg#Gilbert%20Flores%20%2F%20Variety%20%2F%20Getty%20Images\" class=\"image__magnifier\" aria-label=\"Vergr\u00f6\u00dfern\" rel=\"nofollow noopener\" target=\"_blank\"><\/p>\n<p>\u00a9 Gilbert Flores \/ Variety \/ Getty Images<\/p>\n<p>\nEs knistert gewaltig bei Jennifer Aniston! Die Schauspielerin wurde im Urlaub mit einem Mann gesichtet \u2013\u00a0Jim Curtis. Was zun\u00e4chst nur nach einer Turtelei aussah, soll sich zu einer echten Beziehung entwickelt haben, wie Insider zuletzt behaupteten. Nun reagiert ihr Auserw\u00e4hlter h\u00f6chstpers\u00f6nlich. <\/p>\n<p class=\"text-element u-richtext u-typo u-typo--article-text article__text-element text-element--context-article\"> <a class=\"link--person\" data-target-type=\"article\" href=\"https:\/\/www.gala.de\/stars\/starportraets\/jennifer-aniston-20510962.html\" rel=\"nofollow noopener\" target=\"_blank\">Jennifer Aniston<\/a>, 56, soll frisch verliebt sein und zwar in einen Mann namens Jim Curtis. Der Hypnotiseur soll sie in seinen Bann gezogen haben und erstmals meldet er sich selbst inmitten der Spekulationen und Ger\u00fcchte um ihre Liebesbeziehung.\u00a0<\/p>\n<p>Jim Curtis meldet sich nach romantischem Mallorca-Urlaub mit Jennifer Aniston  <\/p>\n<p class=\"text-element u-richtext u-typo u-typo--article-text article__text-element text-element--context-article\"> Bisher haben die &#8222;Friends&#8220;-Darstellerin und der Buchautor ihre Liebe nicht offiziell best\u00e4tigt. Nur Quellen wollen die Liebe best\u00e4tigt haben, doch jetzt reagiert Curtis pers\u00f6nlich, und zwar in seinem Newsletter. Der selbsternannte &#8222;Transformationscoach und Hypnotherapeut&#8220; schickte seinen Fans am Montag laut &#8222;Pagesix&#8220; besondere Worte, die seine Auszeit mit Jennifer Aniston thematisieren. &#8222;Ich bin aus dem <a class=\"taxonomy-entity keyword\" data-target-type=\"article\" href=\"https:\/\/www.gala.de\/stars\/themen\/urlaub-20964026.html\" rel=\"nofollow noopener\" target=\"_blank\">Urlaub<\/a> zur\u00fcck und was war das f\u00fcr ein Erlebnis&#8220;, hei\u00dft es zun\u00e4chst. Dabei geht er nicht ins Detail, mit wem er die Tage genossen hat, aber darauf ein, was die Ferien in ihm ausgel\u00f6st haben: &#8222;Als ich krank, traurig, festgefahren und voller Schmerzen war, h\u00e4tte ich nie gedacht, dass ich einmal so viel Freude und Liebe erleben w\u00fcrde, wie ich sie heute t\u00e4glich erlebe.&#8220;<\/p>\n<p class=\"text-element u-richtext u-typo u-typo--article-text article__text-element text-element--context-article\"> Das Wort &#8222;Liebe&#8220; sticht dabei nat\u00fcrlich besonders hervor. Die Liebe, die ihn umgibt, hat etwas in ihm ver\u00e4ndert \u2013\u00a0ob er damit die beliebte Hollywoodschauspielerin meint? Sicher l\u00e4sst sich das nicht sagen, aber zumindest vermuten. Auch macht er deutlich, dass eben jene Ver\u00e4nderung &#8222;Magie hervorgebracht&#8220; hat. Es sei wahrlich eine &#8222;Lebensver\u00e4nderung&#8220; gewesen. Der Lifecoach scheint bei sich angekommen zu sein und gerade genau das Leben zu f\u00fchren, das er sich schon immer vorgestellt hat.<\/p>\n<p><img class=\"image teaser__image\"   src=\"https:\/\/www.europesays.com\/de\/wp-content\/uploads\/2025\/07\/1752658511_16_jennifer-aniston-neu.jpg\" alt=\"Jennifer Aniston\" decoding=\"async\" fetchpriority=\"auto\" loading=\"lazy\"\/><\/p>\n<p><a href=\"https:\/\/www.gala.de\/stars\/news\/jennifer-aniston--jetzt-ist-es-raus--sie-soll-einen-neuen-partner-haben--24414212.html\" class=\"teaser__link js-embedded-teaser teaser__link--overlay\" rel=\"nofollow noopener\" target=\"_blank\"><br \/>\nJennifer Aniston<br \/>\nJetzt ist es raus! Sie soll einen neuen Partner haben<br \/>\n<\/a> <\/p>\n<p>Mehr als nur eine Romanze auf Mallorca?<\/p>\n<p class=\"text-element u-richtext u-typo u-typo--article-text article__text-element text-element--context-article\"> Zwar schreibt Jim Curtis nicht explizit von der 56-J\u00e4hrigen, aber sein Leben hat sich offenbar seit seinem Urlaub gebessert und genau dort hat er viel Zeit mit ihr verbracht. In den vergangenen Tagen kursierten viele Bilder der beiden im Netz, und eine Quelle \u00e4u\u00dferte gegen\u00fcber &#8222;DailyMail&#8220;: &#8222;Jennifer ist mit Jim zusammen und sehr gl\u00fccklich, aber im Moment l\u00e4sst sie es noch langsam angehen.&#8220; Das scheint ernster zu sein, als zun\u00e4chst angenommen. &#8222;Es war ein Treffen der Geister. Jen f\u00fchlt sich Jim sehr verbunden, da sie im Gegensatz zu einigen ihrer fr\u00fcheren Verehrer \u00fcber die gleiche emotionale Intelligenz verf\u00fcgen.&#8220; Die beiden scheinen sich wirklich gefunden zu haben und genie\u00dfen ihr Gl\u00fcck nun sicherlich auch zuhause weiterhin.\u00a0<\/p>\n<p class=\"text-element u-richtext u-typo u-typo--article-text article__text-element text-element--context-article\"> Verwendete Quellen: pagesix.com, dailymail.co.uk<\/p>\n<p>\nlhu<br \/>\nGala\n<\/p>\n<p>#Themen<\/p>\n","protected":false},"excerpt":{"rendered":"Jennifer Aniston Nach Mallorca-Liebesurlaub \u2013 ihr neuer Partner bricht sein Schweigen \u00a9 Gilbert Flores \/ Variety \/ Getty&hellip;\n","protected":false},"author":2,"featured_media":269427,"comment_status":"","ping_status":"","sticky":false,"template":"","format":"standard","meta":{"footnotes":""},"categories":[1776],"tags":[1801,29,214,30,1802,215],"class_list":{"0":"post-269426","1":"post","2":"type-post","3":"status-publish","4":"format-standard","5":"has-post-thumbnail","7":"category-prominente","8":"tag-celebrities","9":"tag-deutschland","10":"tag-entertainment","11":"tag-germany","12":"tag-prominente","13":"tag-unterhaltung"},"share_on_mastodon":{"url":"https:\/\/pubeurope.com\/@de\/114862236172324638","error":""},"_links":{"self":[{"href":"https:\/\/www.europesays.com\/de\/wp-json\/wp\/v2\/posts\/269426","targetHints":{"allow":["GET"]}}],"collection":[{"href":"https:\/\/www.europesays.com\/de\/wp-json\/wp\/v2\/posts"}],"about":[{"href":"https:\/\/www.europesays.com\/de\/wp-json\/wp\/v2\/types\/post"}],"author":[{"embeddable":true,"href":"https:\/\/www.europesays.com\/de\/wp-json\/wp\/v2\/users\/2"}],"replies":[{"embeddable":true,"href":"https:\/\/www.europesays.com\/de\/wp-json\/wp\/v2\/comments?post=269426"}],"version-history":[{"count":0,"href":"https:\/\/www.europesays.com\/de\/wp-json\/wp\/v2\/posts\/269426\/revisions"}],"wp:featuredmedia":[{"embeddable":true,"href":"https:\/\/www.europesays.com\/de\/wp-json\/wp\/v2\/media\/269427"}],"wp:attachment":[{"href":"https:\/\/www.europesays.com\/de\/wp-json\/wp\/v2\/media?parent=269426"}],"wp:term":[{"taxonomy":"category","embeddable":true,"href":"https:\/\/www.europesays.com\/de\/wp-json\/wp\/v2\/categories?post=269426"},{"taxonomy":"post_tag","embeddable":true,"href":"https:\/\/www.europesays.com\/de\/wp-json\/wp\/v2\/tags?post=269426"}],"curies":[{"name":"wp","href":"https:\/\/api.w.org\/{rel}","templated":true}]}}