{"id":269517,"date":"2025-07-16T10:24:12","date_gmt":"2025-07-16T10:24:12","guid":{"rendered":"https:\/\/www.europesays.com\/de\/269517\/"},"modified":"2025-07-16T10:24:12","modified_gmt":"2025-07-16T10:24:12","slug":"polizei-ermittelt-nach-attacken-auf-webseite","status":"publish","type":"post","link":"https:\/\/www.europesays.com\/de\/269517\/","title":{"rendered":"Polizei ermittelt nach Attacken auf Webseite"},"content":{"rendered":"<p>Polizei hat Verd\u00e4chtige im Visier <\/p>\n<p>Hacker greifen N\u00fcrnberg an: Ermittlungen laufen<\/p>\n<p>16.07.2025 &#8211; 12:21 UhrLesedauer: 2 Min.<\/p>\n<p><a href=\"#focus-0\" class=\"transition-colors duration-200 focus-within:text-magenta block text-current relative\" data-sctrack=\"FocusGalleryImage.Reference\"><img fetchpriority=\"high\" data-testid=\"Opener.Image\" style=\"--lqipURL:url('https:\/\/images.t-online.de\/2025\/06\/yyR1F5sSZWmf\/0x209:4000x2250\/fit-in\/150x0\/filters:blur(25)\/hacker-in-einem-dunklen-raum-der-mit-einer-tastatur-daten-aus-dem-internet-stiehlt-hacker-in-dark-room-using-keyboard-stealing-data-on-internet-copyright-xzoonar-com-chalirmpojxpimpisarnx-22700783.jpg')\"   loading=\"eager\" src=\"https:\/\/www.europesays.com\/de\/wp-content\/uploads\/2025\/07\/hacker-in-einem-dunklen-raum-der-mit-einer-tastatur-daten-aus-dem-internet-stiehlt-hacker-in-dark-ro.jpeg\" alt=\"imago images 0798134695\" title=\"imago images 0798134695\" width=\"4000\" height=\"2250\" class=\"bg-[url:var(--lqipURL)] bg-cover bg-center flex h-full w-full max-w-full\" decoding=\"async\"\/><img style=\"--width:32;--height:32\" loading=\"lazy\" src=\"https:\/\/www.t-online.de\/s\/paper\/_next\/static\/media\/zoom-in.f7dae02f.svg\" alt=\"Vergr\u00f6\u00dfern des Bildes\" title=\"Vergr\u00f6\u00dfern des Bildes\" class=\"block h-[calc(var(--height)_\/_16_*_1rem)] w-[calc(var(--width)_\/_16_*_1rem)] max-w-none absolute bottom-8 right-8 rounded-4 bg-snow p-8\" decoding=\"async\"\/><\/a><\/p>\n<p>Finger an einer Tastatur (Symbolbild): Bereits zweimal legten Angriffe die Internetseite der Stadt N\u00fcrnberg lahm. (Quelle: IMAGO\/Zoonar.com\/Chalirmpoj Pimpisarn\/imago)<\/p>\n<p class=\"font-bold text-18 leading-17\">Schon zweimal haben mutma\u00dfliche Hacker die Webseite der Stadt lahmgelegt. Die Angriffe sind ein Fall f\u00fcr die Polizei \u2013 doch die h\u00e4lt sich bedeckt.<\/p>\n<p class=\"text-18 leading-17\">Zweimal innerhalb weniger Monaten ist die Webseite der Stadt <a class=\"transition-colors duration-200 cursor-pointer text-inherit no-underline text-salemsfur md:hover:text-magenta md:hover:border-magenta md:focus:text-magenta border-current border-b border-solid break-words\" href=\"https:\/\/www.t-online.de\/region\/nuernberg\/\" data-sctrack=\"BodyAnchor\" target=\"_blank\" rel=\"noopener\">N\u00fcrnberg<\/a> nicht erreichbar. Zweimal dauert es nicht lange bis die Stadt sich zu Wort meldet und sagt, dass ein Angriff von Au\u00dfen die st\u00e4dtische Internetseite lahmgelegt habe. Bis alles wieder funktioniert, sind sowohl <a class=\"transition-colors duration-200 cursor-pointer text-inherit no-underline text-salemsfur md:hover:text-magenta md:hover:border-magenta md:focus:text-magenta border-current border-b border-solid break-words\" href=\"https:\/\/www.t-online.de\/region\/nuernberg\/id_100811426\/nuernberg-hackerangriff-auf-internetseite-der-stadt-stoerung-behoben.html\" data-sctrack=\"BodyAnchor\" target=\"_blank\" rel=\"noopener\">bei dem Angriff am 9. Juli<\/a> als auch dem vorherigen im April Stunden vergangen. Doch wer steckt hinter den Angriffen? Und welches Interesse verfolgen die Angreifer? Die Polizei hat offenbar schon mutma\u00dfliche T\u00e4ter im Visier.<\/p>\n<p class=\"text-18 leading-17\">Eine Sprecherin der Stadt teilte t-online mit, dass beide F\u00e4lle bei der Polizei zur Anzeige gebracht wurden. Zu dem Motiv der Angriffe sei der Stadtverwaltung bislang nichts bekannt. Auch die Polizei h\u00e4lt sich bedeckt. Eine Sprecherin best\u00e4tigt auf Nachfrage zwar, dass das Kriminalfachdezernat 5 der N\u00fcrnberger Kripo ermittele. Weitere Details nannte sie unter Verweis auf &#8222;ermittlungstaktische Gr\u00fcnde&#8220; jedoch nicht.<\/p>\n<p class=\"text-18 leading-17\">Die Polizeisprecherin sagt aber, dass es sich bei den Verd\u00e4chtigen um eine polizeibekannte Gruppe handelte. t-online liegen Hinweise vor, dass es sich bei den Angreifern wom\u00f6glich um russische Hacker handelt. Die Polizeisprecherin \u00e4u\u00dferte sich jedoch auch dazu nicht.<\/p>\n<p class=\"text-18 leading-17\">Die Stadtsprecherin k\u00fcndigte derweil an, dass die Schutzma\u00dfnahmen nach den Vorf\u00e4llen noch einmal verst\u00e4rkt wurden. IT-Spezialisten wurden direkt nach den Angriffen eingebunden.<\/p>\n<p class=\"text-18 leading-17\">Bei beiden Vorf\u00e4llen handelte es sich nach Angaben der Stadt um sogenannte DDoS-Attacken (Distributed Denial of Service). Bei solchen Angriffen werden die Server mit einer Flut von Anfragen \u00fcberlastet, sodass sie ihren Dienst verweigern. In beiden F\u00e4llen sei die st\u00e4dtische IT nicht betroffen gewesen.<\/p>\n","protected":false},"excerpt":{"rendered":"Polizei hat Verd\u00e4chtige im Visier Hacker greifen N\u00fcrnberg an: Ermittlungen laufen 16.07.2025 &#8211; 12:21 UhrLesedauer: 2 Min. Finger&hellip;\n","protected":false},"author":2,"featured_media":269518,"comment_status":"","ping_status":"","sticky":false,"template":"","format":"standard","meta":{"footnotes":""},"categories":[1837],"tags":[2140,772,3364,29,30,15646,3783,121],"class_list":{"0":"post-269517","1":"post","2":"type-post","3":"status-publish","4":"format-standard","5":"has-post-thumbnail","7":"category-nuernberg","8":"tag-angriff","9":"tag-bayern","10":"tag-de","11":"tag-deutschland","12":"tag-germany","13":"tag-hacker","14":"tag-nuernberg","15":"tag-polizei"},"share_on_mastodon":{"url":"https:\/\/pubeurope.com\/@de\/114862428420540215","error":""},"_links":{"self":[{"href":"https:\/\/www.europesays.com\/de\/wp-json\/wp\/v2\/posts\/269517","targetHints":{"allow":["GET"]}}],"collection":[{"href":"https:\/\/www.europesays.com\/de\/wp-json\/wp\/v2\/posts"}],"about":[{"href":"https:\/\/www.europesays.com\/de\/wp-json\/wp\/v2\/types\/post"}],"author":[{"embeddable":true,"href":"https:\/\/www.europesays.com\/de\/wp-json\/wp\/v2\/users\/2"}],"replies":[{"embeddable":true,"href":"https:\/\/www.europesays.com\/de\/wp-json\/wp\/v2\/comments?post=269517"}],"version-history":[{"count":0,"href":"https:\/\/www.europesays.com\/de\/wp-json\/wp\/v2\/posts\/269517\/revisions"}],"wp:featuredmedia":[{"embeddable":true,"href":"https:\/\/www.europesays.com\/de\/wp-json\/wp\/v2\/media\/269518"}],"wp:attachment":[{"href":"https:\/\/www.europesays.com\/de\/wp-json\/wp\/v2\/media?parent=269517"}],"wp:term":[{"taxonomy":"category","embeddable":true,"href":"https:\/\/www.europesays.com\/de\/wp-json\/wp\/v2\/categories?post=269517"},{"taxonomy":"post_tag","embeddable":true,"href":"https:\/\/www.europesays.com\/de\/wp-json\/wp\/v2\/tags?post=269517"}],"curies":[{"name":"wp","href":"https:\/\/api.w.org\/{rel}","templated":true}]}}