{"id":26961,"date":"2025-04-12T21:30:10","date_gmt":"2025-04-12T21:30:10","guid":{"rendered":"https:\/\/www.europesays.com\/de\/26961\/"},"modified":"2025-04-12T21:30:10","modified_gmt":"2025-04-12T21:30:10","slug":"turnier-in-muenchen-zverev-tennis-ist-nicht-alles-im-leben","status":"publish","type":"post","link":"https:\/\/www.europesays.com\/de\/26961\/","title":{"rendered":"Turnier in M\u00fcnchen: Zverev: &#8222;Tennis ist nicht alles im Leben&#8220;"},"content":{"rendered":"<p class=\"paragraph article__item\"><a class=\"rtr-entity\" href=\"https:\/\/www.zeit.de\/thema\/alexander-zverev\" target=\"_blank\" rel=\"noopener\">Alexander Zverev<\/a> will sich durch sein Formtief nicht in eine Sinnkrise treiben lassen. \u00abTennis ist wichtig, aber Tennis ist nicht alles im Leben f\u00fcr mich. Ich gehe immer noch nach Hause, genauso wie ich nach einem Sieg nach Hause gehen w\u00fcrde\u00bb, sagte der 27-J\u00e4hrige vor seinem Start beim Turnier in M\u00fcnchen. Zverev hatte in den vergangenen Wochen serienweise Entt\u00e4uschungen auf dem Platz erlebt.\u00a0\n<\/p>\n<p>Aktuelles<\/p>\n<p>                <a href=\"https:\/\/www.zeit.de\/familie\/2025-03\/familienalltag-routinen-rituale-kinder-erziehung\" data-ct-label=\"Familienalltag: Routine funktioniert nicht? Mach ein Ritual draus!\" target=\"_blank\" rel=\"noopener\"><\/p>\n<p>        Z+ (abopflichtiger Inhalt);<\/p>\n<p>    Familienalltag:<br \/>\n                        Routine funktioniert nicht? Mach ein Ritual draus!<\/p>\n<p>                <\/a><\/p>\n<p>                <a href=\"https:\/\/www.zeit.de\/sport\/2025-03\/energie-cottbuss-emotion-fussball-gruenflaeche\" data-ct-label=\"Energie Cottbus: Aus Liebe zum Underdog\" target=\"_blank\" rel=\"noopener\"><\/p>\n<p>                        Energie Cottbus:<br \/>\n                        Aus Liebe zum Underdog<\/p>\n<p>                <\/a><\/p>\n<p>                <a href=\"https:\/\/www.zeit.de\/politik\/deutschland\/2025-03\/armin-laschet-will-trump-eng-an-europa-binden\" data-ct-label=\"CDU-Au\u00dfenpolitiker: Armin Laschet will Trump &quot;so eng wie m\u00f6glich&quot; an Europa binden\" target=\"_blank\" rel=\"noopener\"><\/p>\n<p>                        CDU-Au\u00dfenpolitiker:<br \/>\n                        Armin Laschet will Trump &#8222;so eng wie m\u00f6glich&#8220; an Europa binden<\/p>\n<p>                <\/a><\/p>\n<p class=\"paragraph article__item\">Seit dem verlorenen Endspiel der Australian Open kam der Olympiasieger von 2021 nicht mehr \u00fcber das Viertelfinale eines Turniers hinaus. \u00abIch bin immer noch sehr zuversichtlich, dass ich jetzt und hoffentlich auch die n\u00e4chsten Wochen gut spielen werde\u00bb, sagte Zverev.\u00a0\n<\/p>\n<p>                Zusammenarbeit mit Boris Becker?        <\/p>\n<p class=\"paragraph article__item\">Zuletzt hatte er beim Masters-1000-Turnier in Monte-Carlo gleich zum Auftakt gegen den Italiener Matteo Berrettini verloren. Beim Sandplatz-Event in <a class=\"rtr-entity\" href=\"https:\/\/www.zeit.de\/thema\/muenchen\" target=\"_blank\" rel=\"noopener\">M\u00fcnchen<\/a> setzt Zverev seine Vorbereitung auf das Grand-Slam-Turnier in Paris fort und ist an Nummer eins gesetzt. Sein erster Gegner bei den BMW Open ist Alexandre Muller aus Frankreich.\n<\/p>\n<p class=\"paragraph article__item\">\u00abIch habe immer noch Vertrauen in mich selber, dass ich bis Paris anfangen werde, richtig gutes Tennis zu spielen\u00bb, beteuerte Zverev. Zu den anhaltenden Spekulationen, dass er k\u00fcnftig enger mit <a class=\"rtr-entity\" href=\"https:\/\/www.zeit.de\/thema\/boris-becker\" target=\"_blank\" rel=\"noopener\">Boris Becker<\/a> zusammenarbeiten k\u00f6nnte, \u00e4u\u00dferte sich Deutschlands Nummer eins erneut ausweichend: \u00abWenn es etwas Neues dazu gibt, werde ich es euch sagen, aber es gibt keine Neuigkeiten.\u00bb\n<\/p>\n<p class=\"paragraph article__item\">\u00a9 dpa-infocom, dpa:250412-930-435158\/1<\/p>\n","protected":false},"excerpt":{"rendered":"Alexander Zverev will sich durch sein Formtief nicht in eine Sinnkrise treiben lassen. \u00abTennis ist wichtig, aber Tennis&hellip;\n","protected":false},"author":2,"featured_media":26962,"comment_status":"","ping_status":"","sticky":false,"template":"","format":"standard","meta":{"footnotes":""},"categories":[1827],"tags":[10329,772,5790,29,30,1268,15,5698,15529],"class_list":{"0":"post-26961","1":"post","2":"type-post","3":"status-publish","4":"format-standard","5":"has-post-thumbnail","7":"category-muenchen","8":"tag-alexander-zverev","9":"tag-bayern","10":"tag-boris-becker","11":"tag-deutschland","12":"tag-germany","13":"tag-muenchen","14":"tag-news","15":"tag-turnier","16":"tag-turnier-in-muenchen"},"share_on_mastodon":{"url":"https:\/\/pubeurope.com\/@de\/114327127722068731","error":""},"_links":{"self":[{"href":"https:\/\/www.europesays.com\/de\/wp-json\/wp\/v2\/posts\/26961","targetHints":{"allow":["GET"]}}],"collection":[{"href":"https:\/\/www.europesays.com\/de\/wp-json\/wp\/v2\/posts"}],"about":[{"href":"https:\/\/www.europesays.com\/de\/wp-json\/wp\/v2\/types\/post"}],"author":[{"embeddable":true,"href":"https:\/\/www.europesays.com\/de\/wp-json\/wp\/v2\/users\/2"}],"replies":[{"embeddable":true,"href":"https:\/\/www.europesays.com\/de\/wp-json\/wp\/v2\/comments?post=26961"}],"version-history":[{"count":0,"href":"https:\/\/www.europesays.com\/de\/wp-json\/wp\/v2\/posts\/26961\/revisions"}],"wp:featuredmedia":[{"embeddable":true,"href":"https:\/\/www.europesays.com\/de\/wp-json\/wp\/v2\/media\/26962"}],"wp:attachment":[{"href":"https:\/\/www.europesays.com\/de\/wp-json\/wp\/v2\/media?parent=26961"}],"wp:term":[{"taxonomy":"category","embeddable":true,"href":"https:\/\/www.europesays.com\/de\/wp-json\/wp\/v2\/categories?post=26961"},{"taxonomy":"post_tag","embeddable":true,"href":"https:\/\/www.europesays.com\/de\/wp-json\/wp\/v2\/tags?post=26961"}],"curies":[{"name":"wp","href":"https:\/\/api.w.org\/{rel}","templated":true}]}}