{"id":269614,"date":"2025-07-16T11:16:15","date_gmt":"2025-07-16T11:16:15","guid":{"rendered":"https:\/\/www.europesays.com\/de\/269614\/"},"modified":"2025-07-16T11:16:15","modified_gmt":"2025-07-16T11:16:15","slug":"kampf-gegen-wasserpflanze-in-essen-neues-maehboot-getauft","status":"publish","type":"post","link":"https:\/\/www.europesays.com\/de\/269614\/","title":{"rendered":"Kampf gegen Wasserpflanze in Essen: Neues M\u00e4hboot getauft"},"content":{"rendered":"<p>Wassersportler in Essen haben gro\u00dfe Probleme mit Elodea<\/p>\n<p>Die Wasserpest &#8222;Elodea&#8220; macht am Baldeneysee in Essen seit Jahren Probleme. Sie hat ihre Wurzeln im Gew\u00e4ssergrund und wuchert den See zu. Die einzige Hilfe sind M\u00e4hboote vom Ruhrverband, die auf dem Wasser unterwegs sind und die Pflanze entfernen. Dennoch stellt die Pflanze Segler und Wassersportler vor gro\u00dfe Probleme. Auch den Essener Kanu-Olympiasieger Max Rendschmidt von der KG Essen. Im Gespr\u00e4ch mit Radio Essen sagt er:<\/p>\n<blockquote><p>&#8222;Wir haben schon seit Jahren Probleme mit Elodea. Oft kommen die M\u00e4hboote ab der Mitte des Sommers nicht mehr hinterher.&#8220;<\/p><\/blockquote>\n<p>Das hat Folgen f\u00fcrs Training, das Steuerblatt muss ver\u00e4ndert werden:<\/p>\n<blockquote><p>&#8222;Wir m\u00fcssen unsere Boote umbauen. Die Wettkampf-Steuer m\u00fcssen wir abbauen und ein Kraut-Steuer dran machen. Die sind f\u00fcr uns deutlich schlechter zu lenken. Trotzdem bleibt die abgerissene Pflanze am Paddel h\u00e4ngen. Alle 500 Meter m\u00fcssen wir dann r\u00fcckw\u00e4rts fahren, weil die Pflanze sich so ums Boot wickelt, dass man deutlich mehr Kraft braucht.&#8220;<\/p><\/blockquote>\n<p>In manchen Jahren macht die Wasserpflanze mehr Probleme, in anderen weniger, sagt der Olympionike. Gro\u00dfe Probleme gebe es vor allem in hei\u00dfen Sommern, wenn es zwischendrin Tage mit Starkregen gibt. In den ganz schlimmen Jahren mussten die Kanuten sogar in der Schifffahrtslinie fahren.<\/p>\n<p><a href=\"https:\/\/www.radioessen.de\/externalimages\/?source=jpg750\/df-8.jpg&amp;dt=202505050650010&amp;resize=1280x851\" data-caption=\"K\u00e4mpfen am Ruder mit der Elodea: Die Wassersportler rund um Kanute Max Rendschmidt.\" itemprop=\"contentUrl\" data-size=\"1280x851\" rel=\"nofollow noopener\" target=\"_blank\"><img decoding=\"async\" alt=\"\" src=\"https:\/\/www.europesays.com\/de\/wp-content\/uploads\/2025\/07\/df-8.jpg&#038;crop=0x30x2800x1750&#038;resize=1280x800&#038;dt=202505050650010.jpeg\" data-size=\"1280x800\"\/><\/a>K\u00e4mpfen am Ruder mit der Elodea: Die Wassersportler rund um Kanute Max Rendschmidt.\u00a9 Lars Fr\u00f6hlich \/ FUNKE Foto Services<\/p>\n<p>K\u00e4mpfen am Ruder mit der Elodea: Die Wassersportler rund um Kanute Max Rendschmidt.<\/p>\n<p>\u00a9 Lars Fr\u00f6hlich \/ FUNKE Foto ServicesNeues M\u00e4hboot in Essen frisst Elodea<\/p>\n<p>Im vergangenen Jahr kam noch dazu, <a href=\"https:\/\/www.radioessen.de\/artikel\/kampf-gegen-wasserpflanze-maehboot-in-essen-wartet-weiter-auf-ersatzteile-2057819.html\" rel=\"noopener noreferrer nofollow\" target=\"_blank\">dass ein M\u00e4hboot nach kurzer Zeit kaputt gegangen ist<\/a>. Aktuell w\u00e4chst die Wasserpflanze aber nicht, sagt der Ruhrverband. M\u00e4hen sei nicht erforderlich und die Situation ist im Vergleich zum letzten Jahr ganz anders. Geht es nach den Temperaturen, m\u00fcsste die Pflanze eigentlich wachsen. Warum sie das nicht tut, kann der Ruhrverband nicht sagen. Auch eine Prognose gibt es nicht. Dennoch ist der Verband vorbereitet.<\/p>\n<p>Am Mittwoch (16. Juli) wurde ein neues M\u00e4hboot getauft. Es ist das zweite Boot f\u00fcr den Baldeneysee. Es tr\u00e4gt den Namen &#8222;Kaiman&#8220;, angelehnt an das Reptil, was zu den Alligatoren z\u00e4hlt. Mit gro\u00dfem Appetit und gro\u00dfen Z\u00e4hnen. Nicht als Fleischfresser sondern als Pflanzenfresser soll Kaiman die Elodea b\u00e4ndigen, wenn es n\u00f6tig wird. Ausgestattet ist das M\u00e4hboot mit einem neuen moderneren Navigationssystem. Dadurch wird sichtbar, welche Unterwasserfl\u00e4chen schon gem\u00e4ht wurden. Der M\u00e4hbalken geht bis zu zwei Meter in die Tiefe. Auch das Ladevolumen ist gr\u00f6\u00dfer. So kann weniger Zeit und mehr Wasserpflanze gefressen werden.<\/p>\n<p><a href=\"https:\/\/www.radioessen.de\/externalimages\/?source=jpg140\/elodea.jpg&amp;dt=201908261240130&amp;resize=1280x960\" data-caption=\"Wuchert aktuell noch nicht wie fr\u00fcher: Die Elodea\" itemprop=\"contentUrl\" data-size=\"1280x960\" rel=\"nofollow noopener\" target=\"_blank\"><img decoding=\"async\" alt=\"Elodea im Baldeneysee\" src=\"https:\/\/www.europesays.com\/de\/wp-content\/uploads\/2025\/07\/elodea.jpg&#038;crop=0x100x1600x1000&#038;resize=1280x800&#038;dt=201908261240130.jpeg\" data-size=\"1280x800\"\/><\/a>Wuchert aktuell noch nicht wie fr\u00fcher: Die Elodea\u00a9 Thomas Kessel<\/p>\n<p>Wuchert aktuell noch nicht wie fr\u00fcher: Die Elodea<\/p>\n<p>\u00a9 Thomas KesselMehr Nachrichten aus Essen<img loading=\"lazy\" decoding=\"async\" src=\"https:\/\/www.europesays.com\/de\/wp-content\/uploads\/2025\/07\/300df6b3a63f44fb9fd5f03686406eec.gif\" width=\"1\" height=\"1\" alt=\"\"\/><\/p>\n","protected":false},"excerpt":{"rendered":"Wassersportler in Essen haben gro\u00dfe Probleme mit Elodea Die Wasserpest &#8222;Elodea&#8220; macht am Baldeneysee in Essen seit Jahren&hellip;\n","protected":false},"author":2,"featured_media":269615,"comment_status":"","ping_status":"","sticky":false,"template":"","format":"standard","meta":{"footnotes":""},"categories":[1848],"tags":[10774,81228,3275,50967,81227,81229,3364,29,548,663,3934,3658,30,13,14,15,1209,12],"class_list":{"0":"post-269614","1":"post","2":"type-post","3":"status-publish","4":"format-standard","5":"has-post-thumbnail","7":"category-gelsenkirchen","8":"tag-baldeneysee","9":"tag-elodea","10":"tag-lokalnachrichten","11":"tag-mhboot","12":"tag-max-rendschmidt","13":"tag-wasserpflanze","14":"tag-de","15":"tag-deutschland","16":"tag-eu","17":"tag-europa","18":"tag-europe","19":"tag-gelsenkirchen","20":"tag-germany","21":"tag-headlines","22":"tag-nachrichten","23":"tag-news","24":"tag-nordrhein-westfalen","25":"tag-schlagzeilen"},"share_on_mastodon":{"url":"https:\/\/pubeurope.com\/@de\/114862632854764195","error":""},"_links":{"self":[{"href":"https:\/\/www.europesays.com\/de\/wp-json\/wp\/v2\/posts\/269614","targetHints":{"allow":["GET"]}}],"collection":[{"href":"https:\/\/www.europesays.com\/de\/wp-json\/wp\/v2\/posts"}],"about":[{"href":"https:\/\/www.europesays.com\/de\/wp-json\/wp\/v2\/types\/post"}],"author":[{"embeddable":true,"href":"https:\/\/www.europesays.com\/de\/wp-json\/wp\/v2\/users\/2"}],"replies":[{"embeddable":true,"href":"https:\/\/www.europesays.com\/de\/wp-json\/wp\/v2\/comments?post=269614"}],"version-history":[{"count":0,"href":"https:\/\/www.europesays.com\/de\/wp-json\/wp\/v2\/posts\/269614\/revisions"}],"wp:featuredmedia":[{"embeddable":true,"href":"https:\/\/www.europesays.com\/de\/wp-json\/wp\/v2\/media\/269615"}],"wp:attachment":[{"href":"https:\/\/www.europesays.com\/de\/wp-json\/wp\/v2\/media?parent=269614"}],"wp:term":[{"taxonomy":"category","embeddable":true,"href":"https:\/\/www.europesays.com\/de\/wp-json\/wp\/v2\/categories?post=269614"},{"taxonomy":"post_tag","embeddable":true,"href":"https:\/\/www.europesays.com\/de\/wp-json\/wp\/v2\/tags?post=269614"}],"curies":[{"name":"wp","href":"https:\/\/api.w.org\/{rel}","templated":true}]}}