{"id":269823,"date":"2025-07-16T13:12:11","date_gmt":"2025-07-16T13:12:11","guid":{"rendered":"https:\/\/www.europesays.com\/de\/269823\/"},"modified":"2025-07-16T13:12:11","modified_gmt":"2025-07-16T13:12:11","slug":"niedersachsen-bremen-gewitter-und-regen-ueber-niedersachsen-und-bremen","status":"publish","type":"post","link":"https:\/\/www.europesays.com\/de\/269823\/","title":{"rendered":"Niedersachsen &#038; Bremen: Gewitter und Regen \u00fcber Niedersachsen und Bremen"},"content":{"rendered":"<p>                    Niedersachsen &amp; Bremen<br \/>\n                Gewitter und Regen \u00fcber Niedersachsen und Bremen<\/p>\n<p>\t\t\t\t              15.07.2025, 08:53 Uhr<\/p>\n<p><strong>Das Wetter \u00fcber Niedersachsen g\u00f6nnt sich aktuell eine Pause vom Sommer. Heute sind deshalb Gewitter, Hagel und Regen m\u00f6glich.<\/strong><\/p>\n<p>Hannover\/Bremen (dpa\/lni) &#8211; Die Menschen in Niedersachsen und Bremen m\u00fcssen sich im Laufe des Tages auf einen bew\u00f6lkten Himmel mit durchziehenden Schauern und einem m\u00e4\u00dfigen bis frischen Wind einstellen. Dazu sind laut dem Deutschen Wetterdienst (DWD) auch immer wieder Gewitter m\u00f6glich.\u00a0<\/p>\n<p>F\u00fcr Niedersachsens S\u00fcdwesten warnt der DWD sogar vor Unwettern mit Starkregen und Hagel, die im Laufe des Vormittags auftreten sollen. Dazu wird es zwischen 21 und 24 Grad warm, 20 Grad auf den Inseln.<\/p>\n<p>In der Nacht zu Mittwoch regnet es stellenweise weiter. Die Bew\u00f6lkung zieht sich im Laufe der Nacht zu. Auch in der Nacht sind weiter vereinzelte Gewitter m\u00f6glich. Am Mittwoch geht es mit dem Wetter und seinem Mix aus Schauern, Gewittern und Wolken dann genauso weiter.<\/p>\n","protected":false},"excerpt":{"rendered":"Niedersachsen &amp; Bremen Gewitter und Regen \u00fcber Niedersachsen und Bremen 15.07.2025, 08:53 Uhr Das Wetter \u00fcber Niedersachsen g\u00f6nnt&hellip;\n","protected":false},"author":2,"featured_media":269824,"comment_status":"","ping_status":"","sticky":false,"template":"","format":"standard","meta":{"footnotes":""},"categories":[1824],"tags":[2420,3364,29,30,19634,1411,10328],"class_list":{"0":"post-269823","1":"post","2":"type-post","3":"status-publish","4":"format-standard","5":"has-post-thumbnail","7":"category-bremen","8":"tag-bremen","9":"tag-de","10":"tag-deutschland","11":"tag-germany","12":"tag-gewitter","13":"tag-niedersachsen","14":"tag-regen"},"share_on_mastodon":{"url":"https:\/\/pubeurope.com\/@de\/114863088920562090","error":""},"_links":{"self":[{"href":"https:\/\/www.europesays.com\/de\/wp-json\/wp\/v2\/posts\/269823","targetHints":{"allow":["GET"]}}],"collection":[{"href":"https:\/\/www.europesays.com\/de\/wp-json\/wp\/v2\/posts"}],"about":[{"href":"https:\/\/www.europesays.com\/de\/wp-json\/wp\/v2\/types\/post"}],"author":[{"embeddable":true,"href":"https:\/\/www.europesays.com\/de\/wp-json\/wp\/v2\/users\/2"}],"replies":[{"embeddable":true,"href":"https:\/\/www.europesays.com\/de\/wp-json\/wp\/v2\/comments?post=269823"}],"version-history":[{"count":0,"href":"https:\/\/www.europesays.com\/de\/wp-json\/wp\/v2\/posts\/269823\/revisions"}],"wp:featuredmedia":[{"embeddable":true,"href":"https:\/\/www.europesays.com\/de\/wp-json\/wp\/v2\/media\/269824"}],"wp:attachment":[{"href":"https:\/\/www.europesays.com\/de\/wp-json\/wp\/v2\/media?parent=269823"}],"wp:term":[{"taxonomy":"category","embeddable":true,"href":"https:\/\/www.europesays.com\/de\/wp-json\/wp\/v2\/categories?post=269823"},{"taxonomy":"post_tag","embeddable":true,"href":"https:\/\/www.europesays.com\/de\/wp-json\/wp\/v2\/tags?post=269823"}],"curies":[{"name":"wp","href":"https:\/\/api.w.org\/{rel}","templated":true}]}}