{"id":269827,"date":"2025-07-16T13:14:12","date_gmt":"2025-07-16T13:14:12","guid":{"rendered":"https:\/\/www.europesays.com\/de\/269827\/"},"modified":"2025-07-16T13:14:12","modified_gmt":"2025-07-16T13:14:12","slug":"pressemeldung-glasfaserausbau-in-hoechstberg-westconnect-hat-ausbauplanung","status":"publish","type":"post","link":"https:\/\/www.europesays.com\/de\/269827\/","title":{"rendered":"Pressemeldung: Glasfaserausbau in H\u00f6chstberg: Westconnect hat Ausbauplanung &#8230;"},"content":{"rendered":"<p class=\"date\">16.07.2025 \u2013 15:00<\/p>\n<p class=\"customer\">\n                        <a class=\"story-customer\" title=\"weiter zum newsroom von Westconnect GmbH\" href=\"https:\/\/www.presseportal.de\/nr\/169636\" rel=\"nofollow noopener\" target=\"_blank\">Westconnect GmbH<\/a>\n                    <\/p>\n<p><a class=\"glightbox event-trigger\" href=\"https:\/\/cache.pressmailing.net\/thumbnail\/story_hires\/929e8847-1a6d-4029-8ae6-fff53bd68217\/Verteilerkasten_West~nnect_Glasfaser.jpg.jpg\" data-description=\"Glasfaserausbau in H\u00f6chstberg: Ausbauplanung durch Westconnect abgeschlossen. (Foto: Westconnect)\" data-category=\"medialightbox\" data-action=\"click\" data-label=\"single\" data-value=\"6877a26c270000fd2cfa4380\" rel=\"nofollow noopener\" target=\"_blank\"><img decoding=\"async\" height=\"540\" with=\"720\" src=\"https:\/\/www.europesays.com\/de\/wp-content\/uploads\/2025\/07\/pressemeldung-glasfaserausbau-in-h-chstberg-westconnect-hat-ausbauplanung-erfolgreich-abgeschlossen.jpeg\"   alt=\"Pressemeldung: Glasfaserausbau in H\u00f6chstberg: Westconnect hat Ausbauplanung erfolgreich abgeschlossen\" class=\"single\"\/><\/a><\/p>\n<p class=\"story-download-headline\">Ein Dokument<\/p>\n<ul class=\"story-download-list\">\n<li class=\"story-download-list-item\"><a href=\"https:\/\/www.presseportal.de\/download\/document\/6877a26d270000fd2cfa4393-250716-statusmeldung-nung-h-chstberg.pdf\" rel=\"nofollow noopener\" target=\"_blank\">250716_Statusmeldung~nung_H\u00f6chstberg.pdf<br \/>PDF &#8211; 176 kB<\/a><\/li>\n<\/ul>\n<p><b>Glasfaserausbau in H\u00f6chstberg: Westconnect hat Ausbauplanung erfolgreich abgeschlossen<\/b><\/p>\n<ul class=\"naxml-ul\">\n<li><b>Glasfaserausbau startet voraussichtlich im Herbst 2025<\/b><\/li>\n<li><b>Rund 174 Haushalte bekommen Zugang zu leistungsstarkem Glasfaser-Internet<\/b><\/li>\n<li><b>Interessierte k\u00f6nnen sich noch einen kostenlosen Glasfaseranschluss sichern und rund 1.900 \u20ac sparen<\/b><\/li>\n<\/ul>\n<p>H\u00f6chstberg, 16. Juli 2025<\/p>\n<p>Die Ausbauplanung, einer der wichtigsten Meilensteine f\u00fcr den Glasfaserausbau in der Ortsgemeinde H\u00f6chstberg, haben Westconnect und ihr Partnerunternehmen Westnetz erfolgreich abgeschlossen. Auf Grundlage der Adressen derjenigen B\u00fcrger*innen, die sich durch das Einreichen einer Grundst\u00fcckseigent\u00fcmererkl\u00e4ung (GEE) und das Buchen eines E.ON Highspeed Produktes einen Glasfaseranschluss gesichert haben, hat Westconnect einen Plan erstellt, wie die Glasfaserleitungen im Ausbaugebiet verlaufen sollen und wie die Hauptleitung in den Ort verlegt wird. <\/p>\n<p>Aktuell steht Westconnect im engen Austausch mit den zust\u00e4ndigen Beh\u00f6rden, um Genehmigungen f\u00fcr den geplanten Glasfaserausbau einzuholen. Zudem tauscht sich Westconnect mit dem beauftragten Tiefbauunternehmen aus, damit alle n\u00f6tigen Kapazit\u00e4ten f\u00fcr den Baustart zur Verf\u00fcgung stehen, sobald die finale Freigabe f\u00fcr den Glasfaserausbau in H\u00f6chstberg erteilt wurde. Der Glasfaserausbau startet voraussichtlich im Herbst 2025. Rund 174 Haushalte bekommen durch den Ausbau die M\u00f6glichkeit, an das leistungsstarke Glasfasernetz angeschlossen zu werden.<\/p>\n<p>\u201eIch freue mich, dass wir mit Abschluss der Ausbauplanung einen wichtigen Meilenstein f\u00fcr das leistungsstarke Glasfasernetz in H\u00f6chstberg und Horperath erreicht haben und die Verlegung der Glasfasertrassen voraussichtlich noch in diesem Jahr startet. Im Namen von Westconnect bedanke ich mich bei der Ortsgemeinde f\u00fcr die gute und vertrauensvolle Zusammenarbeit\u201c, sagt Philipp Klein, Manager f\u00fcr Regionale Kooperation bei Westconnect. <\/p>\n<p>Die Westnetz wird den Ausbau im Auftrag der Westconnect in H\u00f6chstberg gemeinsam mit ihren Partnerfirmen \u00fcbernehmen. F\u00fcr die notwendigen verkehrstechnischen Einschr\u00e4nkungen und auftretenden Beeintr\u00e4chtigungen im Rahmen der Bauphase bittet Westnetz um Verst\u00e4ndnis.<\/p>\n<p>Interessierte in H\u00f6chstberg haben aktuell noch die M\u00f6glichkeit, einen Glasfaseranschluss ohne zus\u00e4tzliche Ausbaukosten (sonst rund 1.500 \u20ac) f\u00fcr ihr Geb\u00e4ude errichten zu lassen. Daf\u00fcr ist es erforderlich, ein E.ON Highspeed Produkt zu buchen und somit den Anschluss zu aktivieren, um nach Inbetriebnahme mit Highspeed im Internet surfen zu k\u00f6nnen. Aktuell sparen Interessierte die Anschlussaktivierung in H\u00f6he von rund 400 \u20ac. Damit profitieren Interessierte von einer <b>Gesamtersparnis in H\u00f6he von rund 1.900 \u20ac<\/b>.<\/p>\n<p>Zur baulichen Abstimmung ben\u00f6tigt Westconnect au\u00dferdem die unterschriebene <b>Grundst\u00fcckseigent\u00fcmererkl\u00e4rung (GEE)<\/b> der jeweiligen Eigent\u00fcmer*innen. Nur damit kann eine reibungslose terminliche Koordination und bauliche Durchf\u00fchrung garantiert werden, um das Glasfaserkabel auf dem privaten Grundst\u00fcck zu verlegen.<\/p>\n<p>Ausk\u00fcnfte \u00fcber Produkte und Services gibt es online unter  <a target=\"_blank\" class=\"uri-ext outbound\" rel=\"noopener nofollow\" href=\"https:\/\/eon-highspeed.com\/vermarktungsgebiete\/horperath\/\">eon-highspeed.com\/hoechstberg<\/a> oder unter der <b>Rufnummer <\/b><b>0800-3309955<\/b>. Auf den Internetseiten k\u00f6nnen Anwohner*innen sowie Gewerbetreibende die Verf\u00fcgbarkeit f\u00fcr einen Glasfaserhausanschluss pr\u00fcfen, direkt die Grundst\u00fcckseigent\u00fcmererkl\u00e4rung einreichen und ein E.ON Highspeed Produkt buchen.<\/p>\n<p>Westconnect ist zust\u00e4ndig f\u00fcr den Ausbau des Glasfasernetzes in den St\u00e4dten und Gemeinden. Die Ansprache von Kund*innen im Ausbaugebiet und der Vertrieb von passenden Glasfaserprodukten erfolgt dienstleistend unter der Marke \u201eE.ON Highspeed\u201c durch E.ON Energie Deutschland.<\/p>\n<p><b>\u00dcber die Westconnect GmbH<\/b><\/p>\n<p>Leistungsstarkes Glasfaser-Internet ist das R\u00fcckgrat f\u00fcr digitales Leben und Arbeiten, f\u00fcr Industrie 4.0 und moderne Verwaltung. Die Westconnect GmbH mit Sitz in Essen ist eine f\u00fcnfzigprozentige Beteiligung der Westenergie AG. Der Glasfaserausbau der Westconnect findet vor allem in Nordrhein-Westfalen, Rheinland-Pfalz, Niedersachsen und Hessen statt. Westconnect hat bereits mehr als zwei Millionen Einwohner*innen sowie Betrieben Zugang zu leistungsstarkem Internet verschafft. Die Internetprodukte der Westconnect finden sich unter den Marken E.ON Highspeed (<a target=\"_blank\" class=\"uri-ext outbound\" rel=\"noopener nofollow\" href=\"http:\/\/www.eon-highspeed.com\/\">eon-highspeed.com<\/a>) und Westconnect (<a target=\"_blank\" class=\"uri-ext outbound\" rel=\"noopener nofollow\" href=\"http:\/\/www.westconnect.de\/\">westconnect.de<\/a>).<\/p>\n<p>Freundliche Gr\u00fc\u00dfe\/Kind regards<\/p>\n<p><b>Marina Hilbich<\/b><br \/>\nPresseabteilung Westconnect Mitarbeiterin der E.ON impulse GmbH im Auftrag der Westconnect GmbH<br \/>\nKommunikation &amp; Marketing<br \/>\n <a target=\"_blank\" class=\"uri-ext outbound\" rel=\"noopener nofollow\" href=\"https:\/\/www.presseportal.de\/pm\/169636\/mailto:presse@westconnect.de\">presse@westconnect.de<\/a> <\/p>\n<p>Br\u00fcsseler Platz 1, 45131 Essen<\/p>\n<p>E.ON impulse GmbH, Sitz\/Registered Office Essen Amtsgericht\/District Court Essen HRB21374<br \/>\nGesch\u00e4ftsf\u00fchrung: Monika Wiaderkiewicz &amp; Steffen KartenbenderBitte denken Sie vor dem Ausdruck dieser E-Mail an die Umwelt.<br \/>\nConsider the environment. Please don&#8217;t print this E-Mail unless you really need to.  <\/p>\n","protected":false},"excerpt":{"rendered":"16.07.2025 \u2013 15:00 Westconnect GmbH Ein Dokument 250716_Statusmeldung~nung_H\u00f6chstberg.pdfPDF &#8211; 176 kB Glasfaserausbau in H\u00f6chstberg: Westconnect hat Ausbauplanung erfolgreich&hellip;\n","protected":false},"author":2,"featured_media":269828,"comment_status":"","ping_status":"","sticky":false,"template":"","format":"standard","meta":{"footnotes":""},"categories":[1834],"tags":[3477,3364,29,3688,30,1209,178,180,179,181],"class_list":{"0":"post-269827","1":"post","2":"type-post","3":"status-publish","4":"format-standard","5":"has-post-thumbnail","7":"category-essen","8":"tag-bild","9":"tag-de","10":"tag-deutschland","11":"tag-essen","12":"tag-germany","13":"tag-nordrhein-westfalen","14":"tag-presse","15":"tag-pressemeldung","16":"tag-pressemitteilung","17":"tag-pressemitteilungen"},"share_on_mastodon":{"url":"https:\/\/pubeurope.com\/@de\/114863096801946708","error":""},"_links":{"self":[{"href":"https:\/\/www.europesays.com\/de\/wp-json\/wp\/v2\/posts\/269827","targetHints":{"allow":["GET"]}}],"collection":[{"href":"https:\/\/www.europesays.com\/de\/wp-json\/wp\/v2\/posts"}],"about":[{"href":"https:\/\/www.europesays.com\/de\/wp-json\/wp\/v2\/types\/post"}],"author":[{"embeddable":true,"href":"https:\/\/www.europesays.com\/de\/wp-json\/wp\/v2\/users\/2"}],"replies":[{"embeddable":true,"href":"https:\/\/www.europesays.com\/de\/wp-json\/wp\/v2\/comments?post=269827"}],"version-history":[{"count":0,"href":"https:\/\/www.europesays.com\/de\/wp-json\/wp\/v2\/posts\/269827\/revisions"}],"wp:featuredmedia":[{"embeddable":true,"href":"https:\/\/www.europesays.com\/de\/wp-json\/wp\/v2\/media\/269828"}],"wp:attachment":[{"href":"https:\/\/www.europesays.com\/de\/wp-json\/wp\/v2\/media?parent=269827"}],"wp:term":[{"taxonomy":"category","embeddable":true,"href":"https:\/\/www.europesays.com\/de\/wp-json\/wp\/v2\/categories?post=269827"},{"taxonomy":"post_tag","embeddable":true,"href":"https:\/\/www.europesays.com\/de\/wp-json\/wp\/v2\/tags?post=269827"}],"curies":[{"name":"wp","href":"https:\/\/api.w.org\/{rel}","templated":true}]}}