{"id":269858,"date":"2025-07-16T13:32:13","date_gmt":"2025-07-16T13:32:13","guid":{"rendered":"https:\/\/www.europesays.com\/de\/269858\/"},"modified":"2025-07-16T13:32:13","modified_gmt":"2025-07-16T13:32:13","slug":"berlin-brandenburg-brandenburg-setzt-auf-gaskraftwerk-in-der-lausitz","status":"publish","type":"post","link":"https:\/\/www.europesays.com\/de\/269858\/","title":{"rendered":"Berlin &#038; Brandenburg: Brandenburg setzt auf Gaskraftwerk in der Lausitz"},"content":{"rendered":"<p>                    Berlin &amp; Brandenburg<br \/>\n                Brandenburg setzt auf Gaskraftwerk in der Lausitz<\/p>\n<p>\t\t\t\t              16.07.2025, 15:01 Uhr<\/p>\n<p><strong>Die Diskussion \u00fcber einen Bonus f\u00fcr S\u00fcddeutschland bei der Schaffung von Kraftwerken sorgt in Brandenburg f\u00fcr Unsicherheit. Die Landesregierung macht sich f\u00fcr die Lausitz stark und sagt wie.<\/strong><\/p>\n<p>Cottbus\/Spremberg (dpa\/bb) &#8211; Brandenburg setzt trotz der \u00c4u\u00dferung von Bundeswirtschaftsministerin Katherina Reiche (CDU) \u00fcber einen &#8222;S\u00fcdbonus&#8220; auf die Lausitz als Standort f\u00fcr neue Gaskraftwerke. &#8222;Die Landesregierung Brandenburg wird sich konstruktiv in Gespr\u00e4chen mit der Bundesministerin Frau Reiche daf\u00fcr einsetzen, dass wir hier einen Kraftwerksstandort in der Lausitz bekommen&#8220;, sagte Wirtschaftsminister Daniel Keller (SPD) im Landtag. Er bedaure die erneute Diskussion \u00fcber einen &#8222;S\u00fcdbonus&#8220;.<\/p>\n<p>Die Bundeswirtschaftsministerin, die aus Brandenburg stammt, hatte mit einer \u00c4u\u00dferung f\u00fcr Unsicherheit gesorgt. Ein Schwerpunkt neuer Gaskraftwerke in Deutschland soll laut Reiche im S\u00fcden entstehen. &#8222;Wir planen einen S\u00fcdbonus, der mit zwei Dritteln der insgesamt ausgeschriebenen Kapazit\u00e4t im technischen S\u00fcden gebaut wird&#8220;, hatte die CDU-Politikerin Anfang Juni in Bayern gesagt. Geplant ist der Bau von bis zu 20 Gigawatt an Kraftwerksleistung in Deutschland und eine staatliche F\u00f6rderung, der die EU-Kommission zustimmen muss.<\/p>\n<p>Kraftwerke gehen bis 2038 vom Netz\u00a0<\/p>\n<p>Im Juni hatten Besch\u00e4ftigte des Energiekonzerns Leag gegen einen &#8222;S\u00fcdbonus&#8220; protestiert. Sie bef\u00fcrchten beim Bau neuer Gaskraftwerke Nachteile gegen\u00fcber dem S\u00fcden Deutschlands. Die SPD\/BSW-Mehrheit des Landtags stimmte f\u00fcr einen eigenen Antrag, in dem die Landesregierung dazu aufgefordert wird, die besonderen Potenziale Brandenburgs bei der Standortwahl neuer Gaskraftwerke zu ber\u00fccksichtigen.<\/p>\n<p>In der Lausitz wird von 2038 an kein Strom mehr aus Braunkohle erzeugt. Ende 2028 wird das Kraftwerk J\u00e4nschwalde komplett stillgelegt. Das Kraftwerk Schwarze Pumpe soll Ende 2038 vom Netz gehen.\u00a0<\/p>\n<p>AfD: &#8222;J\u00e4nschwalde ist tot&#8220;<\/p>\n<p>Der AfD-Politiker Steffen Kubitzki geht nicht von einem Gaskraftwerk in J\u00e4nschwalde aus. &#8222;J\u00e4nschwalde ist tot in meinen Augen&#8220;, sagte er. &#8222;Solange wir keine Gasleitung haben, wird da nichts kommen.&#8220; CDU-Fraktionsvize Frank Bommert sagte, die CDU-Fraktion werde f\u00fcr ein Gaskraftwerk in der Lausitz k\u00e4mpfen. Schwarze Pumpe habe dort die besten Aussichten, als Kraftwerksstandort ausgebaut zu werden.<\/p>\n","protected":false},"excerpt":{"rendered":"Berlin &amp; Brandenburg Brandenburg setzt auf Gaskraftwerk in der Lausitz 16.07.2025, 15:01 Uhr Die Diskussion \u00fcber einen Bonus&hellip;\n","protected":false},"author":2,"featured_media":269859,"comment_status":"","ping_status":"","sticky":false,"template":"","format":"standard","meta":{"footnotes":""},"categories":[1816],"tags":[1960,1958,1959,1957,296,1956,1890,29,15627,30,6904],"class_list":{"0":"post-269858","1":"post","2":"type-post","3":"status-publish","4":"format-standard","5":"has-post-thumbnail","7":"category-brandenburg","8":"tag-aktuelle-nachrichten-aus-berlin-und-brandenburg","9":"tag-aktuelle-nachrichten-aus-brandenburg","10":"tag-aktuelle-news-aus-berlin-und-brandenburg","11":"tag-aktuelle-news-aus-brandenburg","12":"tag-berlin","13":"tag-berlin-und-brandenburg","14":"tag-brandenburg","15":"tag-deutschland","16":"tag-gaskraftwerk","17":"tag-germany","18":"tag-lausitz"},"share_on_mastodon":{"url":"https:\/\/pubeurope.com\/@de\/114863167604282017","error":""},"_links":{"self":[{"href":"https:\/\/www.europesays.com\/de\/wp-json\/wp\/v2\/posts\/269858","targetHints":{"allow":["GET"]}}],"collection":[{"href":"https:\/\/www.europesays.com\/de\/wp-json\/wp\/v2\/posts"}],"about":[{"href":"https:\/\/www.europesays.com\/de\/wp-json\/wp\/v2\/types\/post"}],"author":[{"embeddable":true,"href":"https:\/\/www.europesays.com\/de\/wp-json\/wp\/v2\/users\/2"}],"replies":[{"embeddable":true,"href":"https:\/\/www.europesays.com\/de\/wp-json\/wp\/v2\/comments?post=269858"}],"version-history":[{"count":0,"href":"https:\/\/www.europesays.com\/de\/wp-json\/wp\/v2\/posts\/269858\/revisions"}],"wp:featuredmedia":[{"embeddable":true,"href":"https:\/\/www.europesays.com\/de\/wp-json\/wp\/v2\/media\/269859"}],"wp:attachment":[{"href":"https:\/\/www.europesays.com\/de\/wp-json\/wp\/v2\/media?parent=269858"}],"wp:term":[{"taxonomy":"category","embeddable":true,"href":"https:\/\/www.europesays.com\/de\/wp-json\/wp\/v2\/categories?post=269858"},{"taxonomy":"post_tag","embeddable":true,"href":"https:\/\/www.europesays.com\/de\/wp-json\/wp\/v2\/tags?post=269858"}],"curies":[{"name":"wp","href":"https:\/\/api.w.org\/{rel}","templated":true}]}}