{"id":269910,"date":"2025-07-16T14:00:15","date_gmt":"2025-07-16T14:00:15","guid":{"rendered":"https:\/\/www.europesays.com\/de\/269910\/"},"modified":"2025-07-16T14:00:15","modified_gmt":"2025-07-16T14:00:15","slug":"hwk-fuer-schwaben-augsburg-noch-tausend-lehrstellen-frei-radio-fantasy","status":"publish","type":"post","link":"https:\/\/www.europesays.com\/de\/269910\/","title":{"rendered":"HWK f\u00fcr Schwaben\/Augsburg: Noch tausend Lehrstellen frei &#8211; Radio Fantasy"},"content":{"rendered":"<p>\t\t\tDer offizielle Ausbildungsbeginn 2025 ist in Sichtweite: Im September geht es wieder los.<br \/>Wenn Ihr noch keine Stelle habt und auf der Suche seid, solltet Ihr Gas geben.<br \/>Die gute Nachricht: Es sind noch hunderte Jobs zu haben. Die Handwerkskammer f\u00fcr Schwaben mit Sitz in Augsburg hat in ihrer Lehrstellenb\u00f6rse gerade um die tausend freie Ausbildungsstellen, verteilt auf alle Landkreise und kreisfreie St\u00e4dte bis hinunter ins Allg\u00e4u.<br \/>Die HWK betont, dass nicht alle Stellen gelistet sind, das Angebot ist noch gr\u00f6\u00dfer. Viele Handwerksbetriebe konzentrieren sich auf ihre Firmenwebsite oder Social-Media.            <\/p>\n","protected":false},"excerpt":{"rendered":"Der offizielle Ausbildungsbeginn 2025 ist in Sichtweite: Im September geht es wieder los.Wenn Ihr noch keine Stelle habt&hellip;\n","protected":false},"author":2,"featured_media":269911,"comment_status":"","ping_status":"","sticky":false,"template":"","format":"standard","meta":{"footnotes":""},"categories":[1846],"tags":[680,772,3364,29,548,663,3934,30,13,14,15,12],"class_list":{"0":"post-269910","1":"post","2":"type-post","3":"status-publish","4":"format-standard","5":"has-post-thumbnail","7":"category-augsburg","8":"tag-augsburg","9":"tag-bayern","10":"tag-de","11":"tag-deutschland","12":"tag-eu","13":"tag-europa","14":"tag-europe","15":"tag-germany","16":"tag-headlines","17":"tag-nachrichten","18":"tag-news","19":"tag-schlagzeilen"},"share_on_mastodon":{"url":"https:\/\/pubeurope.com\/@de\/114863277762989940","error":""},"_links":{"self":[{"href":"https:\/\/www.europesays.com\/de\/wp-json\/wp\/v2\/posts\/269910","targetHints":{"allow":["GET"]}}],"collection":[{"href":"https:\/\/www.europesays.com\/de\/wp-json\/wp\/v2\/posts"}],"about":[{"href":"https:\/\/www.europesays.com\/de\/wp-json\/wp\/v2\/types\/post"}],"author":[{"embeddable":true,"href":"https:\/\/www.europesays.com\/de\/wp-json\/wp\/v2\/users\/2"}],"replies":[{"embeddable":true,"href":"https:\/\/www.europesays.com\/de\/wp-json\/wp\/v2\/comments?post=269910"}],"version-history":[{"count":0,"href":"https:\/\/www.europesays.com\/de\/wp-json\/wp\/v2\/posts\/269910\/revisions"}],"wp:featuredmedia":[{"embeddable":true,"href":"https:\/\/www.europesays.com\/de\/wp-json\/wp\/v2\/media\/269911"}],"wp:attachment":[{"href":"https:\/\/www.europesays.com\/de\/wp-json\/wp\/v2\/media?parent=269910"}],"wp:term":[{"taxonomy":"category","embeddable":true,"href":"https:\/\/www.europesays.com\/de\/wp-json\/wp\/v2\/categories?post=269910"},{"taxonomy":"post_tag","embeddable":true,"href":"https:\/\/www.europesays.com\/de\/wp-json\/wp\/v2\/tags?post=269910"}],"curies":[{"name":"wp","href":"https:\/\/api.w.org\/{rel}","templated":true}]}}