{"id":269936,"date":"2025-07-16T14:13:14","date_gmt":"2025-07-16T14:13:14","guid":{"rendered":"https:\/\/www.europesays.com\/de\/269936\/"},"modified":"2025-07-16T14:13:14","modified_gmt":"2025-07-16T14:13:14","slug":"ukrainisches-parlament-stimmt-fuer-entlassung-der-regierung","status":"publish","type":"post","link":"https:\/\/www.europesays.com\/de\/269936\/","title":{"rendered":"Ukrainisches Parlament stimmt f\u00fcr Entlassung der Regierung"},"content":{"rendered":"<p>                    <img decoding=\"async\" loading=\"lazy\" class=\"internal-image\" title=\"Denys Schmyhal spricht w\u00e4hrend einer Pressekonferenz und gestikuliert mit beiden H\u00e4nden. \" alt=\"Denys Schmyhal spricht w\u00e4hrend einer Pressekonferenz und gestikuliert mit beiden H\u00e4nden. \" src=\"https:\/\/www.europesays.com\/de\/wp-content\/uploads\/2025\/07\/schmyhal-ukraine-100-1920x1080.jpg\" \/><\/p>\n<p>                  Der R\u00fccktritt des ukrainischen Ministerpr\u00e4sident Schmyhal wurde vom Parlament best\u00e4tigt. (Efrem Lukatsky\/AP\/dpa)<\/p>\n<p>F\u00fcr die Entlassung stimmten nach Angaben eines Abgeordneten 261 Parlamentarier. Demnach gab es keine Gegenstimmen. Vier Abgeordnete enthielten sich.\u00a0Schmyhal hatte am Vortag seinen R\u00fccktritt eingereicht. Am Montag hatte Pr\u00e4sident Selenskyj eine der Stellvertreterinnen Schmyhals, Swyrydenko, zur Bildung eines neuen Kabinetts aufgefordert. Selenskyj begr\u00fcndete den geplanten Wechsel unter anderem damit, der \u00d6konomie neue Impulse verleihen zu wollen. Die 39-j\u00e4hrige Swyrydenko gilt als Wirtschaftsfachfrau. Schmyhal soll Berichten zufolge Verteidigungsminister werden. Die Ernennung der neuen Regierung soll morgen erfolgen.<\/p>\n<p>Diese Nachricht wurde am 16.07.2025 im Programm Deutschlandfunk gesendet.<\/p>\n","protected":false},"excerpt":{"rendered":"Der R\u00fccktritt des ukrainischen Ministerpr\u00e4sident Schmyhal wurde vom Parlament best\u00e4tigt. (Efrem Lukatsky\/AP\/dpa) F\u00fcr die Entlassung stimmten nach Angaben&hellip;\n","protected":false},"author":2,"featured_media":269937,"comment_status":"","ping_status":"","sticky":false,"template":"","format":"standard","meta":{"footnotes":""},"categories":[4012],"tags":[331,332,13,14,15,12,317],"class_list":{"0":"post-269936","1":"post","2":"type-post","3":"status-publish","4":"format-standard","5":"has-post-thumbnail","7":"category-ukraine","8":"tag-aktuelle-nachrichten","9":"tag-aktuelle-news","10":"tag-headlines","11":"tag-nachrichten","12":"tag-news","13":"tag-schlagzeilen","14":"tag-ukraine"},"share_on_mastodon":{"url":"https:\/\/pubeurope.com\/@de\/114863329008111050","error":""},"_links":{"self":[{"href":"https:\/\/www.europesays.com\/de\/wp-json\/wp\/v2\/posts\/269936","targetHints":{"allow":["GET"]}}],"collection":[{"href":"https:\/\/www.europesays.com\/de\/wp-json\/wp\/v2\/posts"}],"about":[{"href":"https:\/\/www.europesays.com\/de\/wp-json\/wp\/v2\/types\/post"}],"author":[{"embeddable":true,"href":"https:\/\/www.europesays.com\/de\/wp-json\/wp\/v2\/users\/2"}],"replies":[{"embeddable":true,"href":"https:\/\/www.europesays.com\/de\/wp-json\/wp\/v2\/comments?post=269936"}],"version-history":[{"count":0,"href":"https:\/\/www.europesays.com\/de\/wp-json\/wp\/v2\/posts\/269936\/revisions"}],"wp:featuredmedia":[{"embeddable":true,"href":"https:\/\/www.europesays.com\/de\/wp-json\/wp\/v2\/media\/269937"}],"wp:attachment":[{"href":"https:\/\/www.europesays.com\/de\/wp-json\/wp\/v2\/media?parent=269936"}],"wp:term":[{"taxonomy":"category","embeddable":true,"href":"https:\/\/www.europesays.com\/de\/wp-json\/wp\/v2\/categories?post=269936"},{"taxonomy":"post_tag","embeddable":true,"href":"https:\/\/www.europesays.com\/de\/wp-json\/wp\/v2\/tags?post=269936"}],"curies":[{"name":"wp","href":"https:\/\/api.w.org\/{rel}","templated":true}]}}