{"id":269940,"date":"2025-07-16T14:15:13","date_gmt":"2025-07-16T14:15:13","guid":{"rendered":"https:\/\/www.europesays.com\/de\/269940\/"},"modified":"2025-07-16T14:15:13","modified_gmt":"2025-07-16T14:15:13","slug":"vff-seadays-2025-fuehren-nach-grossbritannien","status":"publish","type":"post","link":"https:\/\/www.europesays.com\/de\/269940\/","title":{"rendered":"VFF Seadays 2025 f\u00fchren nach Gro\u00dfbritannien"},"content":{"rendered":"<p>  <a class=\"ImageModal\" href=\"https:\/\/www.fvw.de\/news\/media\/30\/VFF-Seadays-2025-298240.jpeg\" rel=\"nofollow noopener\" target=\"_blank\">   <\/a> <\/p>\n<p class=\"ArticleCopy ArticleCopy-lead\"> Der Verband der F\u00e4hrschifffahrt und F\u00e4hrtouristik (VFF) l\u00e4dt vom 12. bis 16. Oktober zu den VFF Seadays 2025 ein. Gastgeber der Reise sind DFDS, P&amp;O Ferries, Travelling Britain und Visit Britain.<\/p>\n<p> Im Rahmen der f\u00fcnft\u00e4gigen Info-Reise\u00a0f\u00fchrt mit DFDS und P&amp;O Ferries nach Schottland und Nordengland \u2013 mit Stationen in E <\/p>\n<p> Jetzt Angebot w\u00e4hlen und weiterlesen! <\/p>\n<p>      1 Monat <a href=\"https:\/\/shop.fvw.de\/order\/fvw-de\/digital-abo\/jahresabo-v\/Digitalabo-60\/angebot?utm_source=cms_paywall&amp;utm_medium=artikel&amp;utm_campaign=3abo_1monat_Fallback\" rel=\"nofollow noopener\" target=\"_blank\"> <\/p>\n<p> 16 \u20ac <\/p>\n<p> <\/a> <\/p>\n<ul>\n<li>zum Testen<\/li>\n<li>danach 23,25 \u20ac mtl.<\/li>\n<\/ul>\n<p>      24 Monate <a href=\"https:\/\/shop.fvw.de\/order\/fvw-de\/digital-abo\/jahresabo-v\/24-Monate-Digital-55\/angebot?utm_source=CMS_paywall&amp;utm_medium=artikel&amp;utm_campaign=3abo_24monate_Fallback\" rel=\"nofollow noopener\" target=\"_blank\"> <\/p>\n<p> 12 \u20ac mtl. <\/p>\n<p> <\/a> <\/p>\n<ul>\n<li>gr\u00f6\u00dfter Preisvorteil<\/li>\n<li>270 \u20ac sparen<\/li>\n<\/ul>\n<p>     fvw|TravelTalk Digital <\/p>\n<ul>\n<li>Vollzugriff auf fvw.de inkl. E-Paper<\/li>\n<li>PEP-Ausweis f\u00fcr 2 Jahre kostenlos<\/li>\n<li>Erm\u00e4\u00dfigungen bei allen Events<\/li>\n<\/ul>\n<p>  <a href=\"https:\/\/www.fvw.de\/service\/mehrplatzlizenz\/\" class=\"ButtonMoreContent\" data-pw-ev=\"arena-more\" rel=\"nofollow noopener\" target=\"_blank\">fvw|TravelTalk Mehrplatzlizenzen f\u00fcr Ihr Team<\/a>    <\/p>\n","protected":false},"excerpt":{"rendered":"Der Verband der F\u00e4hrschifffahrt und F\u00e4hrtouristik (VFF) l\u00e4dt vom 12. bis 16. Oktober zu den VFF Seadays 2025&hellip;\n","protected":false},"author":2,"featured_media":269941,"comment_status":"","ping_status":"","sticky":false,"template":"","format":"standard","meta":{"footnotes":""},"categories":[3976],"tags":[331,332,13,14,15,12,3992,3993,3994,3995,3996,3997],"class_list":{"0":"post-269940","1":"post","2":"type-post","3":"status-publish","4":"format-standard","5":"has-post-thumbnail","7":"category-vereinigtes-koenigreich","8":"tag-aktuelle-nachrichten","9":"tag-aktuelle-news","10":"tag-headlines","11":"tag-nachrichten","12":"tag-news","13":"tag-schlagzeilen","14":"tag-uk","15":"tag-united-kingdom","16":"tag-united-kingdom-of-great-britain-and-northern-ireland","17":"tag-vereinigtes-koenigreich","18":"tag-vereinigtes-koenigreich-grossbritannien-und-nordirland","19":"tag-vereinigtes-koenigreich-von-grossbritannien-und-nordirland"},"share_on_mastodon":{"url":"https:\/\/pubeurope.com\/@de\/114863336866469137","error":""},"_links":{"self":[{"href":"https:\/\/www.europesays.com\/de\/wp-json\/wp\/v2\/posts\/269940","targetHints":{"allow":["GET"]}}],"collection":[{"href":"https:\/\/www.europesays.com\/de\/wp-json\/wp\/v2\/posts"}],"about":[{"href":"https:\/\/www.europesays.com\/de\/wp-json\/wp\/v2\/types\/post"}],"author":[{"embeddable":true,"href":"https:\/\/www.europesays.com\/de\/wp-json\/wp\/v2\/users\/2"}],"replies":[{"embeddable":true,"href":"https:\/\/www.europesays.com\/de\/wp-json\/wp\/v2\/comments?post=269940"}],"version-history":[{"count":0,"href":"https:\/\/www.europesays.com\/de\/wp-json\/wp\/v2\/posts\/269940\/revisions"}],"wp:featuredmedia":[{"embeddable":true,"href":"https:\/\/www.europesays.com\/de\/wp-json\/wp\/v2\/media\/269941"}],"wp:attachment":[{"href":"https:\/\/www.europesays.com\/de\/wp-json\/wp\/v2\/media?parent=269940"}],"wp:term":[{"taxonomy":"category","embeddable":true,"href":"https:\/\/www.europesays.com\/de\/wp-json\/wp\/v2\/categories?post=269940"},{"taxonomy":"post_tag","embeddable":true,"href":"https:\/\/www.europesays.com\/de\/wp-json\/wp\/v2\/tags?post=269940"}],"curies":[{"name":"wp","href":"https:\/\/api.w.org\/{rel}","templated":true}]}}