{"id":269954,"date":"2025-07-16T14:23:11","date_gmt":"2025-07-16T14:23:11","guid":{"rendered":"https:\/\/www.europesays.com\/de\/269954\/"},"modified":"2025-07-16T14:23:11","modified_gmt":"2025-07-16T14:23:11","slug":"pharma-deutschland-entscheidung-des-bundesverfassungsgerichts-zum","status":"publish","type":"post","link":"https:\/\/www.europesays.com\/de\/269954\/","title":{"rendered":"Pharma Deutschland: Entscheidung des Bundesverfassungsgerichts zum &#8230;"},"content":{"rendered":"<p class=\"date\">16.07.2025 \u2013 14:33<\/p>\n<p class=\"customer\">\n                        <a class=\"story-customer\" title=\"weiter zum newsroom von Pharma Deutschland e.V.\" href=\"https:\/\/www.presseportal.de\/nr\/54882\" target=\"_blank\" rel=\"noopener\">Pharma Deutschland e.V.<\/a>\n                    <\/p>\n<p><a data-category=\"citylink-story-view\" data-action=\"click\" data-label=\"Citylink in Meldungsansicht\" class=\"story-city event-trigger\" href=\"https:\/\/www.presseportal.de\/regional\/Berlin\" title=\"News aus Berlin \" target=\"_blank\" rel=\"noopener\">Berlin<\/a> (ots)<\/p>\n<p><b>Ablehnung der Verfassungsbeschwerden verst\u00e4rkt einseitige Kostenverteilung zulasten eines gesamten Industriezweigs<\/b><\/p>\n<p> Pharma Deutschland sieht den ersten heutigen Beschluss des Bundesverfassungsgerichts zur Zur\u00fcckweisung der Verfassungsbeschwerden gegen die Preisregulierungsma\u00dfnahmen des GKV-Finanzstabilisierungsgesetzes kritisch. Der Verband bewertet die Entscheidung als falsches Signal f\u00fcr den Pharmastandort Deutschland und warnt vor langfristigen Folgen f\u00fcr Innovation und Grundversorgung im Gesundheitswesen. <\/p>\n<p> &#8222;Das Urteil bekr\u00e4ftigt einen gesetzgeberischen Kurs der Vergangenheit, der die Innovationskraft und Investitionsbereitschaft der pharmazeutischen Industrie in Deutschland massiv schw\u00e4cht. Mit der Entscheidung des Bundesverfassungsgerichtes werden die grundrechtliche Dimension der dauerhaften Eingriffe in die unternehmerische Freiheit und die Folgen f\u00fcr die Versorgungsqualit\u00e4t f\u00fcr Patientinnen und Patienten aus unserer Sicht gravierend untersch\u00e4tzt. \u00dcberh\u00f6hte Preisregulierung gef\u00e4hrdet die Entwicklung von und den Zugang zu neuen, lebenswichtigen Therapien &#8211; und auch die Grundversorgung in unserem Land&#8220;, erkl\u00e4rt Dorothee Brakmann, Hauptgesch\u00e4ftsf\u00fchrerin von Pharma Deutschland. <\/p>\n<p> Die heute vom Bundesverfassungsgericht als verh\u00e4ltnism\u00e4\u00dfig best\u00e4tigten Ma\u00dfnahmen der ehemaligen Bundesregierung greifen tief in die \u00f6konomischen Grundlagen der pharmazeutischen Unternehmen ein. Das Bundesverfassungsgericht ber\u00fccksichtigt aus Sicht von Pharma Deutschland nicht hinreichend, dass eine fortgesetzte finanzielle Aush\u00f6hlung der Innovationskraft auch unmittelbare Konsequenzen f\u00fcr die Versorgungssicherheit in Deutschland hat. <\/p>\n<p> Pharma Deutschland kritisiert zudem, dass das Gericht der Politik faktisch Carte blanche f\u00fcr weitreichende Preisvorgaben gibt, ohne strukturelle Ursachen der Finanzprobleme der gesetzlichen Krankenversicherung in den Blick zu nehmen. Anstelle ausgewogener L\u00f6sungen dominiert ein Kurs der kurzfristigen Ausgabenk\u00fcrzung &#8211; zu Lasten langfristiger Innovations- und Versorgungsqualit\u00e4t. Pharmazeutische Unternehmen werden so zum finanziellen Reparaturbetrieb eines Systems, dessen Fehlanreize an ganz anderer Stelle entstehen. Auf der Hand liegende Effizienzreserven werden somit nicht angegangen. <\/p>\n<p> Pharma Deutschland appelliert an die neue Bundesregierung und die Gesetzgeber, die heutige Entscheidung nicht als Freibrief f\u00fcr weitere Belastungen zu verstehen. Der Verband fordert eine R\u00fcckkehr zu verl\u00e4sslichen, investitions- und versorgungsfreundlichen Rahmenbedingungen, um den Wirtschaftsstandort Deutschland und die Versorgung nicht zu schw\u00e4chen. Nur so kann Deutschland ein f\u00fchrender Standort f\u00fcr Forschung bleiben und die medizinische Versorgung auf Spitzenniveau dauerhaft sichern. <\/p>\n<p> ______________ <\/p>\n<p><b>Der Pharma Deutschland e.V. ist der mitgliederst\u00e4rkste Branchenverband der Pharmaindustrie in Deutschland. Er vertritt die Interessen von rund 400 Mitgliedsunternehmen, die in Deutschland ca. 80.000 Mitarbeiterinnen und Mitarbeiter besch\u00e4ftigen. Die in Pharma Deutschland e.V. organisierten Unternehmen tragen ma\u00dfgeblich dazu bei, die Arzneimittelversorgung in Deutschland zu sichern. So stellen sie fast 80 Prozent der in Apotheken verkauften rezeptfreien und fast zwei Drittel der rezeptpflichtigen Arzneimittel sowie einen Gro\u00dfteil der stofflichen Medizinprodukte f\u00fcr die Patientinnen und Patienten bereit. Unter  <a target=\"_blank\" class=\"uri-ext outbound\" rel=\"noopener\" href=\"http:\/\/www.pharmadeutschland.de\/\">www.pharmadeutschland.de<\/a> gibt es mehr Informationen zu Pharma Deutschland.<\/b><\/p>\n<p class=\"contact-headline\">Pressekontakt:<\/p>\n<p class=\"contact-text\">Ihre Ansprechpartner in der Pressestelle von Pharma Deutschland:<\/p>\n<p>Hannes H\u00f6nemann<br \/>Leiter Abteilung Presse- und \u00d6ffentlichkeitsarbeit<br \/>T. 030 | 3087596-138<br \/><a href=\"https:\/\/www.presseportal.de\/pm\/54882\/mailto: hoenemann@pharmadeutschland.de\" class=\"uri-mailto\" target=\"_blank\" rel=\"noopener\"> hoenemann@pharmadeutschland.de<\/a><\/p>\n<p>Anna Frederike Gutzeit<br \/>CvD Presse- und \u00d6ffentlichkeitsarbeit<br \/>T. 030 | 3087596-114<br \/><a href=\"https:\/\/www.presseportal.de\/pm\/54882\/mailto: gutzeit@pharmadeutschland.de\" class=\"uri-mailto\" target=\"_blank\" rel=\"noopener\"> gutzeit@pharmadeutschland.de<\/a><\/p>\n<p>Gesch\u00e4ftsstelle Berlin<br \/>Pharma Deutschland e.V.<br \/>Friedrichstra\u00dfe 134<br \/>10117 Berlin<\/p>\n<p>Gesch\u00e4ftsstelle Bonn<br \/>Pharma Deutschland e.V.<br \/>Ubierstra\u00dfe 71-73<br \/>53173 Bonn<\/p>\n<p>Gesch\u00e4ftsstelle Br\u00fcssel<br \/>Pharma Deutschland e.V.<br \/>Rue Marie de Bourgogne 58<br \/>1000 Br\u00fcssel<\/p>\n<p><a target=\"_blank\" class=\"uri-ext outbound\" rel=\"noopener\" href=\"https:\/\/www.pharmadeutschland.de\">www.pharmadeutschland.de<\/a><br \/>LinkedIn: <a target=\"_blank\" class=\"uri-ext outbound\" rel=\"noopener\" href=\"https:\/\/www.linkedin.com\/company\/pharmadeutschland\/\">https:\/\/www.linkedin.com\/company\/pharmadeutschland\/<\/a><br \/>X: <a target=\"_blank\" class=\"uri-ext outbound\" rel=\"noopener\" href=\"https:\/\/x.com\/PharmaDeu\">https:\/\/x.com\/PharmaDeu<\/a><\/p>\n<p class=\"originator\">Original-Content von: Pharma Deutschland e.V., \u00fcbermittelt durch news aktuell<\/p>\n","protected":false},"excerpt":{"rendered":"16.07.2025 \u2013 14:33 Pharma Deutschland e.V. Berlin (ots) Ablehnung der Verfassungsbeschwerden verst\u00e4rkt einseitige Kostenverteilung zulasten eines gesamten Industriezweigs&hellip;\n","protected":false},"author":2,"featured_media":108,"comment_status":"","ping_status":"","sticky":false,"template":"","format":"standard","meta":{"footnotes":""},"categories":[1842],"tags":[1741,3364,29,1721,30,4583,4612,81298,1188,1209,6802,178,180,179,181,1013,11908],"class_list":{"0":"post-269954","1":"post","2":"type-post","3":"status-publish","4":"format-standard","5":"has-post-thumbnail","7":"category-bonn","8":"tag-bonn","9":"tag-de","10":"tag-deutschland","11":"tag-finanzen","12":"tag-germany","13":"tag-gesetze","14":"tag-gesundheitspolitik","15":"tag-gkv-finanzstabilisierungsgesetz","16":"tag-krankenversicherung","17":"tag-nordrhein-westfalen","18":"tag-pharmaindustrie","19":"tag-presse","20":"tag-pressemeldung","21":"tag-pressemitteilung","22":"tag-pressemitteilungen","23":"tag-rechtsprechung","24":"tag-verbnde"},"share_on_mastodon":{"url":"https:\/\/pubeurope.com\/@de\/114863367987465450","error":""},"_links":{"self":[{"href":"https:\/\/www.europesays.com\/de\/wp-json\/wp\/v2\/posts\/269954","targetHints":{"allow":["GET"]}}],"collection":[{"href":"https:\/\/www.europesays.com\/de\/wp-json\/wp\/v2\/posts"}],"about":[{"href":"https:\/\/www.europesays.com\/de\/wp-json\/wp\/v2\/types\/post"}],"author":[{"embeddable":true,"href":"https:\/\/www.europesays.com\/de\/wp-json\/wp\/v2\/users\/2"}],"replies":[{"embeddable":true,"href":"https:\/\/www.europesays.com\/de\/wp-json\/wp\/v2\/comments?post=269954"}],"version-history":[{"count":0,"href":"https:\/\/www.europesays.com\/de\/wp-json\/wp\/v2\/posts\/269954\/revisions"}],"wp:featuredmedia":[{"embeddable":true,"href":"https:\/\/www.europesays.com\/de\/wp-json\/wp\/v2\/media\/108"}],"wp:attachment":[{"href":"https:\/\/www.europesays.com\/de\/wp-json\/wp\/v2\/media?parent=269954"}],"wp:term":[{"taxonomy":"category","embeddable":true,"href":"https:\/\/www.europesays.com\/de\/wp-json\/wp\/v2\/categories?post=269954"},{"taxonomy":"post_tag","embeddable":true,"href":"https:\/\/www.europesays.com\/de\/wp-json\/wp\/v2\/tags?post=269954"}],"curies":[{"name":"wp","href":"https:\/\/api.w.org\/{rel}","templated":true}]}}