{"id":269966,"date":"2025-07-16T14:30:15","date_gmt":"2025-07-16T14:30:15","guid":{"rendered":"https:\/\/www.europesays.com\/de\/269966\/"},"modified":"2025-07-16T14:30:15","modified_gmt":"2025-07-16T14:30:15","slug":"noch-ein-verfahren-diesmal-in-hannover","status":"publish","type":"post","link":"https:\/\/www.europesays.com\/de\/269966\/","title":{"rendered":"Noch ein Verfahren \u2013 diesmal in Hannover"},"content":{"rendered":"<p>Offenbar neue Enth\u00fcllungen <\/p>\n<p>Wegen Jimi Blue Ochsenknecht wird auch in Hannover ermittelt<\/p>\n<p>16.07.2025 &#8211; 16:16 UhrLesedauer: 2 Min.<\/p>\n<p><a href=\"#focus-0\" class=\"transition-colors duration-200 focus-within:text-magenta block text-current relative\" data-sctrack=\"FocusGalleryImage.Reference\"><img fetchpriority=\"high\" data-testid=\"Opener.Image\" style=\"--lqipURL:url('https:\/\/images.t-online.de\/2025\/07\/YWDGF5oQiAo4\/0x468:2660x1496\/fit-in\/150x0\/filters:blur(25)\/jimi-blue-ochsenknecht-bei-der-eroeffnung-einer-bar-archivfoto-mittlerweile-wurde-er-nach-oesterreichi-ausgeliefert.jpg')\"   loading=\"eager\" src=\"https:\/\/www.europesays.com\/de\/wp-content\/uploads\/2025\/07\/jimi-blue-ochsenknecht-bei-der-eroeffnung-einer-bar-archivfoto-mittlerweile-wurde-er-nach-oesterreic.jpeg\" alt=\"Jimi Blue Ochsenknecht bei der Er\u00f6ffnung einer Bar (Archivfoto): Mittlerweile wurde er nach \u00d6sterreichi ausgeliefert.\" title=\"Jimi Blue Ochsenknecht bei der Er\u00f6ffnung einer Bar (Archivfoto): Mittlerweile wurde er nach \u00d6sterreichi ausgeliefert.\" width=\"2660\" height=\"1496\" class=\"bg-[url:var(--lqipURL)] bg-cover bg-center flex h-full w-full max-w-full\" decoding=\"async\"\/><img style=\"--width:32;--height:32\" loading=\"lazy\" src=\"https:\/\/www.t-online.de\/s\/paper\/_next\/static\/media\/zoom-in.f7dae02f.svg\" alt=\"Vergr\u00f6\u00dfern des Bildes\" title=\"Vergr\u00f6\u00dfern des Bildes\" class=\"block h-[calc(var(--height)_\/_16_*_1rem)] w-[calc(var(--width)_\/_16_*_1rem)] max-w-none absolute bottom-8 right-8 rounded-4 bg-snow p-8\" decoding=\"async\"\/><\/a><\/p>\n<p>Jimi Blue Ochsenknecht bei der Er\u00f6ffnung einer Bar (Archivfoto): Mittlerweile wurde er nach \u00d6sterreich ausgeliefert. (Quelle: Future Image\/Imago)<\/p>\n<p class=\"font-bold text-18 leading-17\">Skandal-Schauspieler Jimi Blue Ochsenknecht ist nach \u00d6sterreich ausgeliefert worden. Aber auch in Hannover l\u00e4uft offenbar ein Verfahren.<\/p>\n<p class=\"text-18 leading-17\">Die Auslieferung des Schauspielers <a class=\"transition-colors duration-200 cursor-pointer text-inherit no-underline text-salemsfur md:hover:text-magenta md:hover:border-magenta md:focus:text-magenta border-current border-b border-solid break-words\" href=\"https:\/\/www.t-online.de\/themen\/jimi-blue-ochsenknecht\/\" data-sctrack=\"BodyAnchor\" target=\"_blank\" rel=\"noopener\">Jimi Blue Ochsenknecht<\/a> ist am Mittwoch nach <a class=\"transition-colors duration-200 cursor-pointer text-inherit no-underline text-salemsfur md:hover:text-magenta md:hover:border-magenta md:focus:text-magenta border-current border-b border-solid break-words\" href=\"https:\/\/www.t-online.de\/themen\/oesterreich\/\" data-sctrack=\"BodyAnchor\" target=\"_blank\" rel=\"noopener\">\u00d6sterreich<\/a> erfolgt \u2013 am selben Tag wird bekannt, dass nicht nur die \u00f6sterreichischen Beh\u00f6rden Ochsenknecht im Blick hatten. Sondern auch Staatsanwaltschaften in mehreren deutschen St\u00e4dten, darunter auch <a class=\"transition-colors duration-200 cursor-pointer text-inherit no-underline text-salemsfur md:hover:text-magenta md:hover:border-magenta md:focus:text-magenta border-current border-b border-solid break-words\" href=\"https:\/\/www.t-online.de\/region\/hannover\/\" data-sctrack=\"BodyAnchor\" target=\"_blank\" rel=\"noopener\">Hannover<\/a>.<\/p>\n<p class=\"text-18 leading-17\">Die Staatsanwaltschaft fahndete demnach n\u00e4mlich im vergangenen Jahr nach dem Sohn von <a class=\"transition-colors duration-200 cursor-pointer text-inherit no-underline text-salemsfur md:hover:text-magenta md:hover:border-magenta md:focus:text-magenta border-current border-b border-solid break-words\" href=\"https:\/\/www.t-online.de\/themen\/uwe-ochsenknecht\/\" data-sctrack=\"BodyAnchor\" target=\"_blank\" rel=\"noopener\">Uwe Ochsenknecht<\/a>, weil er auf Instagram f\u00fcr ein Online-Casino auf Curacao und einen Sportwetten-Anbieter aus <a class=\"transition-colors duration-200 cursor-pointer text-inherit no-underline text-salemsfur md:hover:text-magenta md:hover:border-magenta md:focus:text-magenta border-current border-b border-solid break-words\" href=\"https:\/\/www.t-online.de\/themen\/malta\/\" data-sctrack=\"BodyAnchor\" target=\"_blank\" rel=\"noopener\">Malta<\/a> geworben haben soll. Da beide Unternehmen keine Lizenz f\u00fcr den deutschen Markt besa\u00dfen, erstattete die Gemeinsame Gl\u00fccksspielbeh\u00f6rde der Bundesl\u00e4nder Anzeige. Der Vorwurf: Werbung f\u00fcr unerlaubtes Gl\u00fccksspiel.<\/p>\n<p class=\"text-18 leading-17\">Doch die Ermittlungen gestalteten sich schwierig. Weil die Fahnder &#8222;keine ladungsf\u00e4hige Anschrift&#8220; ermitteln konnten, wurde das Verfahren vorl\u00e4ufig eingestellt. Erst nach Ochsenknechts Festnahme am Hamburger <a class=\"transition-colors duration-200 cursor-pointer text-inherit no-underline text-salemsfur md:hover:text-magenta md:hover:border-magenta md:focus:text-magenta border-current border-b border-solid break-words\" href=\"https:\/\/www.t-online.de\/themen\/flughafen\/\" data-sctrack=\"BodyAnchor\" target=\"_blank\" rel=\"noopener\">Flughafen<\/a> sollen die Ermittlungen wieder aufgenommen worden sein.<\/p>\n<p class=\"text-18 leading-17\">Hannover war nicht die einzige Stadt, in der Ochsenknecht den Beh\u00f6rden Probleme bereitete. Die Staatsanwaltschaft Gera ermittelte gegen ihn wegen einer mutma\u00dflichen Tankbetr\u00fcgerei: Im Januar 2023 soll er an einer Tankstelle im th\u00fcringischen Schleiz f\u00fcr 116 Euro getankt und nicht bezahlt haben. Die Staatsanwaltschaft beantragte einen Strafbefehl, doch das zust\u00e4ndige Amtsgericht lehnte ab \u2013 es k\u00f6nne nicht ausgeschlossen werden, dass eine von Ochsenknecht angeblich benutzte Tank-App nicht funktioniert habe.<\/p>\n<p class=\"text-18 leading-17\">Ochsenknechts Anwalt teilte dem &#8222;Spiegel&#8220; mit, er k\u00f6nne &#8222;sich zu den meisten Vorw\u00fcrfen wegen der Haftsituation&#8220; nicht einlassen. Nur so viel: &#8222;Unser Mandant ist bis jetzt noch nicht einschl\u00e4gig strafrechtlich in Erscheinung getreten.&#8220;<\/p>\n<p class=\"text-18 leading-17\">Die Staatsanwaltschaft Innsbruck, wo die Ermittlungen gegen Ochsenknecht gef\u00fchrt werden, \u00e4u\u00dferte sich zun\u00e4chst nicht zu dem Fall. Ein Sprecher k\u00fcndigte an, erst Auskunft zu geben, &#8222;wenn die \u00dcberstellung nach \u00d6sterreich erfolgt ist und \u00fcber die weitere Untersuchungshaft entschieden wurde&#8220;.<\/p>\n","protected":false},"excerpt":{"rendered":"Offenbar neue Enth\u00fcllungen Wegen Jimi Blue Ochsenknecht wird auch in Hannover ermittelt 16.07.2025 &#8211; 16:16 UhrLesedauer: 2 Min.&hellip;\n","protected":false},"author":2,"featured_media":269967,"comment_status":"","ping_status":"","sticky":false,"template":"","format":"standard","meta":{"footnotes":""},"categories":[1836],"tags":[3176,3364,29,42578,980,24910,30,46,152,34322,15118,1411,1433,1997,76864],"class_list":{"0":"post-269966","1":"post","2":"type-post","3":"status-publish","4":"format-standard","5":"has-post-thumbnail","7":"category-hannover","8":"tag-3176","9":"tag-de","10":"tag-deutschland","11":"tag-enthuellung","12":"tag-festnahme","13":"tag-flughafen-hamburg","14":"tag-germany","15":"tag-hannover","16":"tag-instagram","17":"tag-jimi-blue-ochsenknecht","18":"tag-malta","19":"tag-niedersachsen","20":"tag-oesterreich","21":"tag-staatsanwaltschaft","22":"tag-uwe-ochsenknecht"},"share_on_mastodon":{"url":"https:\/\/pubeurope.com\/@de\/114863395549359252","error":""},"_links":{"self":[{"href":"https:\/\/www.europesays.com\/de\/wp-json\/wp\/v2\/posts\/269966","targetHints":{"allow":["GET"]}}],"collection":[{"href":"https:\/\/www.europesays.com\/de\/wp-json\/wp\/v2\/posts"}],"about":[{"href":"https:\/\/www.europesays.com\/de\/wp-json\/wp\/v2\/types\/post"}],"author":[{"embeddable":true,"href":"https:\/\/www.europesays.com\/de\/wp-json\/wp\/v2\/users\/2"}],"replies":[{"embeddable":true,"href":"https:\/\/www.europesays.com\/de\/wp-json\/wp\/v2\/comments?post=269966"}],"version-history":[{"count":0,"href":"https:\/\/www.europesays.com\/de\/wp-json\/wp\/v2\/posts\/269966\/revisions"}],"wp:featuredmedia":[{"embeddable":true,"href":"https:\/\/www.europesays.com\/de\/wp-json\/wp\/v2\/media\/269967"}],"wp:attachment":[{"href":"https:\/\/www.europesays.com\/de\/wp-json\/wp\/v2\/media?parent=269966"}],"wp:term":[{"taxonomy":"category","embeddable":true,"href":"https:\/\/www.europesays.com\/de\/wp-json\/wp\/v2\/categories?post=269966"},{"taxonomy":"post_tag","embeddable":true,"href":"https:\/\/www.europesays.com\/de\/wp-json\/wp\/v2\/tags?post=269966"}],"curies":[{"name":"wp","href":"https:\/\/api.w.org\/{rel}","templated":true}]}}