{"id":269981,"date":"2025-07-16T14:38:50","date_gmt":"2025-07-16T14:38:50","guid":{"rendered":"https:\/\/www.europesays.com\/de\/269981\/"},"modified":"2025-07-16T14:38:50","modified_gmt":"2025-07-16T14:38:50","slug":"87-jaehriger-wird-vermisst-hubschrauber-im-einsatz","status":"publish","type":"post","link":"https:\/\/www.europesays.com\/de\/269981\/","title":{"rendered":"87-J\u00e4hriger wird vermisst \u2013 Hubschrauber im Einsatz"},"content":{"rendered":"<p class=\"font-sans font-medium\">Dortmund. Ein 87-J\u00e4hriger Senior wird in Dortmund-Br\u00fcnninghausen vermisst. Die Polizei bittet um Mithilfe. So wird der Vermisste beschrieben.<\/p>\n<p>Seit Mittwoch, 16. Juli, wird ein 87-j\u00e4hriger Bewohner des Minna-Sattler-Seniorenzentrums in Dortmund-Br\u00fcnninghausen vermisst. Der 87-J\u00e4hrige verlie\u00df die Einrichtung ohne Personalausweis, Bargeld und Telefon. Nach Angaben der Polizei Dortmund ist der <a href=\"https:\/\/www.waz.de\/lokales\/essen\/article409161644\/essener-neurologe-es-gibt-gute-nachrichten-zum-thema-demenz.html\" data-category-full-path=\"https:\/\/www.waz.de\/lokales\/essen\/\" data-paid-status=\"premium\" data-article-publish-date=\"1748840400\" target=\"_blank\" rel=\"noopener\">Senior dement<\/a>, orientierungslos und in einem schlechten gesundheitlichen Zustand. <\/p>\n<p>    <img decoding=\"async\" src=\"https:\/\/www.europesays.com\/de\/wp-content\/uploads\/2025\/07\/409528498_1752674602_v16_9_1200.jpeg\" class=\"block w-full aspect-[16\/9] \" alt=\"In Dortmund-Br\u00fcnninghausen wird ein 87-J\u00e4hriger vermisst. \" title=\"In Dortmund-Br\u00fcnninghausen wird ein 87-J\u00e4hriger vermisst. \" loading=\"lazy\"\/><\/p>\n<p>\n      In Dortmund-Br\u00fcnninghausen wird ein 87-J\u00e4hriger vermisst.<br \/>\n      \u00a9 Polizei Dortmund | Polizei Dortmund\n    <\/p>\n<p>    87-J\u00e4hriger in Dortmund vermisst: So wird er beschrieben  <\/p>\n<p>Die Polizei beschreibt den Mann als schlank und 170 cm gro\u00df, er hat graue Haare und einen Schnauzbart. Zum Zeitpunkt seines Verschwindens trug er einen Schlafanzug mit rotem Oberteil und blauer Hose. Zudem tr\u00e4gt er m\u00f6glicherweise eine Augenklappe. <\/p>\n<p>Au\u00dferdem ist bekannt, dass sich der Vermisste nur langsam und mit kleinen Schritten fortbewegt. Er gilt als sturzgef\u00e4hrdet und sieht aufgrund einer Augenerkrankung sehr schlecht bis gar nicht. <\/p>\n<p>    <img decoding=\"async\" src=\"https:\/\/www.europesays.com\/de\/wp-content\/uploads\/2025\/07\/409528500_1752674602_v16_9_1200.jpeg\" class=\"block w-full aspect-[16\/9] \" alt=\"Der 87-J\u00e4hriger ist ein\u00a0Bewohner des Minna-Sattler-Seniorenzentrums in Dortmund-Br\u00fcnninghausen.\" title=\"Der 87-J\u00e4hriger ist ein\u00a0Bewohner des Minna-Sattler-Seniorenzentrums in Dortmund-Br\u00fcnninghausen.\" loading=\"lazy\"\/><\/p>\n<p>\n      Der 87-J\u00e4hriger ist ein\u00a0Bewohner des Minna-Sattler-Seniorenzentrums in Dortmund-Br\u00fcnninghausen.<br \/>\n      \u00a9 Polizei Dortmund | Polizei Dortmund\n    <\/p>\n<p>    Senior wird in Dortmund gesucht \u2013 mit Hubschrauber und Rettungshundestaffel  <\/p>\n<p>Um den Vermissten zu finden, sind auch eine <a href=\"https:\/\/www.waz.de\/region\/rhein-und-ruhr\/article242045336\/Bochum-Helden-auf-4-Pfoten-was-Rettungshunde-alles-koennen.html\" data-category-full-path=\"\/region\/rhein-und-ruhr\/\" data-paid-status=\"premium\" data-article-publish-date=\"1712500254\" target=\"_blank\" rel=\"noopener\">Rettungshundestaffel<\/a> und ein Hubschrauber im Einsatz. Die Polizei bittet um Mithilfe und nimmt Hinweise unter der Telefonnummer 0231\/1327441 entgegen.<\/p>\n","protected":false},"excerpt":{"rendered":"Dortmund. Ein 87-J\u00e4hriger Senior wird in Dortmund-Br\u00fcnninghausen vermisst. Die Polizei bittet um Mithilfe. So wird der Vermisste beschrieben.&hellip;\n","protected":false},"author":2,"featured_media":269982,"comment_status":"","ping_status":"","sticky":false,"template":"","format":"standard","meta":{"footnotes":""},"categories":[1833],"tags":[3364,29,217,30,1209],"class_list":{"0":"post-269981","1":"post","2":"type-post","3":"status-publish","4":"format-standard","5":"has-post-thumbnail","7":"category-dortmund","8":"tag-de","9":"tag-deutschland","10":"tag-dortmund","11":"tag-germany","12":"tag-nordrhein-westfalen"},"share_on_mastodon":{"url":"https:\/\/pubeurope.com\/@de\/114863430843195287","error":""},"_links":{"self":[{"href":"https:\/\/www.europesays.com\/de\/wp-json\/wp\/v2\/posts\/269981","targetHints":{"allow":["GET"]}}],"collection":[{"href":"https:\/\/www.europesays.com\/de\/wp-json\/wp\/v2\/posts"}],"about":[{"href":"https:\/\/www.europesays.com\/de\/wp-json\/wp\/v2\/types\/post"}],"author":[{"embeddable":true,"href":"https:\/\/www.europesays.com\/de\/wp-json\/wp\/v2\/users\/2"}],"replies":[{"embeddable":true,"href":"https:\/\/www.europesays.com\/de\/wp-json\/wp\/v2\/comments?post=269981"}],"version-history":[{"count":0,"href":"https:\/\/www.europesays.com\/de\/wp-json\/wp\/v2\/posts\/269981\/revisions"}],"wp:featuredmedia":[{"embeddable":true,"href":"https:\/\/www.europesays.com\/de\/wp-json\/wp\/v2\/media\/269982"}],"wp:attachment":[{"href":"https:\/\/www.europesays.com\/de\/wp-json\/wp\/v2\/media?parent=269981"}],"wp:term":[{"taxonomy":"category","embeddable":true,"href":"https:\/\/www.europesays.com\/de\/wp-json\/wp\/v2\/categories?post=269981"},{"taxonomy":"post_tag","embeddable":true,"href":"https:\/\/www.europesays.com\/de\/wp-json\/wp\/v2\/tags?post=269981"}],"curies":[{"name":"wp","href":"https:\/\/api.w.org\/{rel}","templated":true}]}}