{"id":26999,"date":"2025-04-12T21:51:09","date_gmt":"2025-04-12T21:51:09","guid":{"rendered":"https:\/\/www.europesays.com\/de\/26999\/"},"modified":"2025-04-12T21:51:09","modified_gmt":"2025-04-12T21:51:09","slug":"aggressive-mittelmeer-ameise-breitet-sich-in-deutschland-aus","status":"publish","type":"post","link":"https:\/\/www.europesays.com\/de\/26999\/","title":{"rendered":"Aggressive Mittelmeer-Ameise breitet sich in Deutschland aus"},"content":{"rendered":"<p class=\"metatextline\">Stand: 12.04.2025 15:53 Uhr<\/p>\n<p class=\"textabsatz columns twelve  m-ten  m-offset-one l-eight l-offset-two\">\n        <strong>Eine invasive Ameisenart aus dem Mittelmeerraum wird in Deutschland zum Problem. Sie dringt in H\u00e4user ein, legt das Internet lahm und sorgt f\u00fcr Stromausf\u00e4lle. Ein Forschungsprojekt soll Abhilfe verschaffen.<\/strong>\n    <\/p>\n<p class=\"textabsatz m-ten m-offset-one l-eight l-offset-two columns twelve\">\nF\u00fcr den Menschen sind sie wohl ungef\u00e4hrlich, an Geb\u00e4uden und technischer Infrastruktur jedoch k\u00f6nnen sie massive Sch\u00e4den anrichten: Ameisen der Art Tapinoma magnum, die eigentlich im Mittelmeerraum angesiedelt ist, breiten sich in Deutschland aus. Die Krabbler k\u00e4men nicht nur im S\u00fcden, sondern inzwischen auch in K\u00f6ln und Hannover vor, sagte der Ameisenfachmann Manfred Verhaagh vom Karlsruher Naturkundemuseum bei einer Konferenz im badischen Offenburg.<\/p>\n<p class=\"textabsatz m-ten m-offset-one l-eight l-offset-two columns twelve\">\nBesonders betroffen seien Baden-W\u00fcrttemberg, Rheinland-Pfalz, Hessen und das ostfranz\u00f6sische Elsass. Der Fachmann warnte vor &#8222;Superkolonien&#8220; mit Hunderttausenden bis Millionen von Tieren. &#8222;Wir werden sie nicht mehr ausrotten k\u00f6nnen&#8220;, sagte Verhaagh. Die Ameisenart sei bereits 2009 in Rheinland-Pfalz nachgewiesen worden. Die Wissenschaft vermute, dass das Insekt mit Pflanzentransporten aus dem Mittelmeerraum nach Deutschland gelangt sei.<\/p>\n<p>    Ameise legt Internet lahm<\/p>\n<p class=\"textabsatz m-ten m-offset-one l-eight l-offset-two columns twelve\">\nIn der badischen Stadt Kehl unweit der franz\u00f6sischen Grenze gab es bereits Strom- und Internetausf\u00e4lle. Auch ein Spielplatz in der Kommune am Oberrhein wurde wegen Unfallgefahr geschlossen &#8211; Ameisen hatten den Boden unterh\u00f6hlt.<\/p>\n<p class=\"textabsatz m-ten m-offset-one l-eight l-offset-two columns twelve\">\nDie Bek\u00e4mpfung gilt auch deshalb als schwierig, weil die Tapinoma magnum aussieht wie eine normale heimische Ameise. Der Name tr\u00fcge, sagen Experten: Besonders gro\u00df sei die Ameise nicht.<\/p>\n<p class=\"textabsatz m-ten m-offset-one l-eight l-offset-two columns twelve\">\nEin vom Land Baden-W\u00fcrttemberg gef\u00f6rdertes Forschungsprojekt der Staatlichen Naturkundemuseen in Stuttgart und Karlsruhe soll nun die Basis f\u00fcr geeignete Gegenma\u00dfnahmen liefern. Fachleute aus dem S\u00fcdwesten und Beh\u00f6rden arbeiten erstmals zusammen, um die Ausbreitung der als aggressiv und bissig geltenden Insekten einzud\u00e4mmen.<\/p>\n<p>    Gro\u00dfe Dr\u00fcsenameise \u2013 invasiver Sch\u00e4dling?<\/p>\n<p class=\"textabsatz m-ten m-offset-one l-eight l-offset-two columns twelve\">\nBeh\u00f6rdenvertreter machten deutlich, dass Tapinoma magnum, die auf Deutsch Gro\u00dfe Dr\u00fcsenameise genannt wird, bisher offiziell nicht als invasiv gelistet wird. Das Bundesamt f\u00fcr Naturschutz sehe derzeit \u00d6kosysteme nicht als gef\u00e4hrdet an, sagte der Landrat des Ortenaukreises, in dem auch die Stadt Kehl liegt, Thorsten Erny. Ameisen tragen in der Regel zum Schutz von \u00d6kosystemen bei. Der baden-w\u00fcrttembergische Umweltstaatssekret\u00e4r Andre Baumann (Gr\u00fcne) sagte, die Ameise Tapinoma magnum sei f\u00fcr ihn aber &#8222;ein Sch\u00e4dling&#8220; &#8211; auch wenn sie rechtlich nicht so bezeichnet werde. Ein Mittel gegen Tapinoma gibt es Experten zufolge noch nicht.<\/p>\n<p class=\"textabsatz m-ten m-offset-one l-eight l-offset-two columns twelve\">\nDie Insekten k\u00f6nnen Fachleuten zufolge keine Krankheiten \u00fcbertragen. Demnach ist aber nicht ausgeschlossen, dass sie bei Menschen zu kurzfristigen Allergien f\u00fchren. Vorkommen von Tapinoma-Ameisen sind Fachleuten zufolge etwa \u00fcber zahlreiche Sandh\u00fcgel an Bordsteinen und Gehwegen zu erkennen. Zudem treten die Insekten massenhaft auf und riechen beim Zerdr\u00fccken nach ranziger Butter, sagt Experte Verhaagh.<\/p>\n","protected":false},"excerpt":{"rendered":"Stand: 12.04.2025 15:53 Uhr Eine invasive Ameisenart aus dem Mittelmeerraum wird in Deutschland zum Problem. Sie dringt in&hellip;\n","protected":false},"author":2,"featured_media":27000,"comment_status":"","ping_status":"","sticky":false,"template":"","format":"standard","meta":{"footnotes":""},"categories":[2],"tags":[15544,29,30,13,12242,14,15,12,10,8,9,11],"class_list":{"0":"post-26999","1":"post","2":"type-post","3":"status-publish","4":"format-standard","5":"has-post-thumbnail","7":"category-deutschland","8":"tag-ameisen","9":"tag-deutschland","10":"tag-germany","11":"tag-headlines","12":"tag-invasive-arten","13":"tag-nachrichten","14":"tag-news","15":"tag-schlagzeilen","16":"tag-top-news","17":"tag-top-meldungen","18":"tag-topmeldungen","19":"tag-topnews"},"share_on_mastodon":{"url":"https:\/\/pubeurope.com\/@de\/114327210381581631","error":""},"_links":{"self":[{"href":"https:\/\/www.europesays.com\/de\/wp-json\/wp\/v2\/posts\/26999","targetHints":{"allow":["GET"]}}],"collection":[{"href":"https:\/\/www.europesays.com\/de\/wp-json\/wp\/v2\/posts"}],"about":[{"href":"https:\/\/www.europesays.com\/de\/wp-json\/wp\/v2\/types\/post"}],"author":[{"embeddable":true,"href":"https:\/\/www.europesays.com\/de\/wp-json\/wp\/v2\/users\/2"}],"replies":[{"embeddable":true,"href":"https:\/\/www.europesays.com\/de\/wp-json\/wp\/v2\/comments?post=26999"}],"version-history":[{"count":0,"href":"https:\/\/www.europesays.com\/de\/wp-json\/wp\/v2\/posts\/26999\/revisions"}],"wp:featuredmedia":[{"embeddable":true,"href":"https:\/\/www.europesays.com\/de\/wp-json\/wp\/v2\/media\/27000"}],"wp:attachment":[{"href":"https:\/\/www.europesays.com\/de\/wp-json\/wp\/v2\/media?parent=26999"}],"wp:term":[{"taxonomy":"category","embeddable":true,"href":"https:\/\/www.europesays.com\/de\/wp-json\/wp\/v2\/categories?post=26999"},{"taxonomy":"post_tag","embeddable":true,"href":"https:\/\/www.europesays.com\/de\/wp-json\/wp\/v2\/tags?post=26999"}],"curies":[{"name":"wp","href":"https:\/\/api.w.org\/{rel}","templated":true}]}}