{"id":269995,"date":"2025-07-16T14:47:22","date_gmt":"2025-07-16T14:47:22","guid":{"rendered":"https:\/\/www.europesays.com\/de\/269995\/"},"modified":"2025-07-16T14:47:22","modified_gmt":"2025-07-16T14:47:22","slug":"bpol-f-mann-schiesst-mit-schreckschusspistole-auf-personen-am-bahnhof-friedrichsdorf","status":"publish","type":"post","link":"https:\/\/www.europesays.com\/de\/269995\/","title":{"rendered":"BPOL-F: Mann schie\u00dft mit Schreckschusspistole auf Personen am Bahnhof Friedrichsdorf &#8230;"},"content":{"rendered":"<p class=\"date\">16.07.2025 \u2013 16:13<\/p>\n<p class=\"customer\">\n                        <a class=\"story-customer\" title=\"weiter zum newsroom von Bundespolizeiinspektion Frankfurt\/Main\" href=\"https:\/\/www.presseportal.de\/blaulicht\/nr\/63987\" rel=\"nofollow noopener\" target=\"_blank\">Bundespolizeiinspektion Frankfurt\/Main<\/a>\n                    <\/p>\n<p><a data-category=\"citylink-story-view\" data-action=\"click\" data-label=\"Citylink in Meldungsansicht\" class=\"story-city event-trigger\" href=\"https:\/\/www.presseportal.de\/regional\/Frankfurt%20am%20Main%2C%20Friedrichsdorf\" title=\"News aus Frankfurt am Main, Friedrichsdorf \" rel=\"nofollow noopener\" target=\"_blank\">Frankfurt am Main, Friedrichsdorf<\/a> (ots)<\/p>\n<p>In der Nacht vom 15. auf den 16. Juli 2025 kam es zu einer k\u00f6rperlichen Auseinandersetzung zwischen f\u00fcnf Beteiligten am Bahnhof Friedrichsdorf. Hierbei sollen zwei m\u00e4nnliche Personen nach vorausgegangenen verbalen Beleidigungen, drei weitere Personen geschlagen, getreten sowie mit Gegenst\u00e4nden beworfen haben. Zudem wurde nach Angaben der Gesch\u00e4digten durch einen der T\u00e4ter im Verlauf der Auseinandersetzung eine Schreckschusspistole eingesetzt. Auch das Vorzeigen eines potenziellen messer\u00e4hnlichen Gegenstandes durch den T\u00e4ter wird gepr\u00fcft. Anschlie\u00dfend fl\u00fcchteten beide T\u00e4ter in unbekannte Richtung.<\/p>\n<p>Die Gesch\u00e4digten erlitten durch den Vorfall leichte Verletzungen und konnten nach Abschluss der \u00e4rztlichen Behandlung vor Ort entlassen werden.<\/p>\n<p>Nach aktuellem Stand wurde die Identit\u00e4t eines T\u00e4ters unmittelbar nach der Tat ermittelt. Hierbei handelt es sich um einen 20-j\u00e4hrigen deutschen Staatsangeh\u00f6rigen.<\/p>\n<p>Auch die Fahndung nach dem zweiten T\u00e4ter besteht weiterhin. Hierbei soll es sich nach Angaben der Gesch\u00e4digten um eine m\u00e4nnliche Person mit blonden Haaren; einem wei\u00dfen Oberteil sowie einer blauen Jeans handeln.<\/p>\n<p>Gegen die beiden M\u00e4nner wird nun wegen (gef\u00e4hrlicher) K\u00f6rperverletzung und Beleidigung ermittelt. Die genauen Hintergr\u00fcnde zur Tat sind Gegenstand weiterer Ermittlungen.<\/p>\n<p>Zeugen, welche zum oben genannten Sachverhalt oder den Personen sachdienliche Hinweise geben k\u00f6nnen, werden gebeten, sich telefonisch unter 069\/130 145 0 zu melden oder sich an jede andere Polizeidienststelle zu wenden.<\/p>\n<p class=\"contact-headline\">R\u00fcckfragen bitte an:<\/p>\n<p class=\"contact-text\">Bundespolizeiinspektion Frankfurt\/Main<br \/>Presse- und \u00d6ffentlichkeitsarbeit<br \/>Telefon: 069\/130145-1010<br \/>E-Mail: <a href=\"https:\/\/www.presseportal.de\/blaulicht\/pm\/63987\/mailto: bpoli.frankfurtm.oea@polizei.bund.de\" class=\"uri-mailto\" rel=\"nofollow noopener\" target=\"_blank\"> bpoli.frankfurtm.oea@polizei.bund.de<\/a><br \/><a target=\"_blank\" class=\"uri-ext outbound\" rel=\"noopener nofollow\" href=\"http:\/\/www.bundespolizei.de\">http:\/\/www.bundespolizei.de<\/a><\/p>\n<p class=\"originator\">Original-Content von: Bundespolizeiinspektion Frankfurt\/Main, \u00fcbermittelt durch news aktuell<\/p>\n","protected":false},"excerpt":{"rendered":"16.07.2025 \u2013 16:13 Bundespolizeiinspektion Frankfurt\/Main Frankfurt am Main, Friedrichsdorf (ots) In der Nacht vom 15. auf den 16.&hellip;\n","protected":false},"author":2,"featured_media":108,"comment_status":"","ping_status":"","sticky":false,"template":"","format":"standard","meta":{"footnotes":""},"categories":[1829],"tags":[29,2050,2051,30,1087,2052,177,121,178,180,179,181,17273],"class_list":{"0":"post-269995","1":"post","2":"type-post","3":"status-publish","4":"format-standard","5":"has-post-thumbnail","7":"category-frankfurt-am-main","8":"tag-deutschland","9":"tag-frankfurt","10":"tag-frankfurt-am-main","11":"tag-germany","12":"tag-he","13":"tag-hessen","14":"tag-kriminalitt","15":"tag-polizei","16":"tag-presse","17":"tag-pressemeldung","18":"tag-pressemitteilung","19":"tag-pressemitteilungen","20":"tag-rp"},"share_on_mastodon":{"url":"https:\/\/pubeurope.com\/@de\/114863462416427301","error":""},"_links":{"self":[{"href":"https:\/\/www.europesays.com\/de\/wp-json\/wp\/v2\/posts\/269995","targetHints":{"allow":["GET"]}}],"collection":[{"href":"https:\/\/www.europesays.com\/de\/wp-json\/wp\/v2\/posts"}],"about":[{"href":"https:\/\/www.europesays.com\/de\/wp-json\/wp\/v2\/types\/post"}],"author":[{"embeddable":true,"href":"https:\/\/www.europesays.com\/de\/wp-json\/wp\/v2\/users\/2"}],"replies":[{"embeddable":true,"href":"https:\/\/www.europesays.com\/de\/wp-json\/wp\/v2\/comments?post=269995"}],"version-history":[{"count":0,"href":"https:\/\/www.europesays.com\/de\/wp-json\/wp\/v2\/posts\/269995\/revisions"}],"wp:featuredmedia":[{"embeddable":true,"href":"https:\/\/www.europesays.com\/de\/wp-json\/wp\/v2\/media\/108"}],"wp:attachment":[{"href":"https:\/\/www.europesays.com\/de\/wp-json\/wp\/v2\/media?parent=269995"}],"wp:term":[{"taxonomy":"category","embeddable":true,"href":"https:\/\/www.europesays.com\/de\/wp-json\/wp\/v2\/categories?post=269995"},{"taxonomy":"post_tag","embeddable":true,"href":"https:\/\/www.europesays.com\/de\/wp-json\/wp\/v2\/tags?post=269995"}],"curies":[{"name":"wp","href":"https:\/\/api.w.org\/{rel}","templated":true}]}}