{"id":270034,"date":"2025-07-16T15:21:24","date_gmt":"2025-07-16T15:21:24","guid":{"rendered":"https:\/\/www.europesays.com\/de\/270034\/"},"modified":"2025-07-16T15:21:24","modified_gmt":"2025-07-16T15:21:24","slug":"woran-starb-ingo-robin-wierichs-todesursache-von-ochsenknecht-bruder-wirft-fragen-auf","status":"publish","type":"post","link":"https:\/\/www.europesays.com\/de\/270034\/","title":{"rendered":"Woran starb Ingo Robin Wierichs?: Todesursache von Ochsenknecht-Bruder wirft Fragen auf"},"content":{"rendered":"<p>                    Woran starb Ingo Robin Wierichs?<br \/>\n                Todesursache von Ochsenknecht-Bruder wirft Fragen auf<\/p>\n<p>\t\t\t\t              16.07.2025, 15:45 Uhr<\/p>\n<p>\t\t\t\t\t       Artikel anh\u00f6ren<\/p>\n<p>\t\t\t\t\t\t\tDiese Audioversion wurde k\u00fcnstlich generiert. <a href=\"https:\/\/www.n-tv.de\/23249898\" target=\"_blank\" rel=\"noopener\">Mehr Infos<\/a><\/p>\n<p><strong>Im April stirbt Natascha Ochsenknechts Bruder Ingo Robin Wierichs in einem bayrischen Gef\u00e4ngnis. Als Todesursache wird ein Herzinfarkt vermutet. Der Obduktionsbericht wirft nun allerdings offenbar Fragen auf.<\/strong><\/p>\n<p>Im April starb Ingo Robin Wierichs mit nur 58 Jahren in der JVA Bernau am Chiemsee. Dort sa\u00df der Bruder von Natascha Ochsenknecht eine zw\u00f6lfmonatige Haftstrafe ab, die nur wenige Wochen sp\u00e4ter beendet gewesen w\u00e4re. Bei einer ersten Untersuchung seines Todes wurden Fremdverschulden oder Suizid ausgeschlossen und ein Herzinfarkt vermutet.<\/p>\n<p>Die Obduktion scheint diesbez\u00fcglich allerdings nicht f\u00fcr vollst\u00e4ndige Klarheit gesorgt zu haben, wie die &#8222;Bild&#8220;-Zeitung zuerst berichtete. Auf Anfrage von RTL teilte die Staatsanwaltschaft Traunstein mit, dass der Obduktionsbericht in dem angefragten Verfahren zwar zwischenzeitlich eingegangen sei und die zust\u00e4ndige Staatsanw\u00e4ltin ihn gepr\u00fcft habe, allerdings sei sie &#8222;zu dem Ergebnis gekommen, dass weitere Aufkl\u00e4rung erforderlich ist&#8220;. &#8222;Deshalb hat sie ein Fachgutachten bei dem Institut f\u00fcr Rechtsmedizin in M\u00fcnchen in Auftrag gegeben&#8220;, hei\u00dft es in dem Statement der Staatsanwaltschaft, das RTL vorliegt.<\/p>\n<p>Aus welchen Gr\u00fcnden ein Fachgutachten in Auftrag gegeben wurde, m\u00f6chte die Staatsanwaltschaft aus &#8222;ermittlungstaktischen Gr\u00fcnden&#8220; allerdings nicht ausf\u00fchren. &#8222;Eine solche Auskunft k\u00f6nnte den Erfolg der Ermittlungen gef\u00e4hrden&#8220;, hei\u00dft es. Mit dem Ergebnis des Gutachtens sei voraussichtlich erst in mehreren Monaten zu rechnen.<\/p>\n<p>Wierichs, der als Fotograf t\u00e4tig war, sa\u00df unter anderem wegen Freiheitsberaubung, K\u00f6rperverletzung und Verst\u00f6\u00dfen gegen das Kunsturheberrechts im Gef\u00e4ngnis. <\/p>\n<p>&#8222;Gute Reise, kleiner Bruder&#8220;<\/p>\n<p>In einem fr\u00fcheren RTL-Interview hatte er erz\u00e4hlt, dass seine prominente Schwester, die einst als Model arbeitete, ihm seinen allerersten Job vermittelt hatte: &#8222;Natascha hatte eine Tour durch Europa gemacht und mir den Job als Fahrer verschafft. Ich habe dann also lauter Models durch die Gegend gefahren.&#8220;<\/p>\n<p>Natascha Ochsenknecht hatte nach Wierichs Tod <a href=\"https:\/\/www.instagram.com\/p\/DIVnjlXNbLL\/\" rel=\"Follow noopener\" target=\"_blank\">ein Jugendfoto von sich und ihm auf Instagram gepostet<\/a>, zu dem sie schrieb: &#8222;Gute Reise, kleiner Bruder.&#8220;<\/p>\n<p><script async src=\"\/\/www.instagram.com\/embed.js\"><\/script><\/p>\n","protected":false},"excerpt":{"rendered":"Woran starb Ingo Robin Wierichs? Todesursache von Ochsenknecht-Bruder wirft Fragen auf 16.07.2025, 15:45 Uhr Artikel anh\u00f6ren Diese Audioversion&hellip;\n","protected":false},"author":2,"featured_media":270035,"comment_status":"","ping_status":"","sticky":false,"template":"","format":"standard","meta":{"footnotes":""},"categories":[155],"tags":[772,29,214,30,1015,3259,215],"class_list":{"0":"post-270034","1":"post","2":"type-post","3":"status-publish","4":"format-standard","5":"has-post-thumbnail","7":"category-unterhaltung","8":"tag-bayern","9":"tag-deutschland","10":"tag-entertainment","11":"tag-germany","12":"tag-justiz","13":"tag-tod","14":"tag-unterhaltung"},"share_on_mastodon":{"url":"https:\/\/pubeurope.com\/@de\/114863596239026532","error":""},"_links":{"self":[{"href":"https:\/\/www.europesays.com\/de\/wp-json\/wp\/v2\/posts\/270034","targetHints":{"allow":["GET"]}}],"collection":[{"href":"https:\/\/www.europesays.com\/de\/wp-json\/wp\/v2\/posts"}],"about":[{"href":"https:\/\/www.europesays.com\/de\/wp-json\/wp\/v2\/types\/post"}],"author":[{"embeddable":true,"href":"https:\/\/www.europesays.com\/de\/wp-json\/wp\/v2\/users\/2"}],"replies":[{"embeddable":true,"href":"https:\/\/www.europesays.com\/de\/wp-json\/wp\/v2\/comments?post=270034"}],"version-history":[{"count":0,"href":"https:\/\/www.europesays.com\/de\/wp-json\/wp\/v2\/posts\/270034\/revisions"}],"wp:featuredmedia":[{"embeddable":true,"href":"https:\/\/www.europesays.com\/de\/wp-json\/wp\/v2\/media\/270035"}],"wp:attachment":[{"href":"https:\/\/www.europesays.com\/de\/wp-json\/wp\/v2\/media?parent=270034"}],"wp:term":[{"taxonomy":"category","embeddable":true,"href":"https:\/\/www.europesays.com\/de\/wp-json\/wp\/v2\/categories?post=270034"},{"taxonomy":"post_tag","embeddable":true,"href":"https:\/\/www.europesays.com\/de\/wp-json\/wp\/v2\/tags?post=270034"}],"curies":[{"name":"wp","href":"https:\/\/api.w.org\/{rel}","templated":true}]}}