{"id":270038,"date":"2025-07-16T15:24:20","date_gmt":"2025-07-16T15:24:20","guid":{"rendered":"https:\/\/www.europesays.com\/de\/270038\/"},"modified":"2025-07-16T15:24:20","modified_gmt":"2025-07-16T15:24:20","slug":"aktie-von-asml-stuerzt-ab-starke-quartalszahlen-schwache-aussichten-news","status":"publish","type":"post","link":"https:\/\/www.europesays.com\/de\/270038\/","title":{"rendered":"Aktie von ASML st\u00fcrzt ab: Starke Quartalszahlen, schwache Aussichten | News"},"content":{"rendered":"<p>Veldhoven (Niederlande) \u2013 <b>An der B\u00f6rse wird die Zukunft gehandelt, hei\u00dft es. Daher muss es kein Widerspruch sein, wenn eine Aktie trotz guter Zahlen im vergangenen Quartal abst\u00fcrzt. J\u00fcngstes Beispiel: ASML.<\/b><\/p>\n<p>Zun\u00e4chst die positive Nachricht: Der niederl\u00e4ndische Halbleitergigant, ein Hersteller von Lithographiemaschinen f\u00fcr die Chip-Produktion, verbuchte im zweiten Quartal Bestellungen im Volumen von 5,5 Milliarden Euro \u2013 rund eine Milliarde Euro mehr als erwartet. Die Ums\u00e4tze stiegen um mehr als 20 Prozent auf 7,7 Milliarden Euro. Grund: die hohe Nachfrage nach Spezialchips f\u00fcr <a href=\"https:\/\/www.bild.de\/digital\/themenbuehnen\/kuenstliche-intelligenz\/thema-ki-alle-infos-84645260.bild.html\" class=\"text-link\" rel=\"nofollow noopener\" target=\"_blank\">K\u00fcnstliche Intelligenz<\/a>.<\/p>\n<p><img decoding=\"async\" width=\"992\" height=\"558\" alt=\"ASML-Vorstandschef Christophe Fouquet warnt vor schlechteren Umsatzergebnissen (Archivfoto)\" src=\"https:\/\/www.europesays.com\/de\/wp-content\/uploads\/2025\/07\/7c4b9600ef9e17dd8e97319d71b45343,2e955008\"   class=\"landscape\" loading=\"lazy\"\/><\/p>\n<p class=\"fig__caption__text\">ASML-Vorstandschef Christophe Fouquet warnt vor schlechteren Umsatzergebnissen (Archivfoto)<\/p>\n<p>Foto: ROB ENGELAAR\/AFP<\/p>\n<p>Vor allem die hochmodernen EUV-Maschinen, die <a href=\"https:\/\/www.bild.de\/politik\/donald-trump-usa-und-china-einigen-sich-auf-handels-deal-684975f9f70d7419eccdc6a8\" class=\"text-link\" rel=\"nofollow noopener\" target=\"_blank\">wegen der US-Beschr\u00e4nkungen f\u00fcr Hochtechnologie-Exporte<\/a> nicht nach China exportiert werden d\u00fcrfen, sind gefragt. EUV steht f\u00fcr \u201eExtreme Ultraviolet Lithography\u201c \u2013 es handelt sich dabei um Anlagen, mit denen winzige Schaltkreise auf Computerchips \u201egedruckt\u201c werden. TSMC (Taiwan Semiconductor Manufacturing Company), der gr\u00f6\u00dfte Kunde von ASML, produziert mithilfe dieser Anlagen u. a. Prozessoren f\u00fcr <a href=\"https:\/\/www.bild.de\/leben-wissen\/mein-geld-finanzportal\/nvidia-knackt-4-billionen-marke-jetzt-einsteigen-686e7d2506d4f10e879d82a7\" class=\"text-link\" rel=\"nofollow noopener\" target=\"_blank\">Nvidia<\/a> und <a href=\"https:\/\/www.bild.de\/digital\/multimedia\/apple\/apple-alle-infos-78214506.bild.html\" class=\"text-link\" rel=\"nofollow noopener\" target=\"_blank\">Apple<\/a>. <\/p>\n<p>Ausblick entt\u00e4uscht <\/p>\n<p>Doch so stark die Quartalszahlen auch waren, die Aussichten sind schwach. F\u00fcr das dritte Quartal 2025 erwartet ASML Erl\u00f6se zwischen 7,4 und 7,9 Milliarden Euro. Analysten hatten laut Finanz-Nachrichtenagentur \u201eBloomberg\u201c mit 8,3 Milliarden Euro gerechnet. <\/p>\n<p><img decoding=\"async\" width=\"992\" height=\"558\" alt=\"ASML-Anlage f\u00fcr die Produktion von Halbleitern\" src=\"https:\/\/www.europesays.com\/de\/wp-content\/uploads\/2025\/07\/382eb40e6b906917bb2bac4a4426c7c3,699a6f6b\"   class=\"landscape\" loading=\"lazy\"\/><\/p>\n<p class=\"fig__caption__text\">ASML-Anlage f\u00fcr die Produktion von Halbleitern. Das Unternehmen ist Weltmarktf\u00fchrer in diesem Bereich<\/p>\n<p>Foto: ASML<\/p>\n<p>Das sagt der Konzernchef<\/p>\n<p>Auch im Hinblick auf das kommende Jahr \u00e4u\u00dferte sich Konzernchef Christophe Fouquet (50) mit Verweis auf eine \u201ezunehmende Unsicherheit durch makro\u00f6konomische und geopolitische Entwicklungen\u201c zur\u00fcckhaltend. Am Mittwoch sagte er: \u201eWir stellen uns zwar weiterhin ein Wachstum im Jahr 2026 vor, k\u00f6nnen es aber zum jetzigen Zeitpunkt nicht best\u00e4tigen.\u201c Es w\u00e4re das erste Jahr ohne Umsatzplus seit 2012.<\/p>\n<p>Finanzchef Roger Dassen erl\u00e4uterte dazu in einem auf der ASML-Internetseite ver\u00f6ffentlichten internen Interview, dass sich die direkten und indirekten Auswirkungen der US-Zollpolitik noch nicht absch\u00e4tzen lie\u00dfen.<\/p>\n<p>Lesen Sie auchAktienkurs rund 10 Prozent im Minus<\/p>\n<p>Das schmeckte Anlegern gar nicht: Der Kurs der <a href=\"https:\/\/www.bild.de\/themen\/specials\/unternehmensbeteiligung-aktien\/geld-boerse-geldanlage-nachrichten-news-02-42345664.bild.html\" class=\"text-link\" rel=\"nofollow noopener\" target=\"_blank\">Aktie<\/a> des Weltmarktf\u00fchrers f\u00fcr Lithografiemaschinen (B\u00f6rsenwert: rund 278 Milliarden Euro) st\u00fcrzte daraufhin zeitweise um rund 10 Prozent ab (Stand: 16 Uhr).<\/p>\n","protected":false},"excerpt":{"rendered":"Veldhoven (Niederlande) \u2013 An der B\u00f6rse wird die Zukunft gehandelt, hei\u00dft es. Daher muss es kein Widerspruch sein,&hellip;\n","protected":false},"author":2,"featured_media":270039,"comment_status":"","ping_status":"","sticky":false,"template":"","format":"standard","meta":{"footnotes":""},"categories":[134],"tags":[791,665,175,227,170,169,29,30,32119,1256,171,174,2288,45,173,172],"class_list":{"0":"post-270038","1":"post","2":"type-post","3":"status-publish","4":"format-standard","5":"has-post-thumbnail","7":"category-unternehmen-maerkte","8":"tag-aktien","9":"tag-boerse","10":"tag-business","11":"tag-china","12":"tag-companies","13":"tag-companies-markets","14":"tag-deutschland","15":"tag-germany","16":"tag-gewinne","17":"tag-kuenstliche-intelligenz","18":"tag-markets","19":"tag-maerkte","20":"tag-schroeder-dino","21":"tag-texttospeech","22":"tag-unternehmen","23":"tag-unternehmen-maerkte"},"share_on_mastodon":{"url":"https:\/\/pubeurope.com\/@de\/114863607891313171","error":""},"_links":{"self":[{"href":"https:\/\/www.europesays.com\/de\/wp-json\/wp\/v2\/posts\/270038","targetHints":{"allow":["GET"]}}],"collection":[{"href":"https:\/\/www.europesays.com\/de\/wp-json\/wp\/v2\/posts"}],"about":[{"href":"https:\/\/www.europesays.com\/de\/wp-json\/wp\/v2\/types\/post"}],"author":[{"embeddable":true,"href":"https:\/\/www.europesays.com\/de\/wp-json\/wp\/v2\/users\/2"}],"replies":[{"embeddable":true,"href":"https:\/\/www.europesays.com\/de\/wp-json\/wp\/v2\/comments?post=270038"}],"version-history":[{"count":0,"href":"https:\/\/www.europesays.com\/de\/wp-json\/wp\/v2\/posts\/270038\/revisions"}],"wp:featuredmedia":[{"embeddable":true,"href":"https:\/\/www.europesays.com\/de\/wp-json\/wp\/v2\/media\/270039"}],"wp:attachment":[{"href":"https:\/\/www.europesays.com\/de\/wp-json\/wp\/v2\/media?parent=270038"}],"wp:term":[{"taxonomy":"category","embeddable":true,"href":"https:\/\/www.europesays.com\/de\/wp-json\/wp\/v2\/categories?post=270038"},{"taxonomy":"post_tag","embeddable":true,"href":"https:\/\/www.europesays.com\/de\/wp-json\/wp\/v2\/tags?post=270038"}],"curies":[{"name":"wp","href":"https:\/\/api.w.org\/{rel}","templated":true}]}}