{"id":270084,"date":"2025-07-16T15:58:18","date_gmt":"2025-07-16T15:58:18","guid":{"rendered":"https:\/\/www.europesays.com\/de\/270084\/"},"modified":"2025-07-16T15:58:18","modified_gmt":"2025-07-16T15:58:18","slug":"trumps-sparmassnahmen-gefaehrdet-strategie-im-ukraine-krieg","status":"publish","type":"post","link":"https:\/\/www.europesays.com\/de\/270084\/","title":{"rendered":"Trumps Sparma\u00dfnahmen gef\u00e4hrdet Strategie im Ukraine-Krieg"},"content":{"rendered":"<ol class=\"id-DonaldBreadcrumb lp_west_breadcrumb id-DonaldBreadcrumb--default\" data-k5a-pos=\"west_breadcrumb\">\n<li class=\"id-Breadcrumb-item\"><a href=\"https:\/\/www.fr.de\/\" class=\"id-Breadcrumb-link\" data-id-ec=\"{\" shn=\"\" textlink=\"\" data-k5a-pos=\"1_startseite\" rel=\"nofollow noopener\" target=\"_blank\">Startseite<\/a><\/li>\n<li class=\"id-Breadcrumb-item\"><a href=\"https:\/\/www.fr.de\/politik\/\" class=\"id-Breadcrumb-link\" data-id-ec=\"{\" shn=\"\" textlink=\"\" data-k5a-pos=\"2_politik\" rel=\"nofollow noopener\" target=\"_blank\">Politik<\/a><\/li>\n<\/ol>\n<p class=\"id-Story-timestamp id-Story-timestamp--default\">Stand: 16.07.2025, 17:41 Uhr<\/p>\n<p class=\"id-Story-authors id-Story-authors--default\">Von: <a class=\"id-Story-authors-link lp_west_author\" href=\"https:\/\/www.fr.de\/autor\/felix-durach-4v5scioic.html\" title=\"Zur Autorenseite von Felix Durach\" data-id-ec=\"{\" shn=\"\" author-link=\"\" durach=\"\" data-k5a-pos=\"west_author\" rel=\"nofollow noopener\" target=\"_blank\">Felix Durach<\/a><\/p>\n<p class=\"id-Story-interactionBar id-Story-interactionBar--default\">DruckenTeilen<\/p>\n<p class=\"id-StoryElement-leadText\">Trumps radikale Sparma\u00dfnahmen sorgen erneut f\u00fcr Kritik. Experten warnen, dass die US-Diplomatie geschw\u00e4cht wird. Auswirkungen auf den Ukraine-Krieg sind unklar.<\/p>\n<p class=\"id-StoryElement-paragraph\">Washington, DC \u2013 Der von US-Pr\u00e4sident <a href=\"https:\/\/www.fr.de\/politik\/donald-trump-per32650\/\" class=\"id-import-Link\" title=\"Donald Trump\" data-id-ec=\"{&quot;sht&quot;:&quot;Container&quot;,&quot;shn&quot;:&quot;Story&quot;,&quot;p&quot;:{&quot;containerType&quot;:&quot;Paragraph&quot;,&quot;displayType&quot;:&quot;Paragraph InlineLink&quot;,&quot;type&quot;:&quot;INLINE_LINK&quot;,&quot;value&quot;:&quot;Donald Trump&quot;,&quot;variant&quot;:&quot;standardLink&quot;,&quot;sponsored&quot;:false,&quot;linkHref&quot;:&quot;https:\/\/www.fr.de\/politik\/donald-trump-per32650\/&quot;,&quot;storyElementPosition&quot;:8,&quot;storyElementCount&quot;:28}}\" rel=\"nofollow noopener\" target=\"_blank\">Donald Trump<\/a> in <a href=\"https:\/\/www.fr.de\/politik\/sturzflut-fordert-leben-in-texas-trumps-einsparungen-beim-wetterdienst-in-der-kritik-zr-93820278.html\" class=\"id-import-Link\" data-id-ec=\"{&quot;sht&quot;:&quot;Container&quot;,&quot;shn&quot;:&quot;Story&quot;,&quot;p&quot;:{&quot;containerType&quot;:&quot;Paragraph&quot;,&quot;displayType&quot;:&quot;Paragraph InlineLink&quot;,&quot;type&quot;:&quot;INLINE_LINK&quot;,&quot;value&quot;:&quot;seiner zweiten Amtszeit im Wei&#xDF;en Haus vorangetriebene Sparkurs&quot;,&quot;variant&quot;:&quot;standardLink&quot;,&quot;sponsored&quot;:false,&quot;linkHref&quot;:&quot;https:\/\/www.fr.de\/politik\/sturzflut-fordert-leben-in-texas-trumps-einsparungen-beim-wetterdienst-in-der-kritik-zr-93820278.html&quot;,&quot;storyElementPosition&quot;:8,&quot;storyElementCount&quot;:28}}\" rel=\"nofollow noopener\" target=\"_blank\">seiner zweiten Amtszeit im Wei\u00dfen Haus vorangetriebene Sparkurs<\/a> k\u00f6nnte sich auch auf den <a href=\"https:\/\/www.fr.de\/politik\/ukraine-konflikt-sti1524391\/\" class=\"id-import-Link\" title=\"Ukraine-Krieg\" data-id-ec=\"{&quot;sht&quot;:&quot;Container&quot;,&quot;shn&quot;:&quot;Story&quot;,&quot;p&quot;:{&quot;containerType&quot;:&quot;Paragraph&quot;,&quot;displayType&quot;:&quot;Paragraph InlineLink&quot;,&quot;type&quot;:&quot;INLINE_LINK&quot;,&quot;value&quot;:&quot;Ukraine-Krieg&quot;,&quot;variant&quot;:&quot;standardLink&quot;,&quot;sponsored&quot;:false,&quot;linkHref&quot;:&quot;https:\/\/www.fr.de\/politik\/ukraine-konflikt-sti1524391\/&quot;,&quot;storyElementPosition&quot;:8,&quot;storyElementCount&quot;:28}}\" rel=\"nofollow noopener\" target=\"_blank\">Ukraine-Krieg<\/a> auswirken. Einer j\u00fcngsten Entlassungswelle im US-Au\u00dfenministerium sind auch zahlreiche hochrangige Analysten des Nachrichtendienstes zum Opfer gefallen, die sich auf Russland und die Ukraine spezialisiert hatten. Zahlreiche US-Beamte warnten deswegen vor drastischen Auswirkungen auf den Ukraine-Krieg und nannten Trumps Vorgehen kurzsichtig.<\/p>\n<p>Trumps Sparkurs gef\u00e4hrdet Ukraine-Strategie \u2013 Kampf gegen \u201eradikale Ideologie\u201c<\/p>\n<p class=\"id-StoryElement-paragraph\">Trumps Au\u00dfenminister Marco Rubio hatte am Freitag einen Umstrukturierungsplan f\u00fcr sein Ministerium verk\u00fcndet, um Aufbl\u00e4hung, Tr\u00e4gheit und \u201eradikale Ideologie\u201c zu reduzieren. Knapp 1350 Mitarbeiter wurden entlassen und zahlreiche B\u00fcros geschlossen oder zusammengelegt. Betroffen von den Streichungen war auch das Bureau of Intelligence and Research (INR). \u201eDas B\u00fcro besch\u00e4ftigt keine Spione und f\u00fchrt keine eigene \u00dcberwachung durch, sondern liefert Analysen \u00fcber das Weltgeschehen, um die US-Diplomatie zu unterst\u00fctzen\u201c, berichtet die New York Times \u00fcber die Funktionen der Beh\u00f6rde. <\/p>\n<p>R\u00fcckblick auf die ersten 100 Tage: Trump krempelt die USA um \u2013 eine Chronik<img decoding=\"async\" class=\"id-RatioPlaceholder-element wv_story_el_interstitialImage\" src=\"https:\/\/www.europesays.com\/de\/wp-content\/uploads\/2025\/04\/37938029-als-papst-franziskus-im-alter-von-88-jahren-im-vatikan-starb-war-die-trauer-gross-us-praesi.jpeg\" loading=\"lazy\"   height=\"1337\" width=\"2007\" alt=\"Als Papst Franziskus im Alter von 88 Jahren im Vatikan starb, war die Trauer gro&#xDF;. US-Pr&#xE4;sident Donald Trump nahm an der Beisetzung des Heiligen Vaters teil: er in blau &#x2013; ohne rote Krawatte. Melania ganz in Schwarz. Vor dessen Tod befand sich Trump im offenen Widerspruch mit dem Papst: Franziskus hatte Trumps Migrationspolitik offen kritisiert. Seine Massenabschiebung &#x201E;w&#xFC;rde viele M&#xE4;nner und Frauen und ganze Familien&#x201C; verletzen. \"\/><a href=\"https:\/\/www.fr.de\/politik\/chronik-das-ist-faschismus-trump-krempelt-die-usa-um-eine-zr-93663551.html\" class=\"id-StoryElement-intestitialLink-link\" data-id-ec=\"{\" shn=\"\" ansehen=\"\" data-k5a-pos=\"west_story_12_photoGalleryLink\" title=\"Zur Fotostrecke: R&#xFC;ckblick auf die ersten 100 Tage: Trump krempelt die USA um &#x2013; eine Chronik\" rel=\"nofollow noopener\" target=\"_blank\">Fotostrecke ansehen<\/a>Kritik an Trump und Rubio nach Streichungen in Au\u00dfenministerium \u2013 \u201ekurzsichtig\u201c<\/p>\n<p class=\"id-StoryElement-paragraph\">Die Streichungen in diesem kritischen Bereich sorgten f\u00fcr Aufregung. Ellen McCarthy, die das INR in Trumps erster Amtszeit zwei Jahre lang leitete, bezeichnet den Schritt des US-Pr\u00e4sidenten als \u201ekurzsichtig\u201c. \u201eEs geht nicht nur um Arbeitspl\u00e4tze, sondern um die Schw\u00e4chung einer kritischen F\u00e4higkeit zum falschen Zeitpunkt\u201c, schrieb McCarthy in einem Beitrag auf dem Berufsportal LinkedIn. \u201eDie Welt ist komplexer, unbest\u00e4ndiger und vernetzter als je zuvor.\u201c Sie f\u00fcgte hinzu: \u201eWir sollten in INR investieren, nicht den Wert verringern.\u201c<\/p>\n<p class=\"id-StoryElement-paragraph\">Auch die New York Times spricht mit <a href=\"https:\/\/www.fr.de\/politik\/kuerzungen-trumps-sparkurs-autokraten-weltweit-profitieren-von-us-zr-93574521.html\" class=\"id-import-Link\" data-id-ec=\"{&quot;sht&quot;:&quot;Container&quot;,&quot;shn&quot;:&quot;Story&quot;,&quot;p&quot;:{&quot;containerType&quot;:&quot;Paragraph&quot;,&quot;displayType&quot;:&quot;Paragraph InlineLink&quot;,&quot;type&quot;:&quot;INLINE_LINK&quot;,&quot;value&quot;:&quot;Blick auf den Sparkurs von Trump&quot;,&quot;variant&quot;:&quot;standardLink&quot;,&quot;sponsored&quot;:false,&quot;linkHref&quot;:&quot;https:\/\/www.fr.de\/politik\/kuerzungen-trumps-sparkurs-autokraten-weltweit-profitieren-von-us-zr-93574521.html&quot;,&quot;storyElementPosition&quot;:17,&quot;storyElementCount&quot;:28}}\" rel=\"nofollow noopener\" target=\"_blank\">Blick auf den Sparkurs von Trump<\/a> von einem \u201eVerlust an Fachwissen\u201c, der gerade zu dem Zeitpunkt kommt, da Trump seinen Bem\u00fchungen auf ein Ende des Ukraine-Kriegs wieder zu verst\u00e4rken scheint. Der <a href=\"https:\/\/www.fr.de\/politik\/republikanische-partei-republikaner-usa-donald-trump-ronald-reagan-richard-nixon-91087649.html\" class=\"id-import-Link\" data-id-ec=\"{&quot;sht&quot;:&quot;Container&quot;,&quot;shn&quot;:&quot;Story&quot;,&quot;p&quot;:{&quot;containerType&quot;:&quot;Paragraph&quot;,&quot;displayType&quot;:&quot;Paragraph InlineLink&quot;,&quot;type&quot;:&quot;INLINE_LINK&quot;,&quot;value&quot;:&quot;Republikaner&quot;,&quot;variant&quot;:&quot;standardLink&quot;,&quot;sponsored&quot;:false,&quot;linkHref&quot;:&quot;https:\/\/www.fr.de\/politik\/republikanische-partei-republikaner-usa-donald-trump-ronald-reagan-richard-nixon-91087649.html&quot;,&quot;storyElementPosition&quot;:17,&quot;storyElementCount&quot;:28}}\" rel=\"nofollow noopener\" target=\"_blank\">Republikaner<\/a> hatte bereits im Wahlkampf erkl\u00e4rt, er werden den russischen \u00dcberfall auf die Ukraine nach seinem Amtsantritt innerhalb von 24 Stunden beenden. Wohl auch, weil Trump in seiner zweiten Amtszeit auf den Friedensnobelpreis zu hoffen scheint.<\/p>\n<p><img decoding=\"async\" class=\"id-RatioPlaceholder-element wv_story_el_image\" src=\"https:\/\/www.europesays.com\/de\/wp-content\/uploads\/2025\/07\/38985728-der-sparkurs-von-us-praesident-donald-trump-koennte-auch-drastische-auswirkungen-auf-den-uk.jpeg\" loading=\"lazy\"   height=\"733\" width=\"1100\" alt=\"Der Sparkurs von US-Pr&#xE4;sident Donald Trump k&#xF6;nnte auch drastische Auswirkungen auf den Ukraine-Krieg haben.\"\/>Der Sparkurs von US-Pr\u00e4sident Donald Trump k\u00f6nnte auch drastische Auswirkungen auf den Ukraine-Krieg haben. \u00a9\u00a0imago-imagesTrump stellt Putin n\u00e4chstes Ultimatum im Ukraine-Krieg \u2013 keine Langstreckenraketen f\u00fcr Kiew<\/p>\n<p class=\"id-StoryElement-paragraph\">Trump\u00a0hatte\u00a0Russlands\u00a0Pr\u00e4sident <a href=\"https:\/\/www.fr.de\/politik\/wladimir-putin-per42970\/\" class=\"id-import-Link\" title=\"Wladimir Putin\" data-id-ec=\"{&quot;sht&quot;:&quot;Container&quot;,&quot;shn&quot;:&quot;Story&quot;,&quot;p&quot;:{&quot;containerType&quot;:&quot;Paragraph&quot;,&quot;displayType&quot;:&quot;Paragraph InlineLink&quot;,&quot;type&quot;:&quot;INLINE_LINK&quot;,&quot;value&quot;:&quot;Wladimir Putin&quot;,&quot;variant&quot;:&quot;standardLink&quot;,&quot;sponsored&quot;:false,&quot;linkHref&quot;:&quot;https:\/\/www.fr.de\/politik\/wladimir-putin-per42970\/&quot;,&quot;storyElementPosition&quot;:21,&quot;storyElementCount&quot;:28}}\" rel=\"nofollow noopener\" target=\"_blank\">Wladimir Putin<\/a> erst am Montag eine erneute Frist gesetzt: Wenn es bei den Bem\u00fchungen um ein Ende des russischen Kriegs gegen die Ukraine innerhalb von 50 Tagen keinen Deal gebe, dann <a href=\"https:\/\/www.fr.de\/politik\/kurs-gegen-putin-freunde-an-trumps-vorschlaghammer-sanktionen-usa-kuendigen-harten-zoll-93832680.html\" class=\"id-import-Link\" data-id-ec=\"{&quot;sht&quot;:&quot;Container&quot;,&quot;shn&quot;:&quot;Story&quot;,&quot;p&quot;:{&quot;containerType&quot;:&quot;Paragraph&quot;,&quot;displayType&quot;:&quot;Paragraph InlineLink&quot;,&quot;type&quot;:&quot;INLINE_LINK&quot;,&quot;value&quot;:&quot;w&#xFC;rden die USA hohe Z&#xF6;lle gegen&#xA0;Russlands&#xA0;Handelspartner erheben&quot;,&quot;variant&quot;:&quot;standardLink&quot;,&quot;sponsored&quot;:false,&quot;linkHref&quot;:&quot;https:\/\/www.fr.de\/politik\/kurs-gegen-putin-freunde-an-trumps-vorschlaghammer-sanktionen-usa-kuendigen-harten-zoll-93832680.html&quot;,&quot;storyElementPosition&quot;:21,&quot;storyElementCount&quot;:28}}\" rel=\"nofollow noopener\" target=\"_blank\">w\u00fcrden die USA hohe Z\u00f6lle gegen\u00a0Russlands\u00a0Handelspartner erheben<\/a>.\u00a0Berichte, <a href=\"https:\/\/www.fr.de\/politik\/schicken-wirklich-sauer-auf-putin-ukraine-wende-trump-will-auch-offensivwaffen-zr-93832606.html\" class=\"id-import-Link\" data-id-ec=\"{&quot;sht&quot;:&quot;Container&quot;,&quot;shn&quot;:&quot;Story&quot;,&quot;p&quot;:{&quot;containerType&quot;:&quot;Paragraph&quot;,&quot;displayType&quot;:&quot;Paragraph InlineLink&quot;,&quot;type&quot;:&quot;INLINE_LINK&quot;,&quot;value&quot;:&quot;wonach die USA der Ukraine auch weitreichende Waffensysteme zur Verf&#xFC;gung stellen w&#xFC;rde, dementierte Trump&quot;,&quot;variant&quot;:&quot;standardLink&quot;,&quot;sponsored&quot;:false,&quot;linkHref&quot;:&quot;https:\/\/www.fr.de\/politik\/schicken-wirklich-sauer-auf-putin-ukraine-wende-trump-will-auch-offensivwaffen-zr-93832606.html&quot;,&quot;storyElementPosition&quot;:21,&quot;storyElementCount&quot;:28}}\" rel=\"nofollow noopener\" target=\"_blank\">wonach die USA der Ukraine auch weitreichende Waffensysteme zur Verf\u00fcgung stellen w\u00fcrde, dementierte Trump<\/a> jedoch am Dienstag. \u201eNein, das ist nicht unsere Absicht\u201c, sagte der US-Pr\u00e4sident gegen\u00fcber Journalisten.<\/p>\n<p class=\"id-StoryElement-paragraph\">Darauf angesprochen, warum er Putin weitere 50 Tage gebe, um seinen Krieg gegen die Ukraine fortzuf\u00fchren, antwortete\u00a0Trump: \u201eIch denke nicht, dass 50 Tage sehr lang sind.\u201c Au\u00dferdem k\u00f6nne auch fr\u00fcher etwas passieren.<\/p>\n<p class=\"id-StoryElement-paragraph\">Hinzu kommen jetzt die drastischen K\u00fcrzungen beim INR. McCarthy bem\u00e4ngelte weiter, das INR-Budget sei \u201eeffektiv gesunken, w\u00e4hrend die Komplexit\u00e4t der globalen Angelegenheiten in die H\u00f6he geschnellt ist\u201c. Durch die Einschnitte seien die Analyseb\u00fcros des Amtes f\u00fcr Europa und f\u00fcr Russland und Eurasien zu einem neuen Analyseb\u00fcro f\u00fcr Europa und Russland zusammengelegt worden, hei\u00dft es in dem Dokument, das der New York Times vorliegt.<\/p>\n<p>Demokraten besorgt wegen Trumps Sparkurs \u2013 zentrale Institutionen \u201eausgeh\u00f6hlt\u201c<\/p>\n<p class=\"id-StoryElement-paragraph\">Wegen der bef\u00fcrchteten Auswirkungen auf den Ukraine-Krieg kritisierten auch diverse <a href=\"https:\/\/www.fr.de\/politik\/demokratische-partei-democrats-usa-joe-biden-geschichte-washington-91095311.html\" class=\"id-import-Link\" data-id-ec=\"{&quot;sht&quot;:&quot;Container&quot;,&quot;shn&quot;:&quot;Story&quot;,&quot;p&quot;:{&quot;containerType&quot;:&quot;Paragraph&quot;,&quot;displayType&quot;:&quot;Paragraph InlineLink&quot;,&quot;type&quot;:&quot;INLINE_LINK&quot;,&quot;value&quot;:&quot;Demokraten&quot;,&quot;variant&quot;:&quot;standardLink&quot;,&quot;sponsored&quot;:false,&quot;linkHref&quot;:&quot;https:\/\/www.fr.de\/politik\/demokratische-partei-democrats-usa-joe-biden-geschichte-washington-91095311.html&quot;,&quot;storyElementPosition&quot;:26,&quot;storyElementCount&quot;:28}}\" rel=\"nofollow noopener\" target=\"_blank\">Demokraten<\/a> Trumps Sparkurs am Dienstag scharf. Rubio habe \u201egenau die Institutionen ausgeh\u00f6hlt, auf die wir uns verlassen\u201c, um globalen Bedrohungen wie dem Wettbewerb mit China und der russischen Aggression zu begegnen, sagte der Abgeordnete Gregory W. Meek aus New York.<\/p>\n<p class=\"id-StoryElement-paragraph\">Ein anderer demokratischer Abgeordneter warf der Trump-Administration vor, das gesamte Team entlassen zu haben, das mit der \u201eUntersuchung der von Russland in der Ukraine begangenen Kriegsverbrechen\u201c betraut war. Michael Rigas, Rubios Stellvertreter, erwiderte jedoch, das Team werde zusammengelegt und werde seine Arbeit fortsetzen. (fdu mit Material von dpa)<\/p>\n","protected":false},"excerpt":{"rendered":"Startseite Politik Stand: 16.07.2025, 17:41 Uhr Von: Felix Durach DruckenTeilen Trumps radikale Sparma\u00dfnahmen sorgen erneut f\u00fcr Kritik. Experten&hellip;\n","protected":false},"author":2,"featured_media":270085,"comment_status":"","ping_status":"","sticky":false,"template":"","format":"standard","meta":{"footnotes":""},"categories":[4012],"tags":[331,332,13,14,15,12,317],"class_list":{"0":"post-270084","1":"post","2":"type-post","3":"status-publish","4":"format-standard","5":"has-post-thumbnail","7":"category-ukraine","8":"tag-aktuelle-nachrichten","9":"tag-aktuelle-news","10":"tag-headlines","11":"tag-nachrichten","12":"tag-news","13":"tag-schlagzeilen","14":"tag-ukraine"},"share_on_mastodon":{"url":"https:\/\/pubeurope.com\/@de\/114863741734580617","error":""},"_links":{"self":[{"href":"https:\/\/www.europesays.com\/de\/wp-json\/wp\/v2\/posts\/270084","targetHints":{"allow":["GET"]}}],"collection":[{"href":"https:\/\/www.europesays.com\/de\/wp-json\/wp\/v2\/posts"}],"about":[{"href":"https:\/\/www.europesays.com\/de\/wp-json\/wp\/v2\/types\/post"}],"author":[{"embeddable":true,"href":"https:\/\/www.europesays.com\/de\/wp-json\/wp\/v2\/users\/2"}],"replies":[{"embeddable":true,"href":"https:\/\/www.europesays.com\/de\/wp-json\/wp\/v2\/comments?post=270084"}],"version-history":[{"count":0,"href":"https:\/\/www.europesays.com\/de\/wp-json\/wp\/v2\/posts\/270084\/revisions"}],"wp:featuredmedia":[{"embeddable":true,"href":"https:\/\/www.europesays.com\/de\/wp-json\/wp\/v2\/media\/270085"}],"wp:attachment":[{"href":"https:\/\/www.europesays.com\/de\/wp-json\/wp\/v2\/media?parent=270084"}],"wp:term":[{"taxonomy":"category","embeddable":true,"href":"https:\/\/www.europesays.com\/de\/wp-json\/wp\/v2\/categories?post=270084"},{"taxonomy":"post_tag","embeddable":true,"href":"https:\/\/www.europesays.com\/de\/wp-json\/wp\/v2\/tags?post=270084"}],"curies":[{"name":"wp","href":"https:\/\/api.w.org\/{rel}","templated":true}]}}