{"id":270090,"date":"2025-07-16T16:01:12","date_gmt":"2025-07-16T16:01:12","guid":{"rendered":"https:\/\/www.europesays.com\/de\/270090\/"},"modified":"2025-07-16T16:01:12","modified_gmt":"2025-07-16T16:01:12","slug":"frankreich-will-zwei-feiertage-streichen","status":"publish","type":"post","link":"https:\/\/www.europesays.com\/de\/270090\/","title":{"rendered":"Frankreich will zwei Feiertage streichen"},"content":{"rendered":"<ol class=\"id-DonaldBreadcrumb lp_west_breadcrumb id-DonaldBreadcrumb--default\" data-k5a-pos=\"west_breadcrumb\">\n<li class=\"id-Breadcrumb-item\"><a href=\"https:\/\/www.merkur.de\/\" class=\"id-Breadcrumb-link\" data-id-ec=\"{\" shn=\"\" textlink=\"\" data-k5a-pos=\"1_startseite\" rel=\"nofollow noopener\" target=\"_blank\">Startseite<\/a><\/li>\n<li class=\"id-Breadcrumb-item\"><a href=\"https:\/\/www.merkur.de\/politik\/\" class=\"id-Breadcrumb-link\" data-id-ec=\"{\" shn=\"\" textlink=\"\" data-k5a-pos=\"2_politik\" rel=\"nofollow noopener\" target=\"_blank\">Politik<\/a><\/li>\n<\/ol>\n<p class=\"id-Story-timestamp id-Story-timestamp--default\">Stand: 16.07.2025, 17:27 Uhr<\/p>\n<p class=\"id-Story-interactionBar id-Story-interactionBar--default\">DruckenTeilen<\/p>\n<p><img decoding=\"async\" class=\"id-RatioPlaceholder-element wv_story_el_image\" src=\"https:\/\/www.europesays.com\/de\/wp-content\/uploads\/2025\/07\/38782951-frankreichs-premier-francois-bayrou-36aRaNpRayfe.jpg\" loading=\"eager\" fetchpriority=\"high\"   height=\"619\" width=\"1100\" alt=\"Frankreichs Premier Fran&#xE7;ois&#xA0;Bayrou. \"\/>Frankreichs Premierminister Fran\u00e7ois\u00a0Bayrou (Archivbild).  \u00a9\u00a0Thomas Samson\/AFP<\/p>\n<p class=\"id-StoryElement-leadText\">Pro Sekunde steigen die Schulden Frankreichs um 5000 Euro, klagte Premier Bayrou. Das Land will in den kommenden Jahren die hohe Staatsverschuldung reduzieren.<\/p>\n<p class=\"id-StoryElement-paragraph\">Paris &#8211; Frankreichs <a href=\"https:\/\/www.fr.de\/politik\/macrons-naechster-versuch-93467901.html\" class=\"id-import-Link id-pageApi-Link--externalDomain\" data-id-ec=\"{&quot;sht&quot;:&quot;Container&quot;,&quot;shn&quot;:&quot;Story&quot;,&quot;p&quot;:{&quot;containerType&quot;:&quot;Paragraph&quot;,&quot;displayType&quot;:&quot;Paragraph InlineLink&quot;,&quot;type&quot;:&quot;INLINE_LINK&quot;,&quot;value&quot;:&quot;Premierminister Fran&#xE7;ois&#xA0;Bayrou&quot;,&quot;variant&quot;:&quot;standardLink&quot;,&quot;sponsored&quot;:false,&quot;linkHref&quot;:&quot;https:\/\/www.fr.de\/politik\/macrons-naechster-versuch-93467901.html&quot;,&quot;storyElementPosition&quot;:8,&quot;storyElementCount&quot;:25}}\" rel=\"nofollow noopener\" target=\"_blank\">Premierminister Fran\u00e7ois\u00a0Bayrou<\/a> hat das Land auf deutliche K\u00fcrzungen eingestellt und angek\u00fcndigt, zwei Feiertage zu streichen. Ziel der vorgestellten Ma\u00dfnahmen sei die Senkung der hohen Staatsverschuldung des Landes, erkl\u00e4rte Bayrou in Paris. Es solle die Zahl der Staatsbeamten gesenkt und Beh\u00f6rden zusammengelegt werden, au\u00dferdem wolle man die \u00f6ffentlichen Ausgaben einschlie\u00dflich der Rentenzahlungen und Sozialleistungen im kommenden Jahr auf dem Niveau von 2025 einfrieren. Lediglich im <a href=\"https:\/\/www.merkur.de\/politik\/paris-und-berlin-wollen-verteidigung-europas-staerken-zr-93397314.html\" class=\"id-import-Link\" data-id-ec=\"{&quot;sht&quot;:&quot;Container&quot;,&quot;shn&quot;:&quot;Story&quot;,&quot;p&quot;:{&quot;containerType&quot;:&quot;Paragraph&quot;,&quot;displayType&quot;:&quot;Paragraph InlineLink&quot;,&quot;type&quot;:&quot;INLINE_LINK&quot;,&quot;value&quot;:&quot;Verteidigungsbudget ist eine Milliardenerh&#xF6;hung&quot;,&quot;variant&quot;:&quot;standardLink&quot;,&quot;sponsored&quot;:false,&quot;linkHref&quot;:&quot;https:\/\/www.merkur.de\/politik\/paris-und-berlin-wollen-verteidigung-europas-staerken-zr-93397314.html&quot;,&quot;storyElementPosition&quot;:8,&quot;storyElementCount&quot;:25}}\" rel=\"nofollow noopener\" target=\"_blank\">Verteidigungsbudget ist eine Milliardenerh\u00f6hung<\/a> vorgesehen.<\/p>\n<p class=\"id-StoryElement-paragraph\">Ebenfalls soll das Gesundheitssystem effizienter und damit kosteng\u00fcnstiger werden. Ebenso soll gegen unberechtigte Krankschreibungen von Arbeitnehmern vorgegangen werden. Alle Ma\u00dfnahmen zusammen m\u00fcssten f\u00fcr den Haushalt 2026 Einsparungen von 43,8 Milliarden erm\u00f6glichen, sagte der Premier.\u00a0Angesichts des \u201eFluchs\u201c der \u00dcberschuldung stehe das Land vor einem \u201eMoment der Wahrheit\u201c, sagte\u00a0Bayrou. \u201eJede Sekunde steigt die Verschuldung Frankreichs um 5000 Euro.\u201c<\/p>\n<p>Rassemblement National: Le Pen hat bereits die Pr\u00e4sidentschaftswahl 2027 im Blick<img decoding=\"async\" class=\"id-RatioPlaceholder-element wv_story_el_interstitialImage\" src=\"https:\/\/www.europesays.com\/de\/wp-content\/uploads\/2025\/04\/1744175669_320_34854577-marine-le-pen-3DBZdJuBc4fe.jpg\" loading=\"lazy\"   height=\"4000\" width=\"6000\" alt=\"Marine Le Pen\"\/><a href=\"https:\/\/www.merkur.de\/politik\/frankreich-rassemblement-national-rn-marine-le-pen-rassismus-bilder-fotostrecke-zr-93143271.html\" class=\"id-StoryElement-intestitialLink-link\" data-id-ec=\"{\" shn=\"\" ansehen=\"\" data-k5a-pos=\"west_story_10_photoGalleryLink\" title=\"Zur Fotostrecke: Rassemblement National: Le Pen hat bereits die Pr&#xE4;sidentschaftswahl 2027 im Blick\" rel=\"nofollow noopener\" target=\"_blank\">Fotostrecke ansehen<\/a>Frankreich geht gegen hohe Staatsverschuldung vor: Schuldenkrise droht<\/p>\n<p class=\"id-StoryElement-paragraph\">Frankreich m\u00fcsse das Anwachsen seiner \u00f6ffentlichen Schuldenlast bremsen und seine Produktivit\u00e4t steigern, sonst drohe eine Staatsschuldenkrise wie in Griechenland. Das sagte\u00a0Bayrou\u00a0in der seit Wochen erwarteten Vorstellung seiner Grundz\u00fcge f\u00fcr den Haushalt 2026 mit dem Titel \u201eDer Moment der Wahrheit\u201c.<\/p>\n<p class=\"id-StoryElement-paragraph\">Der \u00f6ffentliche Schuldenstand sei auf 114 Prozent des Bruttoinlandsprodukts angestiegen, sagte der Premier. Damit stehe Frankreich nach Griechenland und Italien an dritter Stelle innerhalb der <a href=\"https:\/\/www.merkur.de\/politik\/europaeische-union-geschichte-institutionen-entwicklung-mitglieder-gruendung-90286999.html\" class=\"id-import-Link\" data-id-ec=\"{&quot;sht&quot;:&quot;Container&quot;,&quot;shn&quot;:&quot;Story&quot;,&quot;p&quot;:{&quot;containerType&quot;:&quot;Paragraph&quot;,&quot;displayType&quot;:&quot;Paragraph InlineLink&quot;,&quot;type&quot;:&quot;INLINE_LINK&quot;,&quot;value&quot;:&quot;EU&quot;,&quot;variant&quot;:&quot;standardLink&quot;,&quot;sponsored&quot;:false,&quot;linkHref&quot;:&quot;https:\/\/www.merkur.de\/politik\/europaeische-union-geschichte-institutionen-entwicklung-mitglieder-gruendung-90286999.html&quot;,&quot;storyElementPosition&quot;:15,&quot;storyElementCount&quot;:25}}\" rel=\"nofollow noopener\" target=\"_blank\">EU<\/a>. Bayrou\u00a0prangerte an, dass es in Frankreich \u201eseit Jahrzehnten als normal angesehen wird, dass der Staat alles zahlt\u201c. Doch das Land stehe vor der \u201et\u00f6dlichen Gefahr\u201c, von seiner Schuldenlast erdr\u00fcckt zu werden. Das Haushaltsdefizit solle von erwarteten 5,4 Prozent im laufenden Jahr auf 4,6 Prozent 2026 und dann bis 2029 in Etappen auf 2,8 Prozent gesenkt werden und damit wieder unter den europ\u00e4ischen Grenzwert von drei Prozent kommen.<\/p>\n<p>Krise im Nachbarland: Frankreich will Schulden mit der Streichung von Feiertagen reduzieren<\/p>\n<p class=\"id-StoryElement-paragraph\">Seine <a href=\"https:\/\/www.fr.de\/politik\/der-rechtsruck-von-frankreichs-mitte-93544813.html\" class=\"id-import-Link id-pageApi-Link--externalDomain\" data-id-ec=\"{&quot;sht&quot;:&quot;Container&quot;,&quot;shn&quot;:&quot;Story&quot;,&quot;p&quot;:{&quot;containerType&quot;:&quot;Paragraph&quot;,&quot;displayType&quot;:&quot;Paragraph InlineLink&quot;,&quot;type&quot;:&quot;INLINE_LINK&quot;,&quot;value&quot;:&quot;Mitte-Rechts-Regierung&quot;,&quot;variant&quot;:&quot;standardLink&quot;,&quot;sponsored&quot;:false,&quot;linkHref&quot;:&quot;https:\/\/www.fr.de\/politik\/der-rechtsruck-von-frankreichs-mitte-93544813.html&quot;,&quot;storyElementPosition&quot;:18,&quot;storyElementCount&quot;:25}}\" rel=\"nofollow noopener\" target=\"_blank\">Mitte-Rechts-Regierung<\/a> gehe mit den vorgestellten Sparma\u00dfnahmen ein gro\u00dfes Risiko ein, da sie \u00fcber keine eigene Mehrheit verf\u00fcge und der Opposition ausgeliefert sei, sagte\u00a0Bayrou. Die Regierung m\u00fcsse das Land aber aus der Zwangslage der Schuldenlast befreien.\u00a0Angesichts der unklaren Machtverh\u00e4ltnisse im Parlament wird es f\u00fcr wahrscheinlich gehalten, dass die Regierung im Herbst im Streit um den Haushalt st\u00fcrzen k\u00f6nnte.<\/p>\n<p class=\"id-StoryElement-paragraph\">Um gleichzeitig die franz\u00f6sische Wirtschaftsleistung zu steigern, schlug der Premierminister die Streichung von zwei der elf Feiertage vor: den Ostermontag und den 8. Mai zum Gedenken an das Ende des Zweiten Weltkriegs. Diese Ma\u00dfnahme k\u00f6nne \u201emehrere Milliarden Euro f\u00fcr den Staatshaushalt\u201c einbringen. Erst k\u00fcrzlich musste die franz\u00f6sische Regierung ihre Wachstumsprognose f\u00fcr das laufende Jahr von 0,9 auf 0,7 Prozent absenken.<\/p>\n<p>Schuldenkrise in Frankreich: Land erh\u00f6ht trotzdem Verteidigungsausgaben<\/p>\n<p class=\"id-StoryElement-paragraph\"><a href=\"https:\/\/www.merkur.de\/politik\/bewaehrungsprobe-misstrauensvotum-in-frankreich-regierung-wegen-renten-eintrittsalter-vor-zr-93811354.html\" class=\"id-import-Link\" data-id-ec=\"{&quot;sht&quot;:&quot;Container&quot;,&quot;shn&quot;:&quot;Story&quot;,&quot;p&quot;:{&quot;containerType&quot;:&quot;Paragraph&quot;,&quot;displayType&quot;:&quot;Paragraph InlineLink&quot;,&quot;type&quot;:&quot;INLINE_LINK&quot;,&quot;value&quot;:&quot;Anfang Juli hatte&#xA0;Bayrou&#xA0;noch ein von den Sozialisten beantragtes Misstrauensvotum &#xFC;berstanden&quot;,&quot;variant&quot;:&quot;standardLink&quot;,&quot;sponsored&quot;:false,&quot;linkHref&quot;:&quot;https:\/\/www.merkur.de\/politik\/bewaehrungsprobe-misstrauensvotum-in-frankreich-regierung-wegen-renten-eintrittsalter-vor-zr-93811354.html&quot;,&quot;storyElementPosition&quot;:23,&quot;storyElementCount&quot;:25}}\" rel=\"nofollow noopener\" target=\"_blank\">Anfang Juli hatte\u00a0Bayrou\u00a0noch ein von den Sozialisten beantragtes Misstrauensvotum \u00fcberstanden<\/a>, weil sich zwar das linke Lager, nicht aber das <a href=\"https:\/\/www.merkur.de\/politik\/rassemblement-national-gruendung-entwicklung-programm-erfolge-le-pen-rechte-partei-frankreich-91571144.html\" class=\"id-import-Link\" data-id-ec=\"{&quot;sht&quot;:&quot;Container&quot;,&quot;shn&quot;:&quot;Story&quot;,&quot;p&quot;:{&quot;containerType&quot;:&quot;Paragraph&quot;,&quot;displayType&quot;:&quot;Paragraph InlineLink&quot;,&quot;type&quot;:&quot;INLINE_LINK&quot;,&quot;value&quot;:&quot;Rassemblement National&quot;,&quot;variant&quot;:&quot;standardLink&quot;,&quot;sponsored&quot;:false,&quot;linkHref&quot;:&quot;https:\/\/www.merkur.de\/politik\/rassemblement-national-gruendung-entwicklung-programm-erfolge-le-pen-rechte-partei-frankreich-91571144.html&quot;,&quot;storyElementPosition&quot;:23,&quot;storyElementCount&quot;:25}}\" rel=\"nofollow noopener\" target=\"_blank\">Rassemblement National<\/a> von <a href=\"https:\/\/www.merkur.de\/politik\/marine-le-pen-frankreich-stichwahl-2022-vater-ehe-mann-infos-partei-kandidatin-91364913.html\" class=\"id-import-Link\" data-id-ec=\"{&quot;sht&quot;:&quot;Container&quot;,&quot;shn&quot;:&quot;Story&quot;,&quot;p&quot;:{&quot;containerType&quot;:&quot;Paragraph&quot;,&quot;displayType&quot;:&quot;Paragraph InlineLink&quot;,&quot;type&quot;:&quot;INLINE_LINK&quot;,&quot;value&quot;:&quot;Marine Le Pen&quot;,&quot;variant&quot;:&quot;standardLink&quot;,&quot;sponsored&quot;:false,&quot;linkHref&quot;:&quot;https:\/\/www.merkur.de\/politik\/marine-le-pen-frankreich-stichwahl-2022-vater-ehe-mann-infos-partei-kandidatin-91364913.html&quot;,&quot;storyElementPosition&quot;:23,&quot;storyElementCount&quot;:25}}\" rel=\"nofollow noopener\" target=\"_blank\">Marine Le Pen<\/a> hinter das Votum stellte. Bei den Haushaltsberatungen aber k\u00f6nnten auch die Rechten bei einem Misstrauensvotum mitziehen und die Regierung zu Fall bringen. Eine Streichung von zwei Feiertagen werde man auf keinen Fall akzeptieren, machten die Rechten prompt klar.<\/p>\n<p class=\"id-StoryElement-paragraph\">Am Sonntag hatte Pr\u00e4sident <a href=\"https:\/\/www.fr.de\/thema\/emmanuel-macron-per772394\/\" class=\"id-import-Link id-pageApi-Link--externalDomain\" title=\"Emmanuel Macron\" data-id-ec=\"{&quot;sht&quot;:&quot;Container&quot;,&quot;shn&quot;:&quot;Story&quot;,&quot;p&quot;:{&quot;containerType&quot;:&quot;Paragraph&quot;,&quot;displayType&quot;:&quot;Paragraph InlineLink&quot;,&quot;type&quot;:&quot;INLINE_LINK&quot;,&quot;value&quot;:&quot;Emmanuel Macron&quot;,&quot;variant&quot;:&quot;standardLink&quot;,&quot;sponsored&quot;:false,&quot;linkHref&quot;:&quot;https:\/\/www.fr.de\/thema\/emmanuel-macron-per772394\/&quot;,&quot;storyElementPosition&quot;:25,&quot;storyElementCount&quot;:25}}\" rel=\"nofollow noopener\" target=\"_blank\">Emmanuel Macron<\/a> zus\u00e4tzliche Verteidigungsausgaben in H\u00f6he von 3,5 Milliarden Euro in Aussicht gestellt, die im Jahr 2027 um weitere drei Milliarden Euro erh\u00f6ht werden sollen. Der franz\u00f6sische Verteidigungshaushalt im Jahr 2025 umfasst 50,5 Milliarden Euro. (dpa\/afp\/fm\u00fc)<\/p>\n","protected":false},"excerpt":{"rendered":"Startseite Politik Stand: 16.07.2025, 17:27 Uhr DruckenTeilen Frankreichs Premierminister Fran\u00e7ois\u00a0Bayrou (Archivbild). \u00a9\u00a0Thomas Samson\/AFP Pro Sekunde steigen die Schulden&hellip;\n","protected":false},"author":2,"featured_media":270091,"comment_status":"","ping_status":"","sticky":false,"template":"","format":"standard","meta":{"footnotes":""},"categories":[3974],"tags":[331,332,548,663,3934,3980,156,13,14,15,12],"class_list":{"0":"post-270090","1":"post","2":"type-post","3":"status-publish","4":"format-standard","5":"has-post-thumbnail","7":"category-frankreich","8":"tag-aktuelle-nachrichten","9":"tag-aktuelle-news","10":"tag-eu","11":"tag-europa","12":"tag-europe","13":"tag-france","14":"tag-frankreich","15":"tag-headlines","16":"tag-nachrichten","17":"tag-news","18":"tag-schlagzeilen"},"share_on_mastodon":{"url":"https:\/\/pubeurope.com\/@de\/114863753427669994","error":""},"_links":{"self":[{"href":"https:\/\/www.europesays.com\/de\/wp-json\/wp\/v2\/posts\/270090","targetHints":{"allow":["GET"]}}],"collection":[{"href":"https:\/\/www.europesays.com\/de\/wp-json\/wp\/v2\/posts"}],"about":[{"href":"https:\/\/www.europesays.com\/de\/wp-json\/wp\/v2\/types\/post"}],"author":[{"embeddable":true,"href":"https:\/\/www.europesays.com\/de\/wp-json\/wp\/v2\/users\/2"}],"replies":[{"embeddable":true,"href":"https:\/\/www.europesays.com\/de\/wp-json\/wp\/v2\/comments?post=270090"}],"version-history":[{"count":0,"href":"https:\/\/www.europesays.com\/de\/wp-json\/wp\/v2\/posts\/270090\/revisions"}],"wp:featuredmedia":[{"embeddable":true,"href":"https:\/\/www.europesays.com\/de\/wp-json\/wp\/v2\/media\/270091"}],"wp:attachment":[{"href":"https:\/\/www.europesays.com\/de\/wp-json\/wp\/v2\/media?parent=270090"}],"wp:term":[{"taxonomy":"category","embeddable":true,"href":"https:\/\/www.europesays.com\/de\/wp-json\/wp\/v2\/categories?post=270090"},{"taxonomy":"post_tag","embeddable":true,"href":"https:\/\/www.europesays.com\/de\/wp-json\/wp\/v2\/tags?post=270090"}],"curies":[{"name":"wp","href":"https:\/\/api.w.org\/{rel}","templated":true}]}}