{"id":270092,"date":"2025-07-16T16:02:17","date_gmt":"2025-07-16T16:02:17","guid":{"rendered":"https:\/\/www.europesays.com\/de\/270092\/"},"modified":"2025-07-16T16:02:17","modified_gmt":"2025-07-16T16:02:17","slug":"solar-heat-europe-roger-hackstock-im-vorstand-des-europaeischen-solarwaeme-verbands","status":"publish","type":"post","link":"https:\/\/www.europesays.com\/de\/270092\/","title":{"rendered":"Solar Heat Europe: Roger Hackstock im Vorstand des europ\u00e4ischen Solarw\u00e4me-Verbands"},"content":{"rendered":"<p><strong>Solar Heat Europe<\/strong>, Sprachrohr der Solarthermie-Branche in Br\u00fcssel, hat bei seiner letzten Generalversammlung einen neuen <strong>Vorstand<\/strong> ernannt. Mit 43 Mitgliedern, zusammengesetzt aus nationalen Verb\u00e4nden, Industrieunternehmen, Dienstanbieter und Forschungsinstitutionen, vertritt der Verband laut eigenen Angaben \u00fcber 90 Prozent der Industrie in der gesamten Wertsch\u00f6pfungskette direkt oder indirekt.<\/p>\n<p><strong>Guglielmo Cioni<\/strong>, TVP Solar, seit Juni 2023 Pr\u00e4sident von Solar Heat Europe wurde wiedergew\u00e4hlt, ihm stehen mit Lucie Nebut von Newheat und Christos Travasaros vom griechischen Industrieverband zwei neue Vorstandsmitglieder zur Seite. Sie \u00fcbernehmen die Posten von Edwige Porcheyre von Enerplan und Pierre Delmas von Newheat. Gemeinsam mit Travasaros vertritt <strong>Roger Hackstock<\/strong>, Gesch\u00e4ftsf\u00fchrer von <a href=\"https:\/\/tga.at\/branche\/austria-solar-neustart-der-waermewende-erst-gegen-jahresende\/\" target=\"_blank\" rel=\"nofollow noopener\">Austria Solar<\/a>, die nationalen Verb\u00e4nden in Solar Heat Europe. Dazu kommen noch Christophe Williams von Naked Energy und Oleguer Fuertes von BDR Thermal als Vertreter der Industrie.<\/p>\n<p>\u201eNeben der Elektrizit\u00e4t (20 Prozent) und dem Verkehr (30 Prozent) ist die <a href=\"https:\/\/tga.at\/energietraeger\/energiewende-erklaert-diese-begriffe-sollten-sie-kennen\/#blockid-6681158\" target=\"_blank\" rel=\"nofollow noopener\">Dekarbonisierung des Heizens (und K\u00fchlens)<\/a> das gr\u00f6\u00dfte Problem, das es zu l\u00f6sen gilt, da sie 50 Prozent des gesamten weltweiten Endenergieverbrauchs ausmacht. W\u00e4rme wird haupts\u00e4chlich durch die Verbrennung fossiler Brennstoffe erzeugt und tr\u00e4gt zu etwa 40 Prozent aller globalen <strong>Emissionen<\/strong> bei&#8220;, fasst <strong>Cioni <\/strong>zusammen. Solar Heat Europe wolle sich daher weiter daf\u00fcr einsetzen, die Vorteile der Technologien und Innovationen ihrer Mitglieder hervorzuheben und ihre <strong>Verbreitung<\/strong> in allen Marktsegmenten zu beschleunigen.\u00a0<\/p>\n<p>&gt;&gt; Immer up to date mit Meinungen und News aus der Branche sein? Abonnieren Sie unsere Newsletter: Ob w\u00f6chentliche \u00dcbersicht, Planer*innen-Newsletter oder Sanit\u00e4r-Trendletter \u2013 mit uns bleiben Sie informiert!<a href=\"https:\/\/industriemedien.at\/shop\/tga-newsletter\/%20target=?__hstc=82788617.a1c4296985a1fe549bc4f1e33ef26f09.1690875180886.1752558028688.1752579541774.1480&amp;__hssc=82788617.17.1752579541774&amp;__hsfp=3212315298\" rel=\"nofollow noopener\" target=\"_blank\"> Hier geht\u2019s zur Anmeldung!<\/a><\/p>\n","protected":false},"excerpt":{"rendered":"Solar Heat Europe, Sprachrohr der Solarthermie-Branche in Br\u00fcssel, hat bei seiner letzten Generalversammlung einen neuen Vorstand ernannt. Mit&hellip;\n","protected":false},"author":2,"featured_media":270093,"comment_status":"","ping_status":"","sticky":false,"template":"","format":"standard","meta":{"footnotes":""},"categories":[3933],"tags":[331,332,4497,3801,17587,1520,548,663,158,3934,3935,81321,81322,13,632,197,62164,81323,25801,14,15,33803,78784,12,81324],"class_list":{"0":"post-270092","1":"post","2":"type-post","3":"status-publish","4":"format-standard","5":"has-post-thumbnail","7":"category-eu","8":"tag-aktuelle-nachrichten","9":"tag-aktuelle-news","10":"tag-bim","11":"tag-brandschutz","12":"tag-design","13":"tag-energiewende","14":"tag-eu","15":"tag-europa","16":"tag-europaeische-union","17":"tag-europe","18":"tag-european-union","19":"tag-facility-management","20":"tag-gebaeudeautomatisierung","21":"tag-headlines","22":"tag-heizung","23":"tag-installation","24":"tag-kuehlung","25":"tag-lebenszyklus","26":"tag-lueftung","27":"tag-nachrichten","28":"tag-news","29":"tag-planung","30":"tag-sanitaer","31":"tag-schlagzeilen","32":"tag-tga"},"share_on_mastodon":{"url":"https:\/\/pubeurope.com\/@de\/114863757581867691","error":""},"_links":{"self":[{"href":"https:\/\/www.europesays.com\/de\/wp-json\/wp\/v2\/posts\/270092","targetHints":{"allow":["GET"]}}],"collection":[{"href":"https:\/\/www.europesays.com\/de\/wp-json\/wp\/v2\/posts"}],"about":[{"href":"https:\/\/www.europesays.com\/de\/wp-json\/wp\/v2\/types\/post"}],"author":[{"embeddable":true,"href":"https:\/\/www.europesays.com\/de\/wp-json\/wp\/v2\/users\/2"}],"replies":[{"embeddable":true,"href":"https:\/\/www.europesays.com\/de\/wp-json\/wp\/v2\/comments?post=270092"}],"version-history":[{"count":0,"href":"https:\/\/www.europesays.com\/de\/wp-json\/wp\/v2\/posts\/270092\/revisions"}],"wp:featuredmedia":[{"embeddable":true,"href":"https:\/\/www.europesays.com\/de\/wp-json\/wp\/v2\/media\/270093"}],"wp:attachment":[{"href":"https:\/\/www.europesays.com\/de\/wp-json\/wp\/v2\/media?parent=270092"}],"wp:term":[{"taxonomy":"category","embeddable":true,"href":"https:\/\/www.europesays.com\/de\/wp-json\/wp\/v2\/categories?post=270092"},{"taxonomy":"post_tag","embeddable":true,"href":"https:\/\/www.europesays.com\/de\/wp-json\/wp\/v2\/tags?post=270092"}],"curies":[{"name":"wp","href":"https:\/\/api.w.org\/{rel}","templated":true}]}}