{"id":270173,"date":"2025-07-16T16:43:12","date_gmt":"2025-07-16T16:43:12","guid":{"rendered":"https:\/\/www.europesays.com\/de\/270173\/"},"modified":"2025-07-16T16:43:12","modified_gmt":"2025-07-16T16:43:12","slug":"prinzessin-victoria-prinz-daniel-baby-da-ihre-familie-waechst","status":"publish","type":"post","link":"https:\/\/www.europesays.com\/de\/270173\/","title":{"rendered":"Prinzessin Victoria + Prinz Daniel: Baby da! Ihre Familie w\u00e4chst"},"content":{"rendered":"<p>\nDie Familie von Prinzessin Victoria und Prinz Daniel ist um ein kleines Mitglied gewachsen: Ihre Nichte, Hedvig S\u00f6derstr\u00f6m, hat ihr erstes Baby zur Welt gebracht. <\/p>\n<p class=\"text-element u-richtext u-typo u-typo--article-text article__text-element text-element--context-article\"> Endlich ist es soweit: Hedvig S\u00f6derstr\u00f6m, die Nichte von <a class=\"link--person\" data-target-type=\"article\" href=\"https:\/\/www.gala.de\/stars\/starportraets\/prinzessin-victoria-von-schweden-im-portraet-20487070.html\" rel=\"nofollow noopener\" target=\"_blank\">Prinzessin Victoria<\/a>, 48, und <a class=\"link--person\" data-target-type=\"article\" href=\"https:\/\/www.gala.de\/stars\/starportraets\/prinz-daniel-20480722.html\" rel=\"nofollow noopener\" target=\"_blank\">Prinz Daniel<\/a>, 51, ist zum ersten Mal Mutter geworden. Das geben die Schwedin und ihr Ehemann, der Eishockey-Profi Victor S\u00f6derstr\u00f6m, 24, am 16. Juli 2025 via Instagram bekannt.\u00a0<\/p>\n<p>Prinz Daniel und Prinzessin Victoria jubeln: Neues Mitglied ihrer Familie ist da<\/p>\n<p class=\"text-element u-richtext u-typo u-typo--article-text article__text-element text-element--context-article\"> Das junge Ehepaar teilt mit dem schlichten Satz &#8222;Astrid ist auf der Welt&#8220; die sch\u00f6nen Nachrichten mit ihren Fans. Das dazugeh\u00f6rige Bild zeigt ihr Baby friedlich schlummernd. Die kleine Astrid hat ihre Augen geschlossen, die Mundwinkel zeigen leicht nach unten, aber sie sieht beinahe tiefenentspannt aus. Links und rechts neben ihrem Kopf ruhen ihre H\u00e4nde, die zu F\u00e4ustchen gekr\u00fcmmt sind.<\/p>\n<p class=\"text-element u-richtext u-typo u-typo--article-text article__text-element text-element--context-article\"> Dar\u00fcber hinaus teilt das Ehepaar S\u00f6derstr\u00f6m auch den genauen Geburtstag ihrer Tochter mit: Das Baby erblickte am 14. Juli das Licht der Welt \u2013 und teilt sich damit einen Geburtstag mit ihrer ber\u00fchmten Tante Prinzessin Victoria.\u00a0<\/p>\n<p class=\"text-element u-richtext u-typo u-typo--article-text article__text-element text-element--context-article\"> Ein offizielles Statement seitens des schwedischen Palasts wird es zur Geburt des S\u00f6derstr\u00f6m-Babys vermutlich nicht geben. Das d\u00fcrfte auch wenig \u00fcberraschen, denn obwohl das junge Ehepaar mit den Royals verwandt ist, geh\u00f6rt es nicht automatisch auch zur K\u00f6nigsfamilie dazu.\u00a0<\/p>\n<p>Victoria und Daniel nahmen zuletzt an der S\u00f6derstr\u00f6m-Hochzeit teil<\/p>\n<p class=\"text-element u-richtext u-typo u-typo--article-text article__text-element text-element--context-article\"> Nat\u00fcrlich steht diese Formalit\u00e4t einem guten Verh\u00e4ltnis zwischen Daniel und Victoria und den S\u00f6derstr\u00f6ms nicht im Wege. Das genaue Gegenteil ist der Fall: Die Kronprinzessin und ihr Ehemann nahmen in der Vergangenheit still und heimlich an gro\u00dfen Meilensteinen im Leben von Victor und Hedvig teil. So reisten Daniel und Victoria beispielsweise im Sommer 2024 zur Hochzeit des jungen Paares nach Italien. Die private Reise, bei der auch <a class=\"\" data-target-type=\"article\" href=\"https:\/\/www.gala.de\/royals\/themen\/prinzessin-estelle-20960452.html\" rel=\"nofollow noopener\" target=\"_blank\">Prinzessin Estelle<\/a>, 13, und <a class=\"\" data-target-type=\"article\" href=\"https:\/\/www.gala.de\/royals\/themen\/prinz-oscar-20956928.html\" rel=\"nofollow noopener\" target=\"_blank\">Prinz Oscar<\/a>, 9, dabei waren, <a data-target-type=\"article\" href=\"https:\/\/www.gala.de\/royals\/skandinavier\/prinzessin-victoria--freund-verraet-details-ueber-private-hochzeitsreise-24166216.html\" rel=\"nofollow noopener\" target=\"_blank\">wurde erst einige Wochen sp\u00e4ter \u00f6ffentlich<\/a>.\u00a0<\/p>\n<p class=\"text-element u-richtext u-typo u-typo--article-text article__text-element text-element--context-article\"> Victor und Hedvig S\u00f6derstr\u00f6m <a data-target-type=\"article\" href=\"https:\/\/www.gala.de\/royals\/skandinavier\/prinz-daniel---prinzessin-victoria--hochzeit-in-der-schwedischen-koenigsfamilie-22955466.html\" rel=\"nofollow noopener\" target=\"_blank\">gaben sich bereits 2022 das Jawort<\/a>, damals allerdings in einem sehr kleinen Kreis. Die gro\u00dfe Feier \u2013 zu der auch die Royals eingeladen waren \u2013 veranstaltete das Ehepaar dann im Sommer 2024. Anfang M\u00e4rz 2025 \u00fcberraschten der Profisportler und seine Ehefrau dann mit den n\u00e4chsten sch\u00f6nen Nachrichten und gaben Hedvigs Schwangerschaft bekannt. Jetzt k\u00f6nnen die beiden endlich ihr Baby in den Armen halten.<\/p>\n<p class=\"text-element u-richtext u-typo u-typo--article-text article__text-element text-element--context-article\"> Verwendete Quelle: instagram.com<\/p>\n<p>\ncre<br \/>\nGala\n<\/p>\n<p>#Themen<\/p>\n<p><script async src=\"\/\/www.instagram.com\/embed.js\"><\/script><\/p>\n","protected":false},"excerpt":{"rendered":"Die Familie von Prinzessin Victoria und Prinz Daniel ist um ein kleines Mitglied gewachsen: Ihre Nichte, Hedvig S\u00f6derstr\u00f6m,&hellip;\n","protected":false},"author":2,"featured_media":270174,"comment_status":"","ping_status":"","sticky":false,"template":"","format":"standard","meta":{"footnotes":""},"categories":[1776],"tags":[1801,29,214,30,1802,215],"class_list":{"0":"post-270173","1":"post","2":"type-post","3":"status-publish","4":"format-standard","5":"has-post-thumbnail","7":"category-prominente","8":"tag-celebrities","9":"tag-deutschland","10":"tag-entertainment","11":"tag-germany","12":"tag-prominente","13":"tag-unterhaltung"},"share_on_mastodon":{"url":"https:\/\/pubeurope.com\/@de\/114863918655809709","error":""},"_links":{"self":[{"href":"https:\/\/www.europesays.com\/de\/wp-json\/wp\/v2\/posts\/270173","targetHints":{"allow":["GET"]}}],"collection":[{"href":"https:\/\/www.europesays.com\/de\/wp-json\/wp\/v2\/posts"}],"about":[{"href":"https:\/\/www.europesays.com\/de\/wp-json\/wp\/v2\/types\/post"}],"author":[{"embeddable":true,"href":"https:\/\/www.europesays.com\/de\/wp-json\/wp\/v2\/users\/2"}],"replies":[{"embeddable":true,"href":"https:\/\/www.europesays.com\/de\/wp-json\/wp\/v2\/comments?post=270173"}],"version-history":[{"count":0,"href":"https:\/\/www.europesays.com\/de\/wp-json\/wp\/v2\/posts\/270173\/revisions"}],"wp:featuredmedia":[{"embeddable":true,"href":"https:\/\/www.europesays.com\/de\/wp-json\/wp\/v2\/media\/270174"}],"wp:attachment":[{"href":"https:\/\/www.europesays.com\/de\/wp-json\/wp\/v2\/media?parent=270173"}],"wp:term":[{"taxonomy":"category","embeddable":true,"href":"https:\/\/www.europesays.com\/de\/wp-json\/wp\/v2\/categories?post=270173"},{"taxonomy":"post_tag","embeddable":true,"href":"https:\/\/www.europesays.com\/de\/wp-json\/wp\/v2\/tags?post=270173"}],"curies":[{"name":"wp","href":"https:\/\/api.w.org\/{rel}","templated":true}]}}