{"id":270226,"date":"2025-07-16T17:10:10","date_gmt":"2025-07-16T17:10:10","guid":{"rendered":"https:\/\/www.europesays.com\/de\/270226\/"},"modified":"2025-07-16T17:10:10","modified_gmt":"2025-07-16T17:10:10","slug":"polizei-erwartet-verkehrschaos-antenne-muenster","status":"publish","type":"post","link":"https:\/\/www.europesays.com\/de\/270226\/","title":{"rendered":"Polizei erwartet Verkehrschaos &#8211; Antenne M\u00fcnster"},"content":{"rendered":"<p>Am Samstag (19.07.) d\u00fcrfte in der Innenstadt von M\u00fcnster wieder Ausnahmezustand herrschen. Ein weiteres Mal wollen Rechtsextreme in unserer Stadt aufmarschieren &#8211; und wieder wird es Proteste dagegen geben. Die Polizei hat mit den Demoveranstaltern sogenannte &#8222;Kooperationsgespr\u00e4che&#8220; gef\u00fchrt.<\/p>\n<p>Sieben Versammlungen in der Innenstadt<\/p>\n<p>5 Demos gibt\u00a0es im Bahnhofsbereich eine von Rechtsextremen und vier Gegendemos. Die Polizei rechnet dort mit\u00a0\u00fcber 1000 Teilnehmenden.\u00a0Und dazu kommen noch zwei andere Versammlungen in der Stadt mit wahrscheinlich nur wenig Leuten. Auf dem Prinzipalmarkt geht es um &#8222;Kinder in Gaza&#8220; und auf\u00a0dem Schlossplatz geht\u00a0es um &#8222;Frieden im Iran&#8220;. Alle Versammlungen sind f\u00fcr den Zeitraum von 12 bis 22 Uhr angemeldet.\u00a0<\/p>\n<p>Polizei verteilt Info-Flyer<\/p>\n<p class=\"ql-align-justify\">Der Schwerpunkt des Demogeschehens wird wie am 5. Juli auf der Westseite des Hauptbahnhofs bis zum Bereich des Ludgeriplatzes liegen. Die Versammlungen gegen den rechten Aufzug formieren sich auf der Westseite des Hauptbahnhofs, an der Ecke Hafenstra\u00dfe\/Von Steuben-Stra\u00dfe, am Ludgeriplatz und auf dem Servatiiplatz. Der angezeigte Aufzug der Gegenversammlung wird im Bereich des Servatiiplatzes bis zum Ludgeriplatz stattfinden.<\/p>\n<p>Die Polizei\u00a0hat rund tausend Flyer in den betroffenen Bereichen verteilt, um Anwohnende und Gesch\u00e4ftsleute \u00fcber die Beeintr\u00e4chtigungen zu informieren. H\u00e4ndler und Hoteliers am Bahnhof sind genervt &#8211; schon beim letzten Gro\u00dfdemo-Tag war die Kundschaft ausgeblieben.<\/p>\n<p>Auswirkungen der Demos<\/p>\n<p>Am Samstag werden wieder Parkverbotszonen und Stra\u00dfensperrungen im Bereich des rechten Aufzugs eingerichtet. Die Busse in der Innenstadt fahren Umleitungen. F\u00fcr den Bahnhofsbereich gilt ein Waffenverbot und auch Glasflaschen sind verboten.<\/p>\n<p>B\u00fcrgertelefon zur Demo <\/p>\n<p>Die Polizei M\u00fcnster hat ab sofort ein B\u00fcrgertelefon eingerichtet. Dort gibt es bis einschlie\u00dflich Samstag\u00a0aktuelle Informationen rund um das Demonstrationsgeschehen und die daraus resultierenden Einschr\u00e4nkungen.<\/p>\n<p>Hier die Nummer des B\u00fcrgertelefons: <strong>0251\/275-1112<\/strong> (werktags von 8 bis 16 Uhr und Samstag ab 8 Uhr).<\/p>\n","protected":false},"excerpt":{"rendered":"Am Samstag (19.07.) d\u00fcrfte in der Innenstadt von M\u00fcnster wieder Ausnahmezustand herrschen. Ein weiteres Mal wollen Rechtsextreme in&hellip;\n","protected":false},"author":2,"featured_media":256359,"comment_status":"","ping_status":"","sticky":false,"template":"","format":"standard","meta":{"footnotes":""},"categories":[1843],"tags":[5677,53741,53740,3364,29,30,8970,1209],"class_list":{"0":"post-270226","1":"post","2":"type-post","3":"status-publish","4":"format-standard","5":"has-post-thumbnail","7":"category-muenster","8":"tag-munster","9":"tag-bndnis-keinen-meter-den-nazis","10":"tag-keinen-meter-den-nazis","11":"tag-de","12":"tag-deutschland","13":"tag-germany","14":"tag-muenster","15":"tag-nordrhein-westfalen"},"share_on_mastodon":{"url":"https:\/\/pubeurope.com\/@de\/114864025240643540","error":""},"_links":{"self":[{"href":"https:\/\/www.europesays.com\/de\/wp-json\/wp\/v2\/posts\/270226","targetHints":{"allow":["GET"]}}],"collection":[{"href":"https:\/\/www.europesays.com\/de\/wp-json\/wp\/v2\/posts"}],"about":[{"href":"https:\/\/www.europesays.com\/de\/wp-json\/wp\/v2\/types\/post"}],"author":[{"embeddable":true,"href":"https:\/\/www.europesays.com\/de\/wp-json\/wp\/v2\/users\/2"}],"replies":[{"embeddable":true,"href":"https:\/\/www.europesays.com\/de\/wp-json\/wp\/v2\/comments?post=270226"}],"version-history":[{"count":0,"href":"https:\/\/www.europesays.com\/de\/wp-json\/wp\/v2\/posts\/270226\/revisions"}],"wp:featuredmedia":[{"embeddable":true,"href":"https:\/\/www.europesays.com\/de\/wp-json\/wp\/v2\/media\/256359"}],"wp:attachment":[{"href":"https:\/\/www.europesays.com\/de\/wp-json\/wp\/v2\/media?parent=270226"}],"wp:term":[{"taxonomy":"category","embeddable":true,"href":"https:\/\/www.europesays.com\/de\/wp-json\/wp\/v2\/categories?post=270226"},{"taxonomy":"post_tag","embeddable":true,"href":"https:\/\/www.europesays.com\/de\/wp-json\/wp\/v2\/tags?post=270226"}],"curies":[{"name":"wp","href":"https:\/\/api.w.org\/{rel}","templated":true}]}}