{"id":270233,"date":"2025-07-16T17:14:09","date_gmt":"2025-07-16T17:14:09","guid":{"rendered":"https:\/\/www.europesays.com\/de\/270233\/"},"modified":"2025-07-16T17:14:09","modified_gmt":"2025-07-16T17:14:09","slug":"strassenkuenstler-begeistern-besucher-in-wuppertal","status":"publish","type":"post","link":"https:\/\/www.europesays.com\/de\/270233\/","title":{"rendered":"Stra\u00dfenk\u00fcnstler begeistern Besucher in Wuppertal"},"content":{"rendered":"<p class=\"text_ohne_einzug richtext text-em-55 !leading-serif mx-6 desktop:mx-0\"> Das \u00fcberregionale Stra\u00dfentheater-Festival \u201eVon Nord nach West\u201c macht auch in diesem Jahr Halt am D\u00f6ppersberg. An der Treppe am Bahnhofsvorplatz k\u00f6nnen Besucher jeden Dienstag im Juli von 18 bis 19:30 Uhr die verschiedenen Auff\u00fchrungen der teils internationalen Schausteller bestaunen. Stra\u00dfenk\u00fcnstlergruppen aus Deutschland, den Niederlanden, Frankreich, England und Schottland zeigen ihr Talent.<\/p>\n","protected":false},"excerpt":{"rendered":"Das \u00fcberregionale Stra\u00dfentheater-Festival \u201eVon Nord nach West\u201c macht auch in diesem Jahr Halt am D\u00f6ppersberg. An der Treppe&hellip;\n","protected":false},"author":2,"featured_media":270234,"comment_status":"","ping_status":"","sticky":false,"template":"","format":"standard","meta":{"footnotes":"","_share_on_mastodon":"0"},"categories":[1840],"tags":[81355,6654,3364,29,26873,30,14251,1209,5383,81353,81354,76449,94,81352,13295,4418,15609,81356],"class_list":["post-270233","post","type-post","status-publish","format-standard","has-post-thumbnail","category-wuppertal","tag-bahnhofstreppe","tag-begeistert","tag-de","tag-deutschland","tag-doeppersberg","tag-germany","tag-nord","tag-nordrhein-westfalen","tag-schottland","tag-strassenkuenstler","tag-strassenkuenstlergruppen","tag-strassentheater","tag-theater","tag-treppe","tag-veranstalter","tag-wuppertal","tag-zuschauer","tag-zuschauerinnen"],"share_on_mastodon":{"url":"https:\/\/pubeurope.com\/@de\/114864040438344309","error":""},"_links":{"self":[{"href":"https:\/\/www.europesays.com\/de\/wp-json\/wp\/v2\/posts\/270233","targetHints":{"allow":["GET"]}}],"collection":[{"href":"https:\/\/www.europesays.com\/de\/wp-json\/wp\/v2\/posts"}],"about":[{"href":"https:\/\/www.europesays.com\/de\/wp-json\/wp\/v2\/types\/post"}],"author":[{"embeddable":true,"href":"https:\/\/www.europesays.com\/de\/wp-json\/wp\/v2\/users\/2"}],"replies":[{"embeddable":true,"href":"https:\/\/www.europesays.com\/de\/wp-json\/wp\/v2\/comments?post=270233"}],"version-history":[{"count":0,"href":"https:\/\/www.europesays.com\/de\/wp-json\/wp\/v2\/posts\/270233\/revisions"}],"wp:featuredmedia":[{"embeddable":true,"href":"https:\/\/www.europesays.com\/de\/wp-json\/wp\/v2\/media\/270234"}],"wp:attachment":[{"href":"https:\/\/www.europesays.com\/de\/wp-json\/wp\/v2\/media?parent=270233"}],"wp:term":[{"taxonomy":"category","embeddable":true,"href":"https:\/\/www.europesays.com\/de\/wp-json\/wp\/v2\/categories?post=270233"},{"taxonomy":"post_tag","embeddable":true,"href":"https:\/\/www.europesays.com\/de\/wp-json\/wp\/v2\/tags?post=270233"}],"curies":[{"name":"wp","href":"https:\/\/api.w.org\/{rel}","templated":true}]}}