{"id":270279,"date":"2025-07-16T17:39:09","date_gmt":"2025-07-16T17:39:09","guid":{"rendered":"https:\/\/www.europesays.com\/de\/270279\/"},"modified":"2025-07-16T17:39:09","modified_gmt":"2025-07-16T17:39:09","slug":"brand-in-leerstehender-lagerhalle-in-essen","status":"publish","type":"post","link":"https:\/\/www.europesays.com\/de\/270279\/","title":{"rendered":"Brand in leerstehender Lagerhalle in Essen"},"content":{"rendered":"<p>Schwarzer Rauch in Essen <\/p>\n<p>Die Feuerwehr Essen war am Mittwochnachmittag (16. Juli) f\u00fcr rund eine Stunde in Dellwig im Einsatz. An der Stra\u00dfe Klaumerbruch war in einer Lagerhalle ein Feuer ausgebrochen. Schon auf dem Weg dorthin haben die Einsatzkr\u00e4fte den schwarzen Rauch gesehen, der aus dem Geb\u00e4ude kam. Laut Feuerwehr war das Gel\u00e4nde abgeschlossen. Sie musste sich gewaltsam Zutritt verschaffen. Mit einem Strahlrohr konnte das Feuer dann schnell gel\u00f6scht werden. Gebrannt haben laut Feuerwehr Abf\u00e4lle, die in der Lagerhalle lagen. Verletzt wurde niemand. Es waren keine Personen im Geb\u00e4ude. Die Brandursache ermittelt jetzt die Polizei. <\/p>\n<p>Mehr Nachrichten aus Essen <\/p>\n","protected":false},"excerpt":{"rendered":"Schwarzer Rauch in Essen Die Feuerwehr Essen war am Mittwochnachmittag (16. Juli) f\u00fcr rund eine Stunde in Dellwig&hellip;\n","protected":false},"author":2,"featured_media":270280,"comment_status":"","ping_status":"","sticky":false,"template":"","format":"standard","meta":{"footnotes":""},"categories":[1834],"tags":[3275,2919,3364,29,3688,987,985,30,1209,34171],"class_list":{"0":"post-270279","1":"post","2":"type-post","3":"status-publish","4":"format-standard","5":"has-post-thumbnail","7":"category-essen","8":"tag-lokalnachrichten","9":"tag-brand","10":"tag-de","11":"tag-deutschland","12":"tag-essen","13":"tag-feuer","14":"tag-feuerwehr","15":"tag-germany","16":"tag-nordrhein-westfalen","17":"tag-rauchwolke"},"share_on_mastodon":{"url":"https:\/\/pubeurope.com\/@de\/114864138700594877","error":""},"_links":{"self":[{"href":"https:\/\/www.europesays.com\/de\/wp-json\/wp\/v2\/posts\/270279","targetHints":{"allow":["GET"]}}],"collection":[{"href":"https:\/\/www.europesays.com\/de\/wp-json\/wp\/v2\/posts"}],"about":[{"href":"https:\/\/www.europesays.com\/de\/wp-json\/wp\/v2\/types\/post"}],"author":[{"embeddable":true,"href":"https:\/\/www.europesays.com\/de\/wp-json\/wp\/v2\/users\/2"}],"replies":[{"embeddable":true,"href":"https:\/\/www.europesays.com\/de\/wp-json\/wp\/v2\/comments?post=270279"}],"version-history":[{"count":0,"href":"https:\/\/www.europesays.com\/de\/wp-json\/wp\/v2\/posts\/270279\/revisions"}],"wp:featuredmedia":[{"embeddable":true,"href":"https:\/\/www.europesays.com\/de\/wp-json\/wp\/v2\/media\/270280"}],"wp:attachment":[{"href":"https:\/\/www.europesays.com\/de\/wp-json\/wp\/v2\/media?parent=270279"}],"wp:term":[{"taxonomy":"category","embeddable":true,"href":"https:\/\/www.europesays.com\/de\/wp-json\/wp\/v2\/categories?post=270279"},{"taxonomy":"post_tag","embeddable":true,"href":"https:\/\/www.europesays.com\/de\/wp-json\/wp\/v2\/tags?post=270279"}],"curies":[{"name":"wp","href":"https:\/\/api.w.org\/{rel}","templated":true}]}}