{"id":270292,"date":"2025-07-16T17:46:13","date_gmt":"2025-07-16T17:46:13","guid":{"rendered":"https:\/\/www.europesays.com\/de\/270292\/"},"modified":"2025-07-16T17:46:13","modified_gmt":"2025-07-16T17:46:13","slug":"duesseldorf-salsa-fans-duerfen-nach-verbot-wieder-antanzen-regional","status":"publish","type":"post","link":"https:\/\/www.europesays.com\/de\/270292\/","title":{"rendered":"D\u00fcsseldorf: Salsa-Fans d\u00fcrfen nach Verbot wieder antanzen | Regional"},"content":{"rendered":"<p>D\u00fcsseldorf \u2013 <b>Tanz-Wirrwarr am Rhein: Vergangenes Wochenende wurden die langj\u00e4hrig beliebten Salsa-Treffen am Apollo-Rondell nahe des Landtags pl\u00f6tzlich vom Ordnungsamt verboten. Der m\u00fcndliche Platzverweis sorgte in der Szene f\u00fcr viel \u00c4rger und vor allem Unverst\u00e4ndnis. Nun die Kehrtwende!<\/b><\/p>\n<p>Laut Stadt gibt es einen Beschwerdef\u00fchrer. Daher habe man zun\u00e4chst aktiv werden m\u00fcssen. Doch einen Tag nach dem BILD-Bericht \u00fcber das <a href=\"https:\/\/www.bild.de\/regional\/duesseldorf\/duesseldorfer-ordnungsamt-verbietet-salsa-tanzen-am-rhein-6874d0a11f01543ad4cc3a97\" class=\"text-link\" rel=\"nofollow noopener\" target=\"_blank\">Salsa-Verbot<\/a> gab es am Mittwoch die gro\u00dfe Wende. <\/p>\n<p>Stadt hebt Tanzverbot auf<\/p>\n<p><a href=\"https:\/\/www.bild.de\/regional\/duesseldorf\/duesseldorf-regional\/home-16337628.bild.html\" class=\"text-link\" rel=\"nofollow noopener\" target=\"_blank\">D\u00fcsseldorfs<\/a> Stadtsprecher Nils Mertens: \u201eDer Veranstalter kann uns jetzt eine Genehmigungsanfrage mit allen Terminen schicken, an denen er dort Treffen plant und dann wird er die Zusage auch bekommen\u201c, verspricht Mertens. Und weiter: \u201eWir als Stadt sind nicht daran interessiert, \u00fcberall im \u00f6ffentlichen Raum Spa\u00df zu verbieten.\u201c <\/p>\n<p><img decoding=\"async\" width=\"992\" height=\"558\" alt=\"Die Salsa-Fans, die sich regelm\u00e4\u00dfig am Rhein nahe des D\u00fcsseldorfer Landtags treffen, d\u00fcrfen nun doch weiter tanzen\" src=\"https:\/\/www.europesays.com\/de\/wp-content\/uploads\/2025\/07\/6b9a4d7951d157a926ef42b0c5b2e893,a3202109\"   class=\"landscape\" loading=\"lazy\"\/><\/p>\n<p class=\"fig__caption__text\">Die Salsa-Fans, die sich regelm\u00e4\u00dfig am Rhein nahe des D\u00fcsseldorfer Landtags treffen, d\u00fcrfen nun doch weiter tanzen<\/p>\n<p>Foto: Johanna Ristau\/BILD<\/p>\n<p>Kommendes Wochenende m\u00fcsse die Tanz-Community allerdings noch auf eine Veranstaltung verzichten. Mertens: \u201eWegen der Rheinkirmes ist das Rondell als Veranstaltungsfl\u00e4che zu diesem Zeitpunkt gar nicht genehmigungsf\u00e4hig.\u201c <\/p>\n<p>Lesen Sie auch<\/p>\n<p>Michael Powalla (55), einer der Veranstalter der Salsa-Treffen am Rhein, zu BILD: \u201eWir sind mit der Entscheidung der Stadt sehr zufrieden und schicken denen jetzt unsere Genehmigungsanfrage, damit wir bald wieder tanzen k\u00f6nnen.\u201c<\/p>\n","protected":false},"excerpt":{"rendered":"D\u00fcsseldorf \u2013 Tanz-Wirrwarr am Rhein: Vergangenes Wochenende wurden die langj\u00e4hrig beliebten Salsa-Treffen am Apollo-Rondell nahe des Landtags pl\u00f6tzlich&hellip;\n","protected":false},"author":2,"featured_media":270293,"comment_status":"","ping_status":"","sticky":false,"template":"","format":"standard","meta":{"footnotes":""},"categories":[1831],"tags":[6027,3364,29,3405,30,1209,5206,4093,14143,45,17756],"class_list":{"0":"post-270292","1":"post","2":"type-post","3":"status-publish","4":"format-standard","5":"has-post-thumbnail","7":"category-duesseldorf","8":"tag-ordnungsamt","9":"tag-de","10":"tag-deutschland","11":"tag-duesseldorf","12":"tag-germany","13":"tag-nordrhein-westfalen","14":"tag-rhein","15":"tag-stephan-keller","16":"tag-taenzer","17":"tag-texttospeech","18":"tag-verboten"},"share_on_mastodon":{"url":"https:\/\/pubeurope.com\/@de\/114864166247366404","error":""},"_links":{"self":[{"href":"https:\/\/www.europesays.com\/de\/wp-json\/wp\/v2\/posts\/270292","targetHints":{"allow":["GET"]}}],"collection":[{"href":"https:\/\/www.europesays.com\/de\/wp-json\/wp\/v2\/posts"}],"about":[{"href":"https:\/\/www.europesays.com\/de\/wp-json\/wp\/v2\/types\/post"}],"author":[{"embeddable":true,"href":"https:\/\/www.europesays.com\/de\/wp-json\/wp\/v2\/users\/2"}],"replies":[{"embeddable":true,"href":"https:\/\/www.europesays.com\/de\/wp-json\/wp\/v2\/comments?post=270292"}],"version-history":[{"count":0,"href":"https:\/\/www.europesays.com\/de\/wp-json\/wp\/v2\/posts\/270292\/revisions"}],"wp:featuredmedia":[{"embeddable":true,"href":"https:\/\/www.europesays.com\/de\/wp-json\/wp\/v2\/media\/270293"}],"wp:attachment":[{"href":"https:\/\/www.europesays.com\/de\/wp-json\/wp\/v2\/media?parent=270292"}],"wp:term":[{"taxonomy":"category","embeddable":true,"href":"https:\/\/www.europesays.com\/de\/wp-json\/wp\/v2\/categories?post=270292"},{"taxonomy":"post_tag","embeddable":true,"href":"https:\/\/www.europesays.com\/de\/wp-json\/wp\/v2\/tags?post=270292"}],"curies":[{"name":"wp","href":"https:\/\/api.w.org\/{rel}","templated":true}]}}