{"id":270334,"date":"2025-07-16T18:08:15","date_gmt":"2025-07-16T18:08:15","guid":{"rendered":"https:\/\/www.europesays.com\/de\/270334\/"},"modified":"2025-07-16T18:08:15","modified_gmt":"2025-07-16T18:08:15","slug":"action-meisterwerk-ab-heute-neu-im-heimkino-einer-der-groessten-martial-arts-klassiker-ueberhaupt-erstrahlt-in-neuem-glanz-kino-news","status":"publish","type":"post","link":"https:\/\/www.europesays.com\/de\/270334\/","title":{"rendered":"Action-Meisterwerk ab heute neu im Heimkino: Einer der gr\u00f6\u00dften Martial-Arts-Klassiker \u00fcberhaupt erstrahlt in neuem Glanz &#8211; Kino News"},"content":{"rendered":"<p>Das Kampfsport-Kino brachte im Laufe der Jahre Stars wie Bruce Lee, Jackie Chan, Jet Li, Donnie Yen und Tony Jaa hervor. Diese Woche feiert jedoch einer der gr\u00f6\u00dften Klassiker des Genres Comeback, der ohne derart gro\u00dfe Namen auskommt \u2026<\/p>\n<p class=\"bo-p\">\u2026 und nichtsdestotrotz allersp\u00e4testens jetzt auf eurer Watchlist landen sollte, wenn ihr dem Genre auch nur das geringste Interesse entgegenbringt. Wir sprechen von einem der gr\u00f6\u00dften Erfolge der legend\u00e4ren Shaw Brothers und einem von Quentin Tarantino ebenso wie vom Autor dieses Artikels gesch\u00e4tzten Klopper-Meilenstein, dem auch \u00fcber 45 Jahre sp\u00e4ter kaum ein Martial-Arts-Film das Wasser reichen kann. Richtig geraten, <b>es geht \u2013 nat\u00fcrlich \u2013 um \u201e<\/b><a href=\"https:\/\/www.filmstarts.de\/kritiken\/49820.html\" class=\"bo-link\" rel=\"nofollow noopener\" target=\"_blank\"><b>Die 36 Kammern der Shaolin<\/b><\/a><b>\u201c (1978)!<\/b><\/p>\n<p class=\"bo-p\">Deshalb lie\u00df ich in der Vergangenheit auch ich keine Gelegenheit aus, um den seit jeher als Blaupause f\u00fcr abwechslungsreiches Kampfsport-Kino genutzten Klassiker des sp\u00e4teren \u201e<a href=\"https:\/\/www.filmstarts.de\/kritiken\/147967.html\" class=\"bo-link\" rel=\"nofollow noopener\" target=\"_blank\">Drunken Master II<\/a>\u201c-Regisseurs <a href=\"https:\/\/www.filmstarts.de\/personen\/85659.html\" class=\"bo-link\" rel=\"nofollow noopener\" target=\"_blank\">Chia Liang-Liu<\/a> ins Rampenlicht zu r\u00fccken \u2013 etwa als er 2023 <a href=\"https:\/\/www.filmstarts.de\/nachrichten\/1000057220.html\" class=\"bo-link\" rel=\"nofollow noopener\" target=\"_blank\">im Streaming-Abo von MUBI<\/a> (gemeinsam mit zahlreichen weiteren Klassikern der Shaw Brothers) landete oder aber als k\u00fcrzlich eine Neuauflage auf DVD und Blu-ray angek\u00fcndigt wurde. Wenige Wochen sp\u00e4ter ist es nun endlich so weit:<\/p>\n<p class=\"bo-p\"><b>Der ultimative Kung-Fu-Kultfilm kehrt am heutigen 16. Juli 2025 auf DVD und Blu-ray zur\u00fcck \u2013 und zwar als Limited Edition im Mediabook. Und nicht nur das:<\/b> Nameless Media spendiert dem Martial-Arts-Must-See mit \u201eKill Bill\u201c-Star <a href=\"https:\/\/www.filmstarts.de\/personen\/92744.html\" class=\"bo-link\" rel=\"nofollow noopener\" target=\"_blank\">Gordon Liu<\/a> gleich drei verschiedene Auflage, die jeweils auf gerade einmal 333 St\u00fcck (!) limitiert sind. <b>Exklusiv im <\/b><b>Shop von EYK Media<\/b> werdet ihr vor die Qual der Wahl gestellt, wobei ihr noch eines wissen solltet, bevor ihr euch f\u00fcr euren Favoriten entscheidet:<\/p>\n<p class=\"bo-p\"><b>Parallel dazu erscheinen auch \u201e<\/b><a href=\"https:\/\/www.filmstarts.de\/kritiken\/57602.html\" class=\"bo-link\" rel=\"nofollow noopener\" target=\"_blank\"><b>Die R\u00fcckkehr zu den 36 Kammern der Shaolin<\/b><\/a><b>\u201c (1980) und \u201e<\/b><a href=\"https:\/\/www.filmstarts.de\/kritiken\/138799.html\" class=\"bo-link\" rel=\"nofollow noopener\" target=\"_blank\"><b>Die Erben der 36 Kammern der Shaolin<\/b><\/a><b>\u201c (1985) in mehreren Mediabook-Varianten.<\/b> Und als w\u00e4re das noch immer nicht genug, gibt es dar\u00fcber hinaus nicht nur ein aus drei Mediabooks bestehendes (und auch schon vergriffenes) Trilogie-Set im edlen Schuber, sondern auch ein ultimatives \u201eFullset\u201c mit sage und schreibe neun Mediabooks! Die Box, die sich eindeutig und ausschlie\u00dflich an eingefleischte Fans und Komplettisten wendet, schl\u00e4gt dementsprechend aber auch mit einem stolzen Preis von 325,99 Euro zubuche. Die einzelnen Ausgaben kosten euch je 35,99 Euro.<\/p>\n<p>                                <img loading=\"lazy\" decoding=\"async\" class=\"article-figure-img\" mediabooks=\"\" soweit=\"\" das=\"\" auge=\"\" reicht:=\"\" ein=\"\" fest=\"\" f=\"\" fans=\"\" sammler=\"\" src=\"https:\/\/www.europesays.com\/de\/wp-content\/uploads\/2025\/07\/0c06d50b8f5d0e0a341f98b1ba43be6e.png\" width=\"640\" height=\"320\" alt=\"Mediabooks soweit das Auge reicht: Ein Fest f\u00fcr Fans &amp; Sammler!\"\/><\/p>\n<p>                                    EYK Media \/ Nameless Media<\/p>\n<p>                    Mediabooks soweit das Auge reicht: Ein Fest f\u00fcr Fans &amp; Sammler!<\/p>\n<p>Pr\u00e4dikat: Sehenswert!<\/p>\n<p class=\"bo-p\"><b>Eines gleich vorweg: Vor allem Teil 1 ist Pflichtprogramm f\u00fcr alle Kung-Fu-Fanatiker und bietet abwechslungsreiche, verspielte Choreographien, die das Genre nachhaltig pr\u00e4gten und auch heute noch \u00fcberzeugen<\/b> \u2013 und gepaart mit der Geschichte des rachs\u00fcchtigen Liu Yu-te, der in einem Kloster zum K\u00e4mpfer werden will, von der ersten bis zur letzten Szene mitrei\u00dft.<\/p>\n<p>                                <img loading=\"lazy\" decoding=\"async\" class=\"article-figure-img\" eine=\"\" edle=\"\" mediabook-reihe=\"\" im=\"\" retro-design.=\"\" src=\"https:\/\/www.europesays.com\/de\/wp-content\/uploads\/2025\/07\/6f79ea1c85ff1f505706eb8237412d76.jpg\" width=\"640\" height=\"320\" alt=\"Eine edle Mediabook-Reihe im Retro-Design.\"\/><\/p>\n<p>                                    Webedia GmbH \/ Daniel Fabian<\/p>\n<p>                    Eine edle Mediabook-Reihe im Retro-Design.<\/p>\n<p class=\"bo-p\">Die beiden Fortsetzungen bieten ebenfalls noch Schauwerte und machen vor allem dann Spa\u00df, wenn es ans Eingemachte geht. Abseits der Action schlagen \u201eDie R\u00fcckkehr\u201c und \u201eDie Erben\u201c aber insofern einen etwas anderen Weg als das Original ein, als dass sie verst\u00e4rkt auf Humor setzen \u2013 und sich auch inhaltlich als eher lose Erweiterungen und weniger als direkte Fortf\u00fchrungen der Geschichte verstehen. Dennoch: Sehenswert sind alle drei \u2013 vor allem auf Blu-ray. Wer die Filme also noch nicht in HD oder nur in der sp\u00e4rlichen <b>3-Filme-auf-einer-Disc-Edition<\/b><b>* <\/b>im Regal stehen hat,<b> <\/b>darf sich \u00fcber <b>ein nennenswertes Upgrade in Sachen Bild- und Tonqualit\u00e4t<\/b> freuen. <\/p>\n<p class=\"bo-p\"><b>Einen besonderen Mehrwert gibt es zudem bei Teil 1, der zus\u00e4tzlich in der Original-Kinosynchro von einst vorliegt. <\/b>Das mag nach einer Banalit\u00e4t klingen, ist am Ende aber tats\u00e4chlich ein nennenswerter Pluspunkt im Vergleich zu \u00e4lteren Ver\u00f6ffentlichungen. Die eben erw\u00e4hnte Blu-ray, auf der alle drei Filme noch auf einer Scheibe Platz fanden, kam n\u00e4mlich lediglich in der neu eingesprochenen Variante aus dem Jahr 2004 daher \u2013 und wenn dann pl\u00f6tzlich Matt Damons Stammsprecher Simon J\u00e4ger in einem 70er-Jahre-Klassiker zu h\u00f6ren ist, f\u00fchlt sich das irgendwie einfach nur falsch an. In der Urfassung ist der Film \u2013 wie nat\u00fcrlich auch im ebenfalls vorliegenden Mandarin-Originalton \u2013 so am Ende auch einfach eine ganze Ecke authentischer.<\/p>\n<p>                                <img loading=\"lazy\" decoding=\"async\" class=\"article-figure-img\" netter=\"\" effekt:=\"\" der=\"\" rand=\"\" ist=\"\" matt=\"\" gehalten=\"\" das=\"\" zentrale=\"\" postermotiv=\"\" in=\"\" hochglanz.=\"\" src=\"https:\/\/www.europesays.com\/de\/wp-content\/uploads\/2025\/07\/d6b691a1bfe39f1b3562a2daec2384fb.jpg\" width=\"640\" height=\"320\" alt=\"Netter Effekt: Der Rand ist matt gehalten, das zentrale Postermotiv in Hochglanz.\"\/><\/p>\n<p>                                    Webedia GmbH \/ Daniel Fabian<\/p>\n<p>                    Netter Effekt: Der Rand ist matt gehalten, das zentrale Postermotiv in Hochglanz.<\/p>\n<p>Retro-Flair f\u00fcrs Regal<\/p>\n<p class=\"bo-p\">Wir haben anl\u00e4sslich der heutigen Ver\u00f6ffentlichung mal einen Blick auf die Mediabooks geworfen \u2013 genauer gesagt auf die Collector&#8217;s Editions im Retro-Style, mit denen Nameless Media seit Jahren Videotheken-Flair in die Heimkinos bringt. Und die Erfahrung des Labels hinsichtlich der popul\u00e4ren Sonderverpackung merkt man auch der \u201e36 Kammern der Shaolin\u201c-Trilogie an.<\/p>\n<p>                                <img loading=\"lazy\" decoding=\"async\" class=\"article-figure-img\" src=\"https:\/\/www.europesays.com\/de\/wp-content\/uploads\/2025\/07\/fcbb6ba89438750bf38f20a2f415115d.jpg\" width=\"640\" height=\"320\" alt=\"\"\/><\/p>\n<p>                                    Webedia GmbH \/ Daniel Fabian<\/p>\n<p class=\"bo-p\">Die Editionen wirken <b>ungemein hochwertig und gut verarbeitet<\/b> \u2013 und sind vor allem aufgrund eines Kniffs zum Blickfang: Nicht nur erinnert das Design inklusive Laufzeit- und Genre-Angaben auf dem Frontcover an die guten, alten Videokassetten. Das Postermotiv im Zentrum ist obendrein in Hochglanzoptik gehalten und hebt sich so zus\u00e4tzlich von der matt gehaltenen Umrandung ab. Selbiges gilt f\u00fcr die Szenenbilder auf dem Backcover. Schick!<\/p>\n<p>                                <img loading=\"lazy\" decoding=\"async\" class=\"article-figure-img\" au=\"\" hui=\"\" innen...=\"\" auch=\"\" src=\"https:\/\/www.europesays.com\/de\/wp-content\/uploads\/2025\/07\/8f497e5c926cdb80b5c4da9dac7647f2.jpg\" width=\"640\" height=\"320\" alt=\"Au\u00dfen hui, innen... auch hui!\"\/><\/p>\n<p>                                    Webedia GmbH \/ Daniel Fabian<\/p>\n<p>                    Au\u00dfen hui, innen&#8230; auch hui!<\/p>\n<p class=\"bo-p\"><b>Was in Mediabooks zudem nat\u00fcrlich auch nicht fehlen darf: die Booklets!<\/b> Es erwarten euch drei jeweils 24 Seiten umfassende Buchteile, die aufeinander aufbauen und nicht nur einen Blick zur\u00fcck auf die Klassiker werfen, sondern hier und da auch etwas weiter ausholen und spannende Einblicke in das Hongkong-Kino vergangener Tage geben (weswegen wir f\u00fcr unser kleines \u201eShaolin\u201c-Fotoshooting passenderweise auch das sehr lesenswerte Buch \u201eCity On Fire\u201c \u00fcber die Filmindustrie Hongkons als Deko nutzten). Ein nettes Detail: Die Discs weisen denselben Druck wie der Hintergrund ihrer Halterungen auf, sodass ihr die jeweiligen Motive auch in ihrer vollen Pracht genie\u00dfen k\u00f6nnt, ganz ohne die Scheiben herauszunehmen.<\/p>\n<p class=\"bo-p\"><b>Mit der oben erw\u00e4hnten Vielzahl von Ausf\u00fchrungen d\u00fcrfte Nameless wohl jede*n potenzielle*n K\u00e4ufer*in abholen \u2013 hier ist wirklich f\u00fcr jeden was dabei!<\/b> Und Fans von Kung-Fu-Filmen der alten Schule machen mit einem Kauf hier sowieso nichts falsch. Will man etwas kritisieren, dann allerh\u00f6chstens die Aufl\u00f6sung der beiden gezeichneten Covermotive. In Sachen Sch\u00e4rfe w\u00e4re hier beim genauen Hinschauen wohl noch ein wenig Luft nach oben gewesen \u2013 wobei das ja irgendwie auch ziemlich retro ist\u2026<\/p>\n<p>                                <img loading=\"lazy\" decoding=\"async\" class=\"article-figure-img\" meckern=\"\" auf=\"\" hohem=\"\" niveau:=\"\" beim=\"\" genauen=\"\" hinschauen=\"\" sind=\"\" die=\"\" cover=\"\" teils=\"\" unscharf.=\"\" src=\"https:\/\/www.europesays.com\/de\/wp-content\/uploads\/2025\/07\/fd95a12ebf0cbbc5033b8150d729f663.jpg\" width=\"640\" height=\"320\" alt=\"Meckern auf hohem Niveau: Beim genauen Hinschauen sind die Cover teils unscharf.\"\/><\/p>\n<p>                                    Webedia GmbH \/ Daniel Fabian<\/p>\n<p>                    Meckern auf hohem Niveau: Beim genauen Hinschauen sind die Cover teils unscharf.<\/p>\n<p class=\"bo-p\">Falls ihr nun beispielsweise \u00fcberlegt, euch nur den ersten und unbestritten besten Film der Reihe zu holen, aber nicht nur wegen einem Film eine Bestellung aufgeben wollt, lohnt es sich \u00fcbrigens, das Sortiment von EYK Media zu durchst\u00f6bern. Unter anderem findet ihr dort einen v\u00f6llig irren Kult-Klassiker zwischen Fantasy-Abenteuer, Action-Brett, Comedy-Sause und Gore-Granate, den wir euch im nachfolgenden Artikel bereits vorgestellt haben.<\/p>\n<p>    <a class=\"cms-see-also\" data-title=\"Auch interessant\" href=\"https:\/\/www.filmstarts.de\/nachrichten\/1000146158.html\" rel=\"nofollow noopener\" target=\"_blank\">Ungek\u00fcrzt mit FSK 18: Endlich k\u00f6nnt ihr diesen genialen Horror-Splatter-Mix aus &#8222;Indiana Jones&#8220;, &#8222;Alien&#8220; &amp; &#8222;Rambo&#8220; nachholen!<\/a><\/p>\n<p class=\"bo-p\">*Bei dem Link zum Angebot von Amazon handelt es sich um einen sogenannten Affiliate-Link. Bei einem Kauf \u00fcber diesen Link erhalten wir eine Provision.<\/p>\n","protected":false},"excerpt":{"rendered":"Das Kampfsport-Kino brachte im Laufe der Jahre Stars wie Bruce Lee, Jackie Chan, Jet Li, Donnie Yen und&hellip;\n","protected":false},"author":2,"featured_media":270335,"comment_status":"","ping_status":"","sticky":false,"template":"","format":"standard","meta":{"footnotes":""},"categories":[1771],"tags":[1778,29,214,30,95,1777,215],"class_list":{"0":"post-270334","1":"post","2":"type-post","3":"status-publish","4":"format-standard","5":"has-post-thumbnail","7":"category-kino","8":"tag-cinema","9":"tag-deutschland","10":"tag-entertainment","11":"tag-germany","12":"tag-kino","13":"tag-movie","14":"tag-unterhaltung"},"share_on_mastodon":{"url":"https:\/\/pubeurope.com\/@de\/114864253538862354","error":""},"_links":{"self":[{"href":"https:\/\/www.europesays.com\/de\/wp-json\/wp\/v2\/posts\/270334","targetHints":{"allow":["GET"]}}],"collection":[{"href":"https:\/\/www.europesays.com\/de\/wp-json\/wp\/v2\/posts"}],"about":[{"href":"https:\/\/www.europesays.com\/de\/wp-json\/wp\/v2\/types\/post"}],"author":[{"embeddable":true,"href":"https:\/\/www.europesays.com\/de\/wp-json\/wp\/v2\/users\/2"}],"replies":[{"embeddable":true,"href":"https:\/\/www.europesays.com\/de\/wp-json\/wp\/v2\/comments?post=270334"}],"version-history":[{"count":0,"href":"https:\/\/www.europesays.com\/de\/wp-json\/wp\/v2\/posts\/270334\/revisions"}],"wp:featuredmedia":[{"embeddable":true,"href":"https:\/\/www.europesays.com\/de\/wp-json\/wp\/v2\/media\/270335"}],"wp:attachment":[{"href":"https:\/\/www.europesays.com\/de\/wp-json\/wp\/v2\/media?parent=270334"}],"wp:term":[{"taxonomy":"category","embeddable":true,"href":"https:\/\/www.europesays.com\/de\/wp-json\/wp\/v2\/categories?post=270334"},{"taxonomy":"post_tag","embeddable":true,"href":"https:\/\/www.europesays.com\/de\/wp-json\/wp\/v2\/tags?post=270334"}],"curies":[{"name":"wp","href":"https:\/\/api.w.org\/{rel}","templated":true}]}}