{"id":270354,"date":"2025-07-16T18:18:16","date_gmt":"2025-07-16T18:18:16","guid":{"rendered":"https:\/\/www.europesays.com\/de\/270354\/"},"modified":"2025-07-16T18:18:16","modified_gmt":"2025-07-16T18:18:16","slug":"wie-dieter-ostlender-einen-saechsischer-lastwagen-aus-den-50ern-zu-henry-dem-belgier-machte","status":"publish","type":"post","link":"https:\/\/www.europesays.com\/de\/270354\/","title":{"rendered":"Wie Dieter Ostlender einen s\u00e4chsischer Lastwagen aus den 50ern zu Henry, dem Belgier machte"},"content":{"rendered":"<p class=\"Paragraph_root__l8IyX Paragraph_default-lg-default__ml_77 articleParagraph\">Beim Namen Henry \u2013 Oh-rie gesprochen \u2013 schwingt franz\u00f6sischer Flair mit. Der Duft nach verbrannter Zweitaktmischung will dazu nicht so recht passen. Hat man sich aber erst einmal an die Lautst\u00e4rke gew\u00f6hnt, mit der der zierliche elfenbeinfarbene Lastwagen den Geruch mit seiner Umgebung teilt, ergibt alles zusammen doch ein irgendwie stimmiges Gesamtbild. Ein Gem\u00e4lde, k\u00f6nnte man fast schon sagen. Denn Henry, ein Framo\/Barkas V901\/2 von 1954, steht f\u00fcr gew\u00f6hnlich als Dekorationsobjekt vor einer malerischen Kulisse im l\u00e4ndlichen Belgien. Manchmal f\u00e4hrt er sogar.<\/p>\n","protected":false},"excerpt":{"rendered":"Beim Namen Henry \u2013 Oh-rie gesprochen \u2013 schwingt franz\u00f6sischer Flair mit. Der Duft nach verbrannter Zweitaktmischung will dazu&hellip;\n","protected":false},"author":2,"featured_media":270355,"comment_status":"","ping_status":"","sticky":false,"template":"","format":"standard","meta":{"footnotes":""},"categories":[1853],"tags":[1424,3364,29,548,663,3934,30,13,14,15,1209,12],"class_list":{"0":"post-270354","1":"post","2":"type-post","3":"status-publish","4":"format-standard","5":"has-post-thumbnail","7":"category-aachen","8":"tag-aachen","9":"tag-de","10":"tag-deutschland","11":"tag-eu","12":"tag-europa","13":"tag-europe","14":"tag-germany","15":"tag-headlines","16":"tag-nachrichten","17":"tag-news","18":"tag-nordrhein-westfalen","19":"tag-schlagzeilen"},"share_on_mastodon":{"url":"https:\/\/pubeurope.com\/@de\/114864292256129836","error":""},"_links":{"self":[{"href":"https:\/\/www.europesays.com\/de\/wp-json\/wp\/v2\/posts\/270354","targetHints":{"allow":["GET"]}}],"collection":[{"href":"https:\/\/www.europesays.com\/de\/wp-json\/wp\/v2\/posts"}],"about":[{"href":"https:\/\/www.europesays.com\/de\/wp-json\/wp\/v2\/types\/post"}],"author":[{"embeddable":true,"href":"https:\/\/www.europesays.com\/de\/wp-json\/wp\/v2\/users\/2"}],"replies":[{"embeddable":true,"href":"https:\/\/www.europesays.com\/de\/wp-json\/wp\/v2\/comments?post=270354"}],"version-history":[{"count":0,"href":"https:\/\/www.europesays.com\/de\/wp-json\/wp\/v2\/posts\/270354\/revisions"}],"wp:featuredmedia":[{"embeddable":true,"href":"https:\/\/www.europesays.com\/de\/wp-json\/wp\/v2\/media\/270355"}],"wp:attachment":[{"href":"https:\/\/www.europesays.com\/de\/wp-json\/wp\/v2\/media?parent=270354"}],"wp:term":[{"taxonomy":"category","embeddable":true,"href":"https:\/\/www.europesays.com\/de\/wp-json\/wp\/v2\/categories?post=270354"},{"taxonomy":"post_tag","embeddable":true,"href":"https:\/\/www.europesays.com\/de\/wp-json\/wp\/v2\/tags?post=270354"}],"curies":[{"name":"wp","href":"https:\/\/api.w.org\/{rel}","templated":true}]}}