{"id":270473,"date":"2025-07-16T19:21:11","date_gmt":"2025-07-16T19:21:11","guid":{"rendered":"https:\/\/www.europesays.com\/de\/270473\/"},"modified":"2025-07-16T19:21:11","modified_gmt":"2025-07-16T19:21:11","slug":"berlin-sanierung-der-hohenzollerngruft-wird-deutlich-teurer","status":"publish","type":"post","link":"https:\/\/www.europesays.com\/de\/270473\/","title":{"rendered":"Berlin: Sanierung der Hohenzollerngruft wird deutlich teurer"},"content":{"rendered":"<p class=\"metatextline\">Stand: 16.07.2025 18:30 Uhr<\/p>\n<p class=\"textabsatz m-ten m-offset-one l-eight l-offset-two columns twelve\">\nDie Sanierung der Hohenzollerngruft im Berliner Dom wird voraussichtlich teurer als zun\u00e4chst geplant. Sch\u00e4tzungen zufolge entstehen bis zur Fertigstellung Kosten von rund 29 Millionen Euro, wie die Domverwaltung am Mittwoch mitteilte. Das seien etwa 12 Millionen Euro mehr als urspr\u00fcnglich angepeilt.<\/p>\n<p>Die Hohenzollerngruft z\u00e4hlt nach Angaben des Doms mit 91 S\u00e4rgen aus f\u00fcnf Jahrhunderten zu den gr\u00f6\u00dften Grablegen Europas. Sie ist die die zentrale Begr\u00e4bnisst\u00e4tte des fr\u00fcheren Kaiserhauses. Hier ruhen beispielweise der erste Preu\u00dfenk\u00f6nig Friedrich I. und seine Frau Sophie-Charlotte.<\/p>\n<p>    Schimmel durch Feuchtigkeit und W\u00e4rme<\/p>\n<p class=\"textabsatz m-ten m-offset-one l-eight l-offset-two columns twelve\">\nDie Gruft musste umfassend saniert werden, weil steigende Besucherzahlen dem Klima zusetzten. Feuchtigkeit und W\u00e4rme machten den S\u00e4rgen zu schaffen und es bildeten sich Schimmelpilze. Neben einer Klimaanlage wird es nun zum Beispiel f\u00fcr die Barrierefreiheit einen Aufzug geben. Eine neue Ausstellung soll nach Wiederer\u00f6ffnung \u00fcber Bestattungsrituale informieren.<\/p>\n<p>Mitfinanziert wird der Umbau vom Bund und vom Land Berlin. Der Dom selbst muss etwa 9,3 Millionen Euro aufbringen.<\/p>\n<p>Anfang 2026 k\u00f6nnte die Gruft wieder \u00f6ffnen. Die S\u00e4rge sind derzeit noch ausgelagert. Im Herbst sollen sie in die Gruft zur\u00fcckgebracht werden.<\/p>\n<p>    Kaiser Wilhelm II. in den Niederlanden bestattet<\/p>\n<p class=\"textabsatz m-ten m-offset-one l-eight l-offset-two columns twelve\">\nDas Adelsgeschlecht Hohenzollern stellte in Preu\u00dfen seit dem 18. Jahrhundert die Monarchen und nach der Gr\u00fcndung des Deutschen Reichs 1871 die deutschen Kaiser. Als 1918 die Republik ausgerufen wurde, ging der letzte deutsche Kaiser Wilhelm II. ins Exil. Er wurde in einem Mausoleum in den Niederlanden beigesetzt.<\/p>\n<p class=\"textabsatz m-ten m-offset-one l-eight l-offset-two columns twelve\">\nSendung:<\/p>\n<p>                                        <a class=\"backlink__link\" href=\"https:\/\/www.rbb24.de\/kultur\/beitrag\/2025\/07\/hohenzollerngruft-berliner-dom-sanierung-teurer-eintritt.html\" rel=\"nofollow noopener\" target=\"_blank\"><\/p>\n<p>                                                <img decoding=\"async\" src=\"https:\/\/images.tagesschau.de\/image\/898f19c3-6760-4be2-a33f-1fa765216ec2\/AAABlap_olM\/AAABkZLrr6A\/original\/lra-rbb-logo-100.svg\" alt=\"Rundfunk Berlin-Brandenburg\"\/><\/p>\n<p>                                        <\/a><\/p>\n","protected":false},"excerpt":{"rendered":"Stand: 16.07.2025 18:30 Uhr Die Sanierung der Hohenzollerngruft im Berliner Dom wird voraussichtlich teurer als zun\u00e4chst geplant. Sch\u00e4tzungen&hellip;\n","protected":false},"author":2,"featured_media":270474,"comment_status":"","ping_status":"","sticky":false,"template":"","format":"standard","meta":{"footnotes":""},"categories":[1825],"tags":[296,29,30,2239],"class_list":{"0":"post-270473","1":"post","2":"type-post","3":"status-publish","4":"format-standard","5":"has-post-thumbnail","7":"category-berlin","8":"tag-berlin","9":"tag-deutschland","10":"tag-germany","11":"tag-rbb"},"share_on_mastodon":{"url":"https:\/\/pubeurope.com\/@de\/114864540071185083","error":""},"_links":{"self":[{"href":"https:\/\/www.europesays.com\/de\/wp-json\/wp\/v2\/posts\/270473","targetHints":{"allow":["GET"]}}],"collection":[{"href":"https:\/\/www.europesays.com\/de\/wp-json\/wp\/v2\/posts"}],"about":[{"href":"https:\/\/www.europesays.com\/de\/wp-json\/wp\/v2\/types\/post"}],"author":[{"embeddable":true,"href":"https:\/\/www.europesays.com\/de\/wp-json\/wp\/v2\/users\/2"}],"replies":[{"embeddable":true,"href":"https:\/\/www.europesays.com\/de\/wp-json\/wp\/v2\/comments?post=270473"}],"version-history":[{"count":0,"href":"https:\/\/www.europesays.com\/de\/wp-json\/wp\/v2\/posts\/270473\/revisions"}],"wp:featuredmedia":[{"embeddable":true,"href":"https:\/\/www.europesays.com\/de\/wp-json\/wp\/v2\/media\/270474"}],"wp:attachment":[{"href":"https:\/\/www.europesays.com\/de\/wp-json\/wp\/v2\/media?parent=270473"}],"wp:term":[{"taxonomy":"category","embeddable":true,"href":"https:\/\/www.europesays.com\/de\/wp-json\/wp\/v2\/categories?post=270473"},{"taxonomy":"post_tag","embeddable":true,"href":"https:\/\/www.europesays.com\/de\/wp-json\/wp\/v2\/tags?post=270473"}],"curies":[{"name":"wp","href":"https:\/\/api.w.org\/{rel}","templated":true}]}}