{"id":270506,"date":"2025-07-16T19:38:20","date_gmt":"2025-07-16T19:38:20","guid":{"rendered":"https:\/\/www.europesays.com\/de\/270506\/"},"modified":"2025-07-16T19:38:20","modified_gmt":"2025-07-16T19:38:20","slug":"studententurm-in-aachen-wird-weiblich-nazi-name-verschwindet","status":"publish","type":"post","link":"https:\/\/www.europesays.com\/de\/270506\/","title":{"rendered":"Studententurm in Aachen wird weiblich, Nazi-Name verschwindet"},"content":{"rendered":"<p class=\"Paragraph_root__l8IyX Paragraph_default-lg-default__ml_77 articleParagraph\">Aus \u201ewird\u201c wurde \u201ewurde\u201c \u2013 rasend schnell. Noch am Tag der offiziellen Einweihung, am vergangenen Samstag, 12. Juli, um 17 Uhr passte der Nutzer \u201eHarryFH\u201c den Eintrag von Renate von Brause in der Online-Enzyklop\u00e4die Wikipedia an, stellte den folgenden Satz in die Vergangenheitsform: \u201eW\u00e4hrend ihr Name zu Lebzeiten in der \u00d6ffentlichkeit wenig bekannt war, wird im Juli 2025 einer der vier von ihr entworfenen Studierendent\u00fcrme in ,Renate-von-Brause-Haus\u2018 umbenannt.\u201c Der Wechsel ins Pr\u00e4teritum bedeutet: Die \u201esp\u00e4te W\u00fcrdigung\u201c, wie es im Zwischentitel dar\u00fcber hei\u00dft, ist vollzogen. Allerdings h\u00e4tte es diese sp\u00e4te W\u00fcrdigung wahrscheinlich nicht ohne eine sp\u00e4te Entw\u00fcrdigung gegeben.<\/p>\n","protected":false},"excerpt":{"rendered":"Aus \u201ewird\u201c wurde \u201ewurde\u201c \u2013 rasend schnell. Noch am Tag der offiziellen Einweihung, am vergangenen Samstag, 12. Juli,&hellip;\n","protected":false},"author":2,"featured_media":270507,"comment_status":"","ping_status":"","sticky":false,"template":"","format":"standard","meta":{"footnotes":""},"categories":[1853],"tags":[1424,3364,29,548,663,3934,30,13,14,15,1209,12],"class_list":{"0":"post-270506","1":"post","2":"type-post","3":"status-publish","4":"format-standard","5":"has-post-thumbnail","7":"category-aachen","8":"tag-aachen","9":"tag-de","10":"tag-deutschland","11":"tag-eu","12":"tag-europa","13":"tag-europe","14":"tag-germany","15":"tag-headlines","16":"tag-nachrichten","17":"tag-news","18":"tag-nordrhein-westfalen","19":"tag-schlagzeilen"},"share_on_mastodon":{"url":"https:\/\/pubeurope.com\/@de\/114864606775229600","error":""},"_links":{"self":[{"href":"https:\/\/www.europesays.com\/de\/wp-json\/wp\/v2\/posts\/270506","targetHints":{"allow":["GET"]}}],"collection":[{"href":"https:\/\/www.europesays.com\/de\/wp-json\/wp\/v2\/posts"}],"about":[{"href":"https:\/\/www.europesays.com\/de\/wp-json\/wp\/v2\/types\/post"}],"author":[{"embeddable":true,"href":"https:\/\/www.europesays.com\/de\/wp-json\/wp\/v2\/users\/2"}],"replies":[{"embeddable":true,"href":"https:\/\/www.europesays.com\/de\/wp-json\/wp\/v2\/comments?post=270506"}],"version-history":[{"count":0,"href":"https:\/\/www.europesays.com\/de\/wp-json\/wp\/v2\/posts\/270506\/revisions"}],"wp:featuredmedia":[{"embeddable":true,"href":"https:\/\/www.europesays.com\/de\/wp-json\/wp\/v2\/media\/270507"}],"wp:attachment":[{"href":"https:\/\/www.europesays.com\/de\/wp-json\/wp\/v2\/media?parent=270506"}],"wp:term":[{"taxonomy":"category","embeddable":true,"href":"https:\/\/www.europesays.com\/de\/wp-json\/wp\/v2\/categories?post=270506"},{"taxonomy":"post_tag","embeddable":true,"href":"https:\/\/www.europesays.com\/de\/wp-json\/wp\/v2\/tags?post=270506"}],"curies":[{"name":"wp","href":"https:\/\/api.w.org\/{rel}","templated":true}]}}