{"id":270999,"date":"2025-07-17T00:03:10","date_gmt":"2025-07-17T00:03:10","guid":{"rendered":"https:\/\/www.europesays.com\/de\/270999\/"},"modified":"2025-07-17T00:03:10","modified_gmt":"2025-07-17T00:03:10","slug":"kreml-macht-druck-auf-europa-strack-zimmermann-putin-hat-zwei-gedanken","status":"publish","type":"post","link":"https:\/\/www.europesays.com\/de\/270999\/","title":{"rendered":"Kreml macht Druck auf Europa: Strack-Zimmermann: &#8222;Putin hat zwei Gedanken&#8220;"},"content":{"rendered":"<p>          16.07.2025 11:48 Uhr \u2013  06:03 min<\/p>\n<p>              Kreml macht Druck auf Europa<br \/>\n              Strack-Zimmermann: &#8222;Putin hat zwei Gedanken&#8220;<\/p>\n<p>\n              &#8222;Wenn die Ukraine diesen Krieg verliert, werden auch wir nicht mehr in Frieden, Freiheit und Sicherheit leben k\u00f6nnen&#8220;, mahnt FDP-Politikerin Marie-Agnes Strack-Zimmermann im Gespr\u00e4ch mit ntv. Sie begr\u00fc\u00dft daher die Waffeneink\u00e4ufe der EU aus den USA und fordert mit Nachdruck europ\u00e4isches Denken und Investieren.<\/p>\n","protected":false},"excerpt":{"rendered":"16.07.2025 11:48 Uhr \u2013 06:03 min Kreml macht Druck auf Europa Strack-Zimmermann: &#8222;Putin hat zwei Gedanken&#8220; &#8222;Wenn die&hellip;\n","protected":false},"author":2,"featured_media":271000,"comment_status":"","ping_status":"","sticky":false,"template":"","format":"standard","meta":{"footnotes":""},"categories":[3933],"tags":[331,332,661,548,941,663,158,3934,3935,13,5020,929,14897,14,15,12,3081,4743,10178,10134,306],"class_list":{"0":"post-270999","1":"post","2":"type-post","3":"status-publish","4":"format-standard","5":"has-post-thumbnail","7":"category-eu","8":"tag-aktuelle-nachrichten","9":"tag-aktuelle-news","10":"tag-angriff-auf-die-ukraine","11":"tag-eu","12":"tag-eu-parlament","13":"tag-europa","14":"tag-europaeische-union","15":"tag-europe","16":"tag-european-union","17":"tag-headlines","18":"tag-kreml","19":"tag-kriege-und-konflikte","20":"tag-marie-agnes-strack-zimmermann","21":"tag-nachrichten","22":"tag-news","23":"tag-schlagzeilen","24":"tag-ukraine-konflikt","25":"tag-waffen","26":"tag-waffenhandel","27":"tag-waffenlieferung","28":"tag-wladimir-putin"},"share_on_mastodon":{"url":"https:\/\/pubeurope.com\/@de\/114865648994444329","error":""},"_links":{"self":[{"href":"https:\/\/www.europesays.com\/de\/wp-json\/wp\/v2\/posts\/270999","targetHints":{"allow":["GET"]}}],"collection":[{"href":"https:\/\/www.europesays.com\/de\/wp-json\/wp\/v2\/posts"}],"about":[{"href":"https:\/\/www.europesays.com\/de\/wp-json\/wp\/v2\/types\/post"}],"author":[{"embeddable":true,"href":"https:\/\/www.europesays.com\/de\/wp-json\/wp\/v2\/users\/2"}],"replies":[{"embeddable":true,"href":"https:\/\/www.europesays.com\/de\/wp-json\/wp\/v2\/comments?post=270999"}],"version-history":[{"count":0,"href":"https:\/\/www.europesays.com\/de\/wp-json\/wp\/v2\/posts\/270999\/revisions"}],"wp:featuredmedia":[{"embeddable":true,"href":"https:\/\/www.europesays.com\/de\/wp-json\/wp\/v2\/media\/271000"}],"wp:attachment":[{"href":"https:\/\/www.europesays.com\/de\/wp-json\/wp\/v2\/media?parent=270999"}],"wp:term":[{"taxonomy":"category","embeddable":true,"href":"https:\/\/www.europesays.com\/de\/wp-json\/wp\/v2\/categories?post=270999"},{"taxonomy":"post_tag","embeddable":true,"href":"https:\/\/www.europesays.com\/de\/wp-json\/wp\/v2\/tags?post=270999"}],"curies":[{"name":"wp","href":"https:\/\/api.w.org\/{rel}","templated":true}]}}