{"id":271030,"date":"2025-07-17T00:19:24","date_gmt":"2025-07-17T00:19:24","guid":{"rendered":"https:\/\/www.europesays.com\/de\/271030\/"},"modified":"2025-07-17T00:19:24","modified_gmt":"2025-07-17T00:19:24","slug":"haeuser-an-der-essener-strasse-in-essen-vor-abriss","status":"publish","type":"post","link":"https:\/\/www.europesays.com\/de\/271030\/","title":{"rendered":"H\u00e4user an der Essener Stra\u00dfe in Essen vor Abriss"},"content":{"rendered":"<p>Ruinen auf der Essener Stra\u00dfe in Essen kommen weg<\/p>\n<p>Wer in Essen im Norden mit dem Auto unterwegs ist, kennt die gef\u00e4hrliche Stelle auf der Essener Stra\u00dfe. Autos Richtung Zollverein haben erst zwei Spuren, pl\u00f6tzlich ist, kurz hinter der Haltestelle Herbertshof, eine Spur weg. Die rechte Fahrbahn ist gesperrt, weil die Fassaden der Schrotth\u00e4user auf die Stra\u00dfe fallen k\u00f6nnten. Seit fast vier Jahren ist die Fahrbahn hier verengt. Immer wieder passieren Unf\u00e4lle. Viele Autofahrer sehen die Absperrung zu sp\u00e4t und ziehen pl\u00f6tzlich links r\u00fcber. Wenn in solchen Augenblicken auch die Stra\u00dfenbahn 107 hier unterwegs ist, dann wird es noch enger, noch gef\u00e4hrlicher. Deshalb hat die Stadt Essen die Ruinen dem ehemaligen Eigent\u00fcmer abgekauft und l\u00e4sst sie in diesem Sommer abrei\u00dfen. Ende Juli soll alles erledigt sein, dann wird die Essener Stra\u00dfe dort wieder zweispurig. Die Menschen rund um den Engpass an der Essener Stra\u00dfe sind erleichtert, dass endlich etwas passiert.<\/p>\n<p>\u00a9 Kostas Mitsalis \/ Radio EssenMehr Meldungen aus Essen<\/p>\n","protected":false},"excerpt":{"rendered":"Ruinen auf der Essener Stra\u00dfe in Essen kommen weg Wer in Essen im Norden mit dem Auto unterwegs&hellip;\n","protected":false},"author":2,"featured_media":271031,"comment_status":"","ping_status":"","sticky":false,"template":"","format":"standard","meta":{"footnotes":""},"categories":[1834],"tags":[50907,81475,75402,3275,2081,3364,29,3688,30,1209],"class_list":{"0":"post-271030","1":"post","2":"type-post","3":"status-publish","4":"format-standard","5":"has-post-thumbnail","7":"category-essen","8":"tag-abrissarbeiten","9":"tag-essen-stoppenberg","10":"tag-essener-strae","11":"tag-lokalnachrichten","12":"tag-bauarbeiten","13":"tag-de","14":"tag-deutschland","15":"tag-essen","16":"tag-germany","17":"tag-nordrhein-westfalen"},"share_on_mastodon":{"url":"https:\/\/pubeurope.com\/@de\/114865711765900956","error":""},"_links":{"self":[{"href":"https:\/\/www.europesays.com\/de\/wp-json\/wp\/v2\/posts\/271030","targetHints":{"allow":["GET"]}}],"collection":[{"href":"https:\/\/www.europesays.com\/de\/wp-json\/wp\/v2\/posts"}],"about":[{"href":"https:\/\/www.europesays.com\/de\/wp-json\/wp\/v2\/types\/post"}],"author":[{"embeddable":true,"href":"https:\/\/www.europesays.com\/de\/wp-json\/wp\/v2\/users\/2"}],"replies":[{"embeddable":true,"href":"https:\/\/www.europesays.com\/de\/wp-json\/wp\/v2\/comments?post=271030"}],"version-history":[{"count":0,"href":"https:\/\/www.europesays.com\/de\/wp-json\/wp\/v2\/posts\/271030\/revisions"}],"wp:featuredmedia":[{"embeddable":true,"href":"https:\/\/www.europesays.com\/de\/wp-json\/wp\/v2\/media\/271031"}],"wp:attachment":[{"href":"https:\/\/www.europesays.com\/de\/wp-json\/wp\/v2\/media?parent=271030"}],"wp:term":[{"taxonomy":"category","embeddable":true,"href":"https:\/\/www.europesays.com\/de\/wp-json\/wp\/v2\/categories?post=271030"},{"taxonomy":"post_tag","embeddable":true,"href":"https:\/\/www.europesays.com\/de\/wp-json\/wp\/v2\/tags?post=271030"}],"curies":[{"name":"wp","href":"https:\/\/api.w.org\/{rel}","templated":true}]}}