{"id":271054,"date":"2025-07-17T00:33:16","date_gmt":"2025-07-17T00:33:16","guid":{"rendered":"https:\/\/www.europesays.com\/de\/271054\/"},"modified":"2025-07-17T00:33:16","modified_gmt":"2025-07-17T00:33:16","slug":"1-fc-koeln-u19-fc-viktoria-koeln-u19-06-12-2025-u19-dfb-nachwuchsliga-vorrunde-gruppe-g-spielbericht","status":"publish","type":"post","link":"https:\/\/www.europesays.com\/de\/271054\/","title":{"rendered":"1.FC K\u00f6ln U19 &#8211; FC Viktoria K\u00f6ln U19, 06.12.2025 &#8211; U19 DFB-Nachwuchsliga &#8211; Vorrunde Gruppe G &#8211; Spielbericht"},"content":{"rendered":"<tr>\n<td class=\"zentriert hauptlink\">\n                                    25\/26                                <\/td>\n<td>\n<tr>\n<td rowspan=\"2\">\n                                                <img decoding=\"async\" src=\"https:\/\/www.europesays.com\/de\/wp-content\/uploads\/2025\/07\/598576-1695304273.jpg\" title=\"Meiko Sponsel\" alt=\"Meiko Sponsel\" class=\"bilderrahmen-fixed\"\/>                                            <\/td>\n<td class=\"hauptlink\">\n                                                <a title=\"Meiko Sponsel\" href=\"https:\/\/www.transfermarkt.de\/meiko-sponsel\/profil\/spieler\/598576\" target=\"_blank\" rel=\"noopener\">Meiko Sponsel<\/a>                                            <\/td>\n<\/tr>\n<tr>\n<td>Rechter Verteidiger<\/td>\n<\/tr>\n<\/td>\n<td class=\"zentriert hide-for-small\">\n                                    <img decoding=\"async\" src=\"https:\/\/www.europesays.com\/de\/wp-content\/uploads\/2025\/06\/1750017269_71_40.png\" title=\"Deutschland\" alt=\"Deutschland\" class=\"flaggenrahmen\"\/>                                <\/td>\n<td>\n<tr>\n<td rowspan=\"2\" class=\"zentriert\">\n                                                <a title=\"1.FC K\u00f6ln II\" href=\"https:\/\/www.transfermarkt.de\/1-fc-koln-ii\/startseite\/verein\/438\" target=\"_blank\" rel=\"noopener\"><img decoding=\"async\" src=\"https:\/\/www.europesays.com\/de\/wp-content\/uploads\/2025\/06\/438.png\" title=\"1.FC K\u00f6ln II\" alt=\"1.FC K\u00f6ln II\" class=\"tiny_wappen\"\/><\/a>                                            <\/td>\n<td class=\"hauptlink hide-for-small\">\n                                                <a title=\"1.FC K\u00f6ln II\" href=\"https:\/\/www.transfermarkt.de\/1-fc-koln-ii\/startseite\/verein\/438\" target=\"_blank\" rel=\"noopener\">1.FC K\u00f6ln II<\/a>                                            <\/td>\n<\/tr>\n<tr>\n<td class=\"hide-for-small\">\n                                                <img decoding=\"async\" src=\"https:\/\/www.europesays.com\/de\/wp-content\/uploads\/2025\/06\/40.png\" title=\"Deutschland\" alt=\"Deutschland\" class=\"flaggenrahmen\"\/> Regionalliga West                                            <\/td>\n<\/tr>\n<\/td>\n<td>\n<tr>\n<td rowspan=\"2\" class=\"zentriert\">\n                                                <a title=\"FC Viktoria K\u00f6ln\" href=\"https:\/\/www.transfermarkt.de\/fc-viktoria-koln\/startseite\/verein\/1622\" target=\"_blank\" rel=\"noopener\"><img decoding=\"async\" src=\"https:\/\/www.europesays.com\/de\/wp-content\/uploads\/2025\/07\/1622.png\" title=\"FC Viktoria K\u00f6ln\" alt=\"FC Viktoria K\u00f6ln\" class=\"tiny_wappen\"\/><\/a>                                            <\/td>\n<td class=\"hauptlink hide-for-small\">\n                                                <a title=\"FC Viktoria K\u00f6ln\" href=\"https:\/\/www.transfermarkt.de\/fc-viktoria-koln\/startseite\/verein\/1622\" target=\"_blank\" rel=\"noopener\">Viktoria K\u00f6ln<\/a>                                            <\/td>\n<\/tr>\n<tr>\n<td class=\"hide-for-small\">\n                                                <img decoding=\"async\" src=\"https:\/\/www.europesays.com\/de\/wp-content\/uploads\/2025\/06\/40.png\" title=\"Deutschland\" alt=\"Deutschland\" class=\"flaggenrahmen\"\/> 3. Liga                                            <\/td>\n<\/tr>\n<\/td>\n<td class=\"zentriert hide-for-small\">\n                                    01.07.2025                                <\/td>\n<td class=\"zentriert hauptlink\">\n                                    abl\u00f6sefrei                                <\/td>\n<\/tr>\n<tr>\n<td class=\"zentriert hauptlink\">\n                                    25\/26                                <\/td>\n<td>\n<tr>\n<td rowspan=\"2\">\n                                                <img decoding=\"async\" src=\"https:\/\/www.europesays.com\/de\/wp-content\/uploads\/2025\/06\/default.jpg\" title=\"Emil Nahmmacher\" alt=\"Emil Nahmmacher\" class=\"bilderrahmen-fixed\"\/>                                            <\/td>\n<td class=\"hauptlink\">\n                                                <a title=\"Emil Nahmmacher\" href=\"https:\/\/www.transfermarkt.de\/emil-nahmmacher\/profil\/spieler\/1290541\" target=\"_blank\" rel=\"noopener\">Emil Nahmmacher<\/a>                                            <\/td>\n<\/tr>\n<tr>\n<td>Mittelst\u00fcrmer<\/td>\n<\/tr>\n<\/td>\n<td class=\"zentriert hide-for-small\">\n                                    <img decoding=\"async\" src=\"https:\/\/www.europesays.com\/de\/wp-content\/uploads\/2025\/06\/1750017269_71_40.png\" title=\"Deutschland\" alt=\"Deutschland\" class=\"flaggenrahmen\"\/>                                <\/td>\n<td>\n<tr>\n<td rowspan=\"2\" class=\"zentriert\">\n                                                <a title=\"1.FC K\u00f6ln U17\" href=\"https:\/\/www.transfermarkt.de\/1-fc-koln-u17\/startseite\/verein\/21048\" target=\"_blank\" rel=\"noopener\"><img decoding=\"async\" src=\"https:\/\/www.europesays.com\/de\/wp-content\/uploads\/2025\/06\/21048.png\" title=\"1.FC K\u00f6ln U17\" alt=\"1.FC K\u00f6ln U17\" class=\"tiny_wappen\"\/><\/a>                                            <\/td>\n<td class=\"hauptlink hide-for-small\">\n                                                <a title=\"1.FC K\u00f6ln U17\" href=\"https:\/\/www.transfermarkt.de\/1-fc-koln-u17\/startseite\/verein\/21048\" target=\"_blank\" rel=\"noopener\">1.FC K\u00f6ln U17<\/a>                                            <\/td>\n<\/tr>\n<tr>\n<td class=\"hide-for-small\">\n                                                <img decoding=\"async\" src=\"https:\/\/www.europesays.com\/de\/wp-content\/uploads\/2025\/06\/40.png\" title=\"Deutschland\" alt=\"Deutschland\" class=\"flaggenrahmen\"\/> U17 Nachwuchsliga &#8211; Gr. G                                            <\/td>\n<\/tr>\n<\/td>\n<td>\n<tr>\n<td rowspan=\"2\" class=\"zentriert\">\n                                                <a title=\"FC Viktoria K\u00f6ln U19\" href=\"https:\/\/www.transfermarkt.de\/fc-viktoria-koln-u19\/startseite\/verein\/10075\" target=\"_blank\" rel=\"noopener\"><img decoding=\"async\" src=\"https:\/\/www.europesays.com\/de\/wp-content\/uploads\/2025\/07\/10075.png\" title=\"FC Viktoria K\u00f6ln U19\" alt=\"FC Viktoria K\u00f6ln U19\" class=\"tiny_wappen\"\/><\/a>                                            <\/td>\n<td class=\"hauptlink hide-for-small\">\n                                                <a title=\"FC Viktoria K\u00f6ln U19\" href=\"https:\/\/www.transfermarkt.de\/fc-viktoria-koln-u19\/startseite\/verein\/10075\" target=\"_blank\" rel=\"noopener\">Vikt. K\u00f6ln U19<\/a>                                            <\/td>\n<\/tr>\n<tr>\n<td class=\"hide-for-small\">\n                                                <img decoding=\"async\" src=\"https:\/\/www.europesays.com\/de\/wp-content\/uploads\/2025\/06\/40.png\" title=\"Deutschland\" alt=\"Deutschland\" class=\"flaggenrahmen\"\/> U19 Nachwuchsliga &#8211; Gr. G                                            <\/td>\n<\/tr>\n<\/td>\n<td class=\"zentriert hide-for-small\">\n                                    01.07.2025                                <\/td>\n<td class=\"zentriert hauptlink\">\n                                    abl\u00f6sefrei                                <\/td>\n<\/tr>\n<tr>\n<td class=\"zentriert hauptlink\">\n                                    24\/25                                <\/td>\n<td>\n<tr>\n<td rowspan=\"2\">\n                                                <img decoding=\"async\" src=\"https:\/\/www.europesays.com\/de\/wp-content\/uploads\/2025\/07\/1136982-1695299389.jpg\" title=\"Gabriel Amisso\" alt=\"Gabriel Amisso\" class=\"bilderrahmen-fixed\"\/>                                            <\/td>\n<td class=\"hauptlink\">\n                                                <a title=\"Gabriel Amisso\" href=\"https:\/\/www.transfermarkt.de\/gabriel-amisso\/profil\/spieler\/1136982\" target=\"_blank\" rel=\"noopener\">Gabriel Amisso<\/a>                                            <\/td>\n<\/tr>\n<tr>\n<td>Mittelst\u00fcrmer<\/td>\n<\/tr>\n<\/td>\n<td class=\"zentriert hide-for-small\">\n                                    <img decoding=\"async\" src=\"https:\/\/www.europesays.com\/de\/wp-content\/uploads\/2025\/06\/1750017269_71_40.png\" title=\"Deutschland\" alt=\"Deutschland\" class=\"flaggenrahmen\"\/><br \/><img decoding=\"async\" src=\"https:\/\/www.europesays.com\/de\/wp-content\/uploads\/2025\/06\/193.png\" title=\"DR Kongo\" alt=\"DR Kongo\" class=\"flaggenrahmen\"\/>                                <\/td>\n<td>\n<tr>\n<td rowspan=\"2\" class=\"zentriert\">\n                                                <a title=\"1.FC K\u00f6ln U19\" href=\"https:\/\/www.transfermarkt.de\/1-fc-koln-u19\/startseite\/verein\/1461\" target=\"_blank\" rel=\"noopener\"><img decoding=\"async\" src=\"https:\/\/www.europesays.com\/de\/wp-content\/uploads\/2025\/06\/1461.png\" title=\"1.FC K\u00f6ln U19\" alt=\"1.FC K\u00f6ln U19\" class=\"tiny_wappen\"\/><\/a>                                            <\/td>\n<td class=\"hauptlink hide-for-small\">\n                                                <a title=\"1.FC K\u00f6ln U19\" href=\"https:\/\/www.transfermarkt.de\/1-fc-koln-u19\/startseite\/verein\/1461\" target=\"_blank\" rel=\"noopener\">1.FC K\u00f6ln U19<\/a>                                            <\/td>\n<\/tr>\n<tr>\n<td class=\"hide-for-small\">\n                                                <img decoding=\"async\" src=\"https:\/\/www.europesays.com\/de\/wp-content\/uploads\/2025\/06\/40.png\" title=\"Deutschland\" alt=\"Deutschland\" class=\"flaggenrahmen\"\/> U19 Nachwuchsliga &#8211; Liga A                                            <\/td>\n<\/tr>\n<\/td>\n<td>\n<tr>\n<td rowspan=\"2\" class=\"zentriert\">\n                                                <a title=\"FC Viktoria K\u00f6ln U19\" href=\"https:\/\/www.transfermarkt.de\/fc-viktoria-koln-u19\/startseite\/verein\/10075\" target=\"_blank\" rel=\"noopener\"><img decoding=\"async\" src=\"https:\/\/www.europesays.com\/de\/wp-content\/uploads\/2025\/07\/10075.png\" title=\"FC Viktoria K\u00f6ln U19\" alt=\"FC Viktoria K\u00f6ln U19\" class=\"tiny_wappen\"\/><\/a>                                            <\/td>\n<td class=\"hauptlink hide-for-small\">\n                                                <a title=\"FC Viktoria K\u00f6ln U19\" href=\"https:\/\/www.transfermarkt.de\/fc-viktoria-koln-u19\/startseite\/verein\/10075\" target=\"_blank\" rel=\"noopener\">Vikt. K\u00f6ln U19<\/a>                                            <\/td>\n<\/tr>\n<tr>\n<td class=\"hide-for-small\">\n                                                <img decoding=\"async\" src=\"https:\/\/www.europesays.com\/de\/wp-content\/uploads\/2025\/06\/40.png\" title=\"Deutschland\" alt=\"Deutschland\" class=\"flaggenrahmen\"\/> U19 Nachwuchsliga &#8211; Liga B                                            <\/td>\n<\/tr>\n<\/td>\n<td class=\"zentriert hide-for-small\">\n                                    01.01.2025                                <\/td>\n<td class=\"zentriert hauptlink\">\n                                    Leihe                                <\/td>\n<\/tr>\n<tr>\n<td class=\"zentriert hauptlink\">\n                                    24\/25                                <\/td>\n<td>\n<tr>\n<td rowspan=\"2\">\n                                                <img decoding=\"async\" src=\"https:\/\/www.europesays.com\/de\/wp-content\/uploads\/2025\/06\/default.jpg\" title=\"Nika Shatirishvili\" alt=\"Nika Shatirishvili\" class=\"bilderrahmen-fixed\"\/>                                            <\/td>\n<td class=\"hauptlink\">\n                                                <a title=\"Nika Shatirishvili\" href=\"https:\/\/www.transfermarkt.de\/nika-shatirishvili\/profil\/spieler\/1290610\" target=\"_blank\" rel=\"noopener\">Nika Shatirishvili<\/a>                                            <\/td>\n<\/tr>\n<tr>\n<td>Sturm<\/td>\n<\/tr>\n<\/td>\n<td class=\"zentriert hide-for-small\">\n                                    <img decoding=\"async\" src=\"https:\/\/www.europesays.com\/de\/wp-content\/uploads\/2025\/06\/53.png\" title=\"Georgien\" alt=\"Georgien\" class=\"flaggenrahmen\"\/>                                <\/td>\n<td>\n<tr>\n<td rowspan=\"2\" class=\"zentriert\">\n                                                <a title=\"1.FC K\u00f6ln Jugend\" href=\"https:\/\/www.transfermarkt.de\/1-fc-koln-jugend\/startseite\/verein\/11880\" target=\"_blank\" rel=\"noopener\"><img decoding=\"async\" src=\"https:\/\/www.europesays.com\/de\/wp-content\/uploads\/2025\/06\/11880.png\" title=\"1.FC K\u00f6ln Jugend\" alt=\"1.FC K\u00f6ln Jugend\" class=\"tiny_wappen\"\/><\/a>                                            <\/td>\n<td class=\"hauptlink hide-for-small\">\n                                                <a title=\"1.FC K\u00f6ln Jugend\" href=\"https:\/\/www.transfermarkt.de\/1-fc-koln-jugend\/startseite\/verein\/11880\" target=\"_blank\" rel=\"noopener\">1.FC K\u00f6ln Jgd.<\/a>                                            <\/td>\n<\/tr>\n<tr>\n<td class=\"hide-for-small\">\n                                                <img decoding=\"async\" src=\"https:\/\/www.europesays.com\/de\/wp-content\/uploads\/2025\/06\/40.png\" title=\"Deutschland\" alt=\"Deutschland\" class=\"flaggenrahmen\"\/> Deutschland                                            <\/td>\n<\/tr>\n<\/td>\n<td>\n<tr>\n<td rowspan=\"2\" class=\"zentriert\">\n                                                <a title=\"FC Viktoria K\u00f6ln U17\" href=\"https:\/\/www.transfermarkt.de\/fc-viktoria-koln-u17\/startseite\/verein\/34088\" target=\"_blank\" rel=\"noopener\"><img decoding=\"async\" src=\"https:\/\/www.europesays.com\/de\/wp-content\/uploads\/2025\/07\/34088.png\" title=\"FC Viktoria K\u00f6ln U17\" alt=\"FC Viktoria K\u00f6ln U17\" class=\"tiny_wappen\"\/><\/a>                                            <\/td>\n<td class=\"hauptlink hide-for-small\">\n                                                <a title=\"FC Viktoria K\u00f6ln U17\" href=\"https:\/\/www.transfermarkt.de\/fc-viktoria-koln-u17\/startseite\/verein\/34088\" target=\"_blank\" rel=\"noopener\">Vikt. K\u00f6ln U17<\/a>                                            <\/td>\n<\/tr>\n<tr>\n<td class=\"hide-for-small\">\n                                                <img decoding=\"async\" src=\"https:\/\/www.europesays.com\/de\/wp-content\/uploads\/2025\/06\/40.png\" title=\"Deutschland\" alt=\"Deutschland\" class=\"flaggenrahmen\"\/> U17 Nachwuchsliga &#8211; Liga B                                            <\/td>\n<\/tr>\n<\/td>\n<td class=\"zentriert hide-for-small\">\n                                    11.08.2024                                <\/td>\n<td class=\"zentriert hauptlink\">\n                                    abl\u00f6sefrei                                <\/td>\n<\/tr>\n<tr>\n<td class=\"zentriert hauptlink\">\n                                    24\/25                                <\/td>\n<td>\n<tr>\n<td rowspan=\"2\">\n                                                <img decoding=\"async\" src=\"https:\/\/www.europesays.com\/de\/wp-content\/uploads\/2025\/07\/1168222-1750326891.jpg\" title=\"Malek El Mala\" alt=\"Malek El Mala\" class=\"bilderrahmen-fixed\"\/>                                            <\/td>\n<td class=\"hauptlink\">\n                                                <a title=\"Malek El Mala\" href=\"https:\/\/www.transfermarkt.de\/malek-el-mala\/profil\/spieler\/1168222\" target=\"_blank\" rel=\"noopener\">Malek El Mala<\/a>                                            <\/td>\n<\/tr>\n<tr>\n<td>Mittelst\u00fcrmer<\/td>\n<\/tr>\n<\/td>\n<td class=\"zentriert hide-for-small\">\n                                    <img decoding=\"async\" src=\"https:\/\/www.europesays.com\/de\/wp-content\/uploads\/2025\/06\/1750017269_71_40.png\" title=\"Deutschland\" alt=\"Deutschland\" class=\"flaggenrahmen\"\/>                                <\/td>\n<td>\n<tr>\n<td rowspan=\"2\" class=\"zentriert\">\n                                                <a title=\"1.FC K\u00f6ln\" href=\"https:\/\/www.transfermarkt.de\/1-fc-koln\/startseite\/verein\/3\" target=\"_blank\" rel=\"noopener\"><img decoding=\"async\" src=\"https:\/\/www.europesays.com\/de\/wp-content\/uploads\/2025\/06\/1751042416_890_3.png\" title=\"1.FC K\u00f6ln\" alt=\"1.FC K\u00f6ln\" class=\"tiny_wappen\"\/><\/a>                                            <\/td>\n<td class=\"hauptlink hide-for-small\">\n                                                <a title=\"1.FC K\u00f6ln\" href=\"https:\/\/www.transfermarkt.de\/1-fc-koln\/startseite\/verein\/3\" target=\"_blank\" rel=\"noopener\">1.FC K\u00f6ln<\/a>                                            <\/td>\n<\/tr>\n<tr>\n<td class=\"hide-for-small\">\n                                                <img decoding=\"async\" src=\"https:\/\/www.europesays.com\/de\/wp-content\/uploads\/2025\/06\/40.png\" title=\"Deutschland\" alt=\"Deutschland\" class=\"flaggenrahmen\"\/> 2. Bundesliga                                            <\/td>\n<\/tr>\n<\/td>\n<td>\n<tr>\n<td rowspan=\"2\" class=\"zentriert\">\n                                                <a title=\"FC Viktoria K\u00f6ln\" href=\"https:\/\/www.transfermarkt.de\/fc-viktoria-koln\/startseite\/verein\/1622\" target=\"_blank\" rel=\"noopener\"><img decoding=\"async\" src=\"https:\/\/www.europesays.com\/de\/wp-content\/uploads\/2025\/07\/1622.png\" title=\"FC Viktoria K\u00f6ln\" alt=\"FC Viktoria K\u00f6ln\" class=\"tiny_wappen\"\/><\/a>                                            <\/td>\n<td class=\"hauptlink hide-for-small\">\n                                                <a title=\"FC Viktoria K\u00f6ln\" href=\"https:\/\/www.transfermarkt.de\/fc-viktoria-koln\/startseite\/verein\/1622\" target=\"_blank\" rel=\"noopener\">Viktoria K\u00f6ln<\/a>                                            <\/td>\n<\/tr>\n<tr>\n<td class=\"hide-for-small\">\n                                                <img decoding=\"async\" src=\"https:\/\/www.europesays.com\/de\/wp-content\/uploads\/2025\/06\/40.png\" title=\"Deutschland\" alt=\"Deutschland\" class=\"flaggenrahmen\"\/> 3. Liga                                            <\/td>\n<\/tr>\n<\/td>\n<td class=\"zentriert hide-for-small\">\n                                    02.07.2024                                <\/td>\n<td class=\"zentriert hauptlink\">\n                                    Leihe                                <\/td>\n<\/tr>\n<tr>\n<td class=\"zentriert hauptlink\">\n                                    24\/25                                <\/td>\n<td>\n<tr>\n<td rowspan=\"2\">\n                                                <img decoding=\"async\" src=\"https:\/\/www.europesays.com\/de\/wp-content\/uploads\/2025\/07\/1168219-1750323601.jpg\" title=\"Said El Mala\" alt=\"Said El Mala\" class=\"bilderrahmen-fixed\"\/>                                            <\/td>\n<td class=\"hauptlink\">\n                                                <a title=\"Said El Mala\" href=\"https:\/\/www.transfermarkt.de\/said-el-mala\/profil\/spieler\/1168219\" target=\"_blank\" rel=\"noopener\">Said El Mala<\/a>                                            <\/td>\n<\/tr>\n<tr>\n<td>Linksau\u00dfen<\/td>\n<\/tr>\n<\/td>\n<td class=\"zentriert hide-for-small\">\n                                    <img decoding=\"async\" src=\"https:\/\/www.europesays.com\/de\/wp-content\/uploads\/2025\/06\/1750017269_71_40.png\" title=\"Deutschland\" alt=\"Deutschland\" class=\"flaggenrahmen\"\/>                                <\/td>\n<td>\n<tr>\n<td rowspan=\"2\" class=\"zentriert\">\n                                                <a title=\"1.FC K\u00f6ln\" href=\"https:\/\/www.transfermarkt.de\/1-fc-koln\/startseite\/verein\/3\" target=\"_blank\" rel=\"noopener\"><img decoding=\"async\" src=\"https:\/\/www.europesays.com\/de\/wp-content\/uploads\/2025\/06\/1751042416_890_3.png\" title=\"1.FC K\u00f6ln\" alt=\"1.FC K\u00f6ln\" class=\"tiny_wappen\"\/><\/a>                                            <\/td>\n<td class=\"hauptlink hide-for-small\">\n                                                <a title=\"1.FC K\u00f6ln\" href=\"https:\/\/www.transfermarkt.de\/1-fc-koln\/startseite\/verein\/3\" target=\"_blank\" rel=\"noopener\">1.FC K\u00f6ln<\/a>                                            <\/td>\n<\/tr>\n<tr>\n<td class=\"hide-for-small\">\n                                                <img decoding=\"async\" src=\"https:\/\/www.europesays.com\/de\/wp-content\/uploads\/2025\/06\/40.png\" title=\"Deutschland\" alt=\"Deutschland\" class=\"flaggenrahmen\"\/> 2. Bundesliga                                            <\/td>\n<\/tr>\n<\/td>\n<td>\n<tr>\n<td rowspan=\"2\" class=\"zentriert\">\n                                                <a title=\"FC Viktoria K\u00f6ln\" href=\"https:\/\/www.transfermarkt.de\/fc-viktoria-koln\/startseite\/verein\/1622\" target=\"_blank\" rel=\"noopener\"><img decoding=\"async\" src=\"https:\/\/www.europesays.com\/de\/wp-content\/uploads\/2025\/07\/1622.png\" title=\"FC Viktoria K\u00f6ln\" alt=\"FC Viktoria K\u00f6ln\" class=\"tiny_wappen\"\/><\/a>                                            <\/td>\n<td class=\"hauptlink hide-for-small\">\n                                                <a title=\"FC Viktoria K\u00f6ln\" href=\"https:\/\/www.transfermarkt.de\/fc-viktoria-koln\/startseite\/verein\/1622\" target=\"_blank\" rel=\"noopener\">Viktoria K\u00f6ln<\/a>                                            <\/td>\n<\/tr>\n<tr>\n<td class=\"hide-for-small\">\n                                                <img decoding=\"async\" src=\"https:\/\/www.europesays.com\/de\/wp-content\/uploads\/2025\/06\/40.png\" title=\"Deutschland\" alt=\"Deutschland\" class=\"flaggenrahmen\"\/> 3. Liga                                            <\/td>\n<\/tr>\n<\/td>\n<td class=\"zentriert hide-for-small\">\n                                    02.07.2024                                <\/td>\n<td class=\"zentriert hauptlink\">\n                                    Leihe                                <\/td>\n<\/tr>\n<tr>\n<td class=\"zentriert hauptlink\">\n                                    24\/25                                <\/td>\n<td>\n<tr>\n<td rowspan=\"2\">\n                                                <img decoding=\"async\" src=\"https:\/\/www.europesays.com\/de\/wp-content\/uploads\/2025\/07\/878789-1695300574.jpg\" title=\"Samuele Carella\" alt=\"Samuele Carella\" class=\"bilderrahmen-fixed\"\/>                                            <\/td>\n<td class=\"hauptlink\">\n                                                <a title=\"Samuele Carella\" href=\"https:\/\/www.transfermarkt.de\/samuele-carella\/profil\/spieler\/878789\" target=\"_blank\" rel=\"noopener\">Samuele Carella<\/a>                                            <\/td>\n<\/tr>\n<tr>\n<td>Offensives Mittelfeld<\/td>\n<\/tr>\n<\/td>\n<td class=\"zentriert hide-for-small\">\n                                    <img decoding=\"async\" src=\"https:\/\/www.europesays.com\/de\/wp-content\/uploads\/2025\/06\/1750017269_71_40.png\" title=\"Deutschland\" alt=\"Deutschland\" class=\"flaggenrahmen\"\/><br \/><img decoding=\"async\" src=\"https:\/\/www.europesays.com\/de\/wp-content\/uploads\/2025\/06\/75.png\" title=\"Italien\" alt=\"Italien\" class=\"flaggenrahmen\"\/>                                <\/td>\n<td>\n<tr>\n<td rowspan=\"2\" class=\"zentriert\">\n                                                <a title=\"1.FC K\u00f6ln U19\" href=\"https:\/\/www.transfermarkt.de\/1-fc-koln-u19\/startseite\/verein\/1461\" target=\"_blank\" rel=\"noopener\"><img decoding=\"async\" src=\"https:\/\/www.europesays.com\/de\/wp-content\/uploads\/2025\/06\/1461.png\" title=\"1.FC K\u00f6ln U19\" alt=\"1.FC K\u00f6ln U19\" class=\"tiny_wappen\"\/><\/a>                                            <\/td>\n<td class=\"hauptlink hide-for-small\">\n                                                <a title=\"1.FC K\u00f6ln U19\" href=\"https:\/\/www.transfermarkt.de\/1-fc-koln-u19\/startseite\/verein\/1461\" target=\"_blank\" rel=\"noopener\">1.FC K\u00f6ln U19<\/a>                                            <\/td>\n<\/tr>\n<tr>\n<td class=\"hide-for-small\">\n                                                <img decoding=\"async\" src=\"https:\/\/www.europesays.com\/de\/wp-content\/uploads\/2025\/06\/40.png\" title=\"Deutschland\" alt=\"Deutschland\" class=\"flaggenrahmen\"\/> U19 Nachwuchsliga &#8211; Liga A                                            <\/td>\n<\/tr>\n<\/td>\n<td>\n<tr>\n<td rowspan=\"2\" class=\"zentriert\">\n                                                <a title=\"FC Viktoria K\u00f6ln U19\" href=\"https:\/\/www.transfermarkt.de\/fc-viktoria-koln-u19\/startseite\/verein\/10075\" target=\"_blank\" rel=\"noopener\"><img decoding=\"async\" src=\"https:\/\/www.europesays.com\/de\/wp-content\/uploads\/2025\/07\/10075.png\" title=\"FC Viktoria K\u00f6ln U19\" alt=\"FC Viktoria K\u00f6ln U19\" class=\"tiny_wappen\"\/><\/a>                                            <\/td>\n<td class=\"hauptlink hide-for-small\">\n                                                <a title=\"FC Viktoria K\u00f6ln U19\" href=\"https:\/\/www.transfermarkt.de\/fc-viktoria-koln-u19\/startseite\/verein\/10075\" target=\"_blank\" rel=\"noopener\">Vikt. K\u00f6ln U19<\/a>                                            <\/td>\n<\/tr>\n<tr>\n<td class=\"hide-for-small\">\n                                                <img decoding=\"async\" src=\"https:\/\/www.europesays.com\/de\/wp-content\/uploads\/2025\/06\/40.png\" title=\"Deutschland\" alt=\"Deutschland\" class=\"flaggenrahmen\"\/> U19 Nachwuchsliga &#8211; Liga B                                            <\/td>\n<\/tr>\n<\/td>\n<td class=\"zentriert hide-for-small\">\n                                    01.07.2024                                <\/td>\n<td class=\"zentriert hauptlink\">\n                                    abl\u00f6sefrei                                <\/td>\n<\/tr>\n<tr>\n<td class=\"zentriert hauptlink\">\n                                    24\/25                                <\/td>\n<td>\n<tr>\n<td rowspan=\"2\">\n                                                <img decoding=\"async\" src=\"https:\/\/www.europesays.com\/de\/wp-content\/uploads\/2025\/07\/1168222-1750326891.jpg\" title=\"Malek El Mala\" alt=\"Malek El Mala\" class=\"bilderrahmen-fixed\"\/>                                            <\/td>\n<td class=\"hauptlink\">\n                                                <a title=\"Malek El Mala\" href=\"https:\/\/www.transfermarkt.de\/malek-el-mala\/profil\/spieler\/1168222\" target=\"_blank\" rel=\"noopener\">Malek El Mala<\/a>                                            <\/td>\n<\/tr>\n<tr>\n<td>Mittelst\u00fcrmer<\/td>\n<\/tr>\n<\/td>\n<td class=\"zentriert hide-for-small\">\n                                    <img decoding=\"async\" src=\"https:\/\/www.europesays.com\/de\/wp-content\/uploads\/2025\/06\/1750017269_71_40.png\" title=\"Deutschland\" alt=\"Deutschland\" class=\"flaggenrahmen\"\/>                                <\/td>\n<td>\n<tr>\n<td rowspan=\"2\" class=\"zentriert\">\n                                                <a title=\"FC Viktoria K\u00f6ln\" href=\"https:\/\/www.transfermarkt.de\/fc-viktoria-koln\/startseite\/verein\/1622\" target=\"_blank\" rel=\"noopener\"><img decoding=\"async\" src=\"https:\/\/www.europesays.com\/de\/wp-content\/uploads\/2025\/07\/1622.png\" title=\"FC Viktoria K\u00f6ln\" alt=\"FC Viktoria K\u00f6ln\" class=\"tiny_wappen\"\/><\/a>                                            <\/td>\n<td class=\"hauptlink hide-for-small\">\n                                                <a title=\"FC Viktoria K\u00f6ln\" href=\"https:\/\/www.transfermarkt.de\/fc-viktoria-koln\/startseite\/verein\/1622\" target=\"_blank\" rel=\"noopener\">Viktoria K\u00f6ln<\/a>                                            <\/td>\n<\/tr>\n<tr>\n<td class=\"hide-for-small\">\n                                                <img decoding=\"async\" src=\"https:\/\/www.europesays.com\/de\/wp-content\/uploads\/2025\/06\/40.png\" title=\"Deutschland\" alt=\"Deutschland\" class=\"flaggenrahmen\"\/> 3. Liga                                            <\/td>\n<\/tr>\n<\/td>\n<td>\n<tr>\n<td rowspan=\"2\" class=\"zentriert\">\n                                                <a title=\"1.FC K\u00f6ln\" href=\"https:\/\/www.transfermarkt.de\/1-fc-koln\/startseite\/verein\/3\" target=\"_blank\" rel=\"noopener\"><img decoding=\"async\" src=\"https:\/\/www.europesays.com\/de\/wp-content\/uploads\/2025\/06\/1751042416_890_3.png\" title=\"1.FC K\u00f6ln\" alt=\"1.FC K\u00f6ln\" class=\"tiny_wappen\"\/><\/a>                                            <\/td>\n<td class=\"hauptlink hide-for-small\">\n                                                <a title=\"1.FC K\u00f6ln\" href=\"https:\/\/www.transfermarkt.de\/1-fc-koln\/startseite\/verein\/3\" target=\"_blank\" rel=\"noopener\">1.FC K\u00f6ln<\/a>                                            <\/td>\n<\/tr>\n<tr>\n<td class=\"hide-for-small\">\n                                                <img decoding=\"async\" src=\"https:\/\/www.europesays.com\/de\/wp-content\/uploads\/2025\/06\/40.png\" title=\"Deutschland\" alt=\"Deutschland\" class=\"flaggenrahmen\"\/> 2. Bundesliga                                            <\/td>\n<\/tr>\n<\/td>\n<td class=\"zentriert hide-for-small\">\n                                    01.07.2024                                <\/td>\n<td class=\"zentriert hauptlink\">\n                                    100 Tsd. \u20ac                                <\/td>\n<\/tr>\n<tr>\n<td class=\"zentriert hauptlink\">\n                                    24\/25                                <\/td>\n<td>\n<tr>\n<td rowspan=\"2\">\n                                                <img decoding=\"async\" src=\"https:\/\/www.europesays.com\/de\/wp-content\/uploads\/2025\/07\/1168219-1750323601.jpg\" title=\"Said El Mala\" alt=\"Said El Mala\" class=\"bilderrahmen-fixed\"\/>                                            <\/td>\n<td class=\"hauptlink\">\n                                                <a title=\"Said El Mala\" href=\"https:\/\/www.transfermarkt.de\/said-el-mala\/profil\/spieler\/1168219\" target=\"_blank\" rel=\"noopener\">Said El Mala<\/a>                                            <\/td>\n<\/tr>\n<tr>\n<td>Linksau\u00dfen<\/td>\n<\/tr>\n<\/td>\n<td class=\"zentriert hide-for-small\">\n                                    <img decoding=\"async\" src=\"https:\/\/www.europesays.com\/de\/wp-content\/uploads\/2025\/06\/1750017269_71_40.png\" title=\"Deutschland\" alt=\"Deutschland\" class=\"flaggenrahmen\"\/>                                <\/td>\n<td>\n<tr>\n<td rowspan=\"2\" class=\"zentriert\">\n                                                <a title=\"FC Viktoria K\u00f6ln\" href=\"https:\/\/www.transfermarkt.de\/fc-viktoria-koln\/startseite\/verein\/1622\" target=\"_blank\" rel=\"noopener\"><img decoding=\"async\" src=\"https:\/\/www.europesays.com\/de\/wp-content\/uploads\/2025\/07\/1622.png\" title=\"FC Viktoria K\u00f6ln\" alt=\"FC Viktoria K\u00f6ln\" class=\"tiny_wappen\"\/><\/a>                                            <\/td>\n<td class=\"hauptlink hide-for-small\">\n                                                <a title=\"FC Viktoria K\u00f6ln\" href=\"https:\/\/www.transfermarkt.de\/fc-viktoria-koln\/startseite\/verein\/1622\" target=\"_blank\" rel=\"noopener\">Viktoria K\u00f6ln<\/a>                                            <\/td>\n<\/tr>\n<tr>\n<td class=\"hide-for-small\">\n                                                <img decoding=\"async\" src=\"https:\/\/www.europesays.com\/de\/wp-content\/uploads\/2025\/06\/40.png\" title=\"Deutschland\" alt=\"Deutschland\" class=\"flaggenrahmen\"\/> 3. Liga                                            <\/td>\n<\/tr>\n<\/td>\n<td>\n<tr>\n<td rowspan=\"2\" class=\"zentriert\">\n                                                <a title=\"1.FC K\u00f6ln\" href=\"https:\/\/www.transfermarkt.de\/1-fc-koln\/startseite\/verein\/3\" target=\"_blank\" rel=\"noopener\"><img decoding=\"async\" src=\"https:\/\/www.europesays.com\/de\/wp-content\/uploads\/2025\/06\/1751042416_890_3.png\" title=\"1.FC K\u00f6ln\" alt=\"1.FC K\u00f6ln\" class=\"tiny_wappen\"\/><\/a>                                            <\/td>\n<td class=\"hauptlink hide-for-small\">\n                                                <a title=\"1.FC K\u00f6ln\" href=\"https:\/\/www.transfermarkt.de\/1-fc-koln\/startseite\/verein\/3\" target=\"_blank\" rel=\"noopener\">1.FC K\u00f6ln<\/a>                                            <\/td>\n<\/tr>\n<tr>\n<td class=\"hide-for-small\">\n                                                <img decoding=\"async\" src=\"https:\/\/www.europesays.com\/de\/wp-content\/uploads\/2025\/06\/40.png\" title=\"Deutschland\" alt=\"Deutschland\" class=\"flaggenrahmen\"\/> 2. Bundesliga                                            <\/td>\n<\/tr>\n<\/td>\n<td class=\"zentriert hide-for-small\">\n                                    01.07.2024                                <\/td>\n<td class=\"zentriert hauptlink\">\n                                    300 Tsd. \u20ac                                <\/td>\n<\/tr>\n<tr>\n<td class=\"zentriert hauptlink\">\n                                    24\/25                                <\/td>\n<td>\n<tr>\n<td rowspan=\"2\">\n                                                <img decoding=\"async\" src=\"https:\/\/www.europesays.com\/de\/wp-content\/uploads\/2025\/06\/default.jpg\" title=\"Boran Bayrak\" alt=\"Boran Bayrak\" class=\"bilderrahmen-fixed\"\/>                                            <\/td>\n<td class=\"hauptlink\">\n                                                <a title=\"Boran Bayrak\" href=\"https:\/\/www.transfermarkt.de\/boran-bayrak\/profil\/spieler\/1290607\" target=\"_blank\" rel=\"noopener\">Boran Bayrak<\/a>                                            <\/td>\n<\/tr>\n<tr>\n<td>Sturm<\/td>\n<\/tr>\n<\/td>\n<td class=\"zentriert hide-for-small\">\n                                    <img decoding=\"async\" src=\"https:\/\/www.europesays.com\/de\/wp-content\/uploads\/2025\/06\/174.png\" title=\"T\u00fcrkei\" alt=\"T\u00fcrkei\" class=\"flaggenrahmen\"\/>                                <\/td>\n<td>\n<tr>\n<td rowspan=\"2\" class=\"zentriert\">\n                                                <a title=\"1.FC K\u00f6ln Jugend\" href=\"https:\/\/www.transfermarkt.de\/1-fc-koln-jugend\/startseite\/verein\/11880\" target=\"_blank\" rel=\"noopener\"><img decoding=\"async\" src=\"https:\/\/www.europesays.com\/de\/wp-content\/uploads\/2025\/06\/11880.png\" title=\"1.FC K\u00f6ln Jugend\" alt=\"1.FC K\u00f6ln Jugend\" class=\"tiny_wappen\"\/><\/a>                                            <\/td>\n<td class=\"hauptlink hide-for-small\">\n                                                <a title=\"1.FC K\u00f6ln Jugend\" href=\"https:\/\/www.transfermarkt.de\/1-fc-koln-jugend\/startseite\/verein\/11880\" target=\"_blank\" rel=\"noopener\">1.FC K\u00f6ln Jgd.<\/a>                                            <\/td>\n<\/tr>\n<tr>\n<td class=\"hide-for-small\">\n                                                <img decoding=\"async\" src=\"https:\/\/www.europesays.com\/de\/wp-content\/uploads\/2025\/06\/40.png\" title=\"Deutschland\" alt=\"Deutschland\" class=\"flaggenrahmen\"\/> Deutschland                                            <\/td>\n<\/tr>\n<\/td>\n<td>\n<tr>\n<td rowspan=\"2\" class=\"zentriert\">\n                                                <a title=\"FC Viktoria K\u00f6ln U17\" href=\"https:\/\/www.transfermarkt.de\/fc-viktoria-koln-u17\/startseite\/verein\/34088\" target=\"_blank\" rel=\"noopener\"><img decoding=\"async\" src=\"https:\/\/www.europesays.com\/de\/wp-content\/uploads\/2025\/07\/34088.png\" title=\"FC Viktoria K\u00f6ln U17\" alt=\"FC Viktoria K\u00f6ln U17\" class=\"tiny_wappen\"\/><\/a>                                            <\/td>\n<td class=\"hauptlink hide-for-small\">\n                                                <a title=\"FC Viktoria K\u00f6ln U17\" href=\"https:\/\/www.transfermarkt.de\/fc-viktoria-koln-u17\/startseite\/verein\/34088\" target=\"_blank\" rel=\"noopener\">Vikt. K\u00f6ln U17<\/a>                                            <\/td>\n<\/tr>\n<tr>\n<td class=\"hide-for-small\">\n                                                <img decoding=\"async\" src=\"https:\/\/www.europesays.com\/de\/wp-content\/uploads\/2025\/06\/40.png\" title=\"Deutschland\" alt=\"Deutschland\" class=\"flaggenrahmen\"\/> U17 Nachwuchsliga &#8211; Liga B                                            <\/td>\n<\/tr>\n<\/td>\n<td class=\"zentriert hide-for-small\">\n                                    01.07.2024                                <\/td>\n<td class=\"zentriert hauptlink\">\n                                    abl\u00f6sefrei                                <\/td>\n<\/tr>\n<tr>\n<td class=\"zentriert hauptlink\">\n                                    23\/24                                <\/td>\n<td>\n<tr>\n<td rowspan=\"2\">\n                                                <img decoding=\"async\" src=\"https:\/\/www.europesays.com\/de\/wp-content\/uploads\/2025\/06\/default.jpg\" title=\"Thierry Karadeniz\" alt=\"Thierry Karadeniz\" class=\"bilderrahmen-fixed\"\/>                                            <\/td>\n<td class=\"hauptlink\">\n                                                <a title=\"Thierry Karadeniz\" href=\"https:\/\/www.transfermarkt.de\/thierry-karadeniz\/profil\/spieler\/1290539\" target=\"_blank\" rel=\"noopener\">Thierry Karadeniz<\/a>                                            <\/td>\n<\/tr>\n<tr>\n<td>Rechtsau\u00dfen<\/td>\n<\/tr>\n<\/td>\n<td class=\"zentriert hide-for-small\">\n                                    <img decoding=\"async\" src=\"https:\/\/www.europesays.com\/de\/wp-content\/uploads\/2025\/06\/174.png\" title=\"T\u00fcrkei\" alt=\"T\u00fcrkei\" class=\"flaggenrahmen\"\/><br \/><img decoding=\"async\" src=\"https:\/\/www.europesays.com\/de\/wp-content\/uploads\/2025\/07\/138.png\" title=\"Zentralafrikanische Republik\" alt=\"Zentralafrikanische Republik\" class=\"flaggenrahmen\"\/>                                <\/td>\n<td>\n<tr>\n<td rowspan=\"2\" class=\"zentriert\">\n                                                <a title=\"FC Viktoria K\u00f6ln Jugend\" href=\"https:\/\/www.transfermarkt.de\/fc-viktoria-koln-jugend\/startseite\/verein\/42376\" target=\"_blank\" rel=\"noopener\"><img decoding=\"async\" src=\"https:\/\/www.europesays.com\/de\/wp-content\/uploads\/2025\/07\/42376.png\" title=\"FC Viktoria K\u00f6ln Jugend\" alt=\"FC Viktoria K\u00f6ln Jugend\" class=\"tiny_wappen\"\/><\/a>                                            <\/td>\n<td class=\"hauptlink hide-for-small\">\n                                                <a title=\"FC Viktoria K\u00f6ln Jugend\" href=\"https:\/\/www.transfermarkt.de\/fc-viktoria-koln-jugend\/startseite\/verein\/42376\" target=\"_blank\" rel=\"noopener\">Vikt. K\u00f6ln Jgd.<\/a>                                            <\/td>\n<\/tr>\n<tr>\n<td class=\"hide-for-small\">\n                                                <img decoding=\"async\" src=\"https:\/\/www.europesays.com\/de\/wp-content\/uploads\/2025\/06\/40.png\" title=\"Deutschland\" alt=\"Deutschland\" class=\"flaggenrahmen\"\/> Deutschland                                            <\/td>\n<\/tr>\n<\/td>\n<td>\n<tr>\n<td rowspan=\"2\" class=\"zentriert\">\n                                                <a title=\"1.FC K\u00f6ln Jugend\" href=\"https:\/\/www.transfermarkt.de\/1-fc-koln-jugend\/startseite\/verein\/11880\" target=\"_blank\" rel=\"noopener\"><img decoding=\"async\" src=\"https:\/\/www.europesays.com\/de\/wp-content\/uploads\/2025\/06\/11880.png\" title=\"1.FC K\u00f6ln Jugend\" alt=\"1.FC K\u00f6ln Jugend\" class=\"tiny_wappen\"\/><\/a>                                            <\/td>\n<td class=\"hauptlink hide-for-small\">\n                                                <a title=\"1.FC K\u00f6ln Jugend\" href=\"https:\/\/www.transfermarkt.de\/1-fc-koln-jugend\/startseite\/verein\/11880\" target=\"_blank\" rel=\"noopener\">1.FC K\u00f6ln Jgd.<\/a>                                            <\/td>\n<\/tr>\n<tr>\n<td class=\"hide-for-small\">\n                                                <img decoding=\"async\" src=\"https:\/\/www.europesays.com\/de\/wp-content\/uploads\/2025\/06\/40.png\" title=\"Deutschland\" alt=\"Deutschland\" class=\"flaggenrahmen\"\/> Deutschland                                            <\/td>\n<\/tr>\n<\/td>\n<td class=\"zentriert hide-for-small\">\n                                    01.01.2024                                <\/td>\n<td class=\"zentriert hauptlink\">\n                                    abl\u00f6sefrei                                <\/td>\n<\/tr>\n<tr>\n<td class=\"zentriert hauptlink\">\n                                    23\/24                                <\/td>\n<td>\n<tr>\n<td rowspan=\"2\">\n                                                <img decoding=\"async\" src=\"https:\/\/www.europesays.com\/de\/wp-content\/uploads\/2025\/06\/default.jpg\" title=\"Exaouse Vunguidica\" alt=\"Exaouse Vunguidica\" class=\"bilderrahmen-fixed\"\/>                                            <\/td>\n<td class=\"hauptlink\">\n                                                <a title=\"Exaouse Vunguidica\" href=\"https:\/\/www.transfermarkt.de\/exaouse-vunguidica\/profil\/spieler\/1290548\" target=\"_blank\" rel=\"noopener\">Exaouse Vunguidica<\/a>                                            <\/td>\n<\/tr>\n<tr>\n<td>Sturm<\/td>\n<\/tr>\n<\/td>\n<td class=\"zentriert hide-for-small\">\n                                    <img decoding=\"async\" src=\"https:\/\/www.europesays.com\/de\/wp-content\/uploads\/2025\/06\/1750017269_71_40.png\" title=\"Deutschland\" alt=\"Deutschland\" class=\"flaggenrahmen\"\/><br \/><img decoding=\"async\" src=\"https:\/\/www.europesays.com\/de\/wp-content\/uploads\/2025\/07\/6.png\" title=\"Angola\" alt=\"Angola\" class=\"flaggenrahmen\"\/>                                <\/td>\n<td>\n<tr>\n<td rowspan=\"2\" class=\"zentriert\">\n                                                <a title=\"FC Viktoria K\u00f6ln Jugend\" href=\"https:\/\/www.transfermarkt.de\/fc-viktoria-koln-jugend\/startseite\/verein\/42376\" target=\"_blank\" rel=\"noopener\"><img decoding=\"async\" src=\"https:\/\/www.europesays.com\/de\/wp-content\/uploads\/2025\/07\/42376.png\" title=\"FC Viktoria K\u00f6ln Jugend\" alt=\"FC Viktoria K\u00f6ln Jugend\" class=\"tiny_wappen\"\/><\/a>                                            <\/td>\n<td class=\"hauptlink hide-for-small\">\n                                                <a title=\"FC Viktoria K\u00f6ln Jugend\" href=\"https:\/\/www.transfermarkt.de\/fc-viktoria-koln-jugend\/startseite\/verein\/42376\" target=\"_blank\" rel=\"noopener\">Vikt. K\u00f6ln Jgd.<\/a>                                            <\/td>\n<\/tr>\n<tr>\n<td class=\"hide-for-small\">\n                                                <img decoding=\"async\" src=\"https:\/\/www.europesays.com\/de\/wp-content\/uploads\/2025\/06\/40.png\" title=\"Deutschland\" alt=\"Deutschland\" class=\"flaggenrahmen\"\/> Deutschland                                            <\/td>\n<\/tr>\n<\/td>\n<td>\n<tr>\n<td rowspan=\"2\" class=\"zentriert\">\n                                                <a title=\"1.FC K\u00f6ln Jugend\" href=\"https:\/\/www.transfermarkt.de\/1-fc-koln-jugend\/startseite\/verein\/11880\" target=\"_blank\" rel=\"noopener\"><img decoding=\"async\" src=\"https:\/\/www.europesays.com\/de\/wp-content\/uploads\/2025\/06\/11880.png\" title=\"1.FC K\u00f6ln Jugend\" alt=\"1.FC K\u00f6ln Jugend\" class=\"tiny_wappen\"\/><\/a>                                            <\/td>\n<td class=\"hauptlink hide-for-small\">\n                                                <a title=\"1.FC K\u00f6ln Jugend\" href=\"https:\/\/www.transfermarkt.de\/1-fc-koln-jugend\/startseite\/verein\/11880\" target=\"_blank\" rel=\"noopener\">1.FC K\u00f6ln Jgd.<\/a>                                            <\/td>\n<\/tr>\n<tr>\n<td class=\"hide-for-small\">\n                                                <img decoding=\"async\" src=\"https:\/\/www.europesays.com\/de\/wp-content\/uploads\/2025\/06\/40.png\" title=\"Deutschland\" alt=\"Deutschland\" class=\"flaggenrahmen\"\/> Deutschland                                            <\/td>\n<\/tr>\n<\/td>\n<td class=\"zentriert hide-for-small\">\n                                    01.01.2024                                <\/td>\n<td class=\"zentriert hauptlink\">\n                                    abl\u00f6sefrei                                <\/td>\n<\/tr>\n<tr>\n<td class=\"zentriert hauptlink\">\n                                    23\/24                                <\/td>\n<td>\n<tr>\n<td rowspan=\"2\">\n                                                <img decoding=\"async\" src=\"https:\/\/www.europesays.com\/de\/wp-content\/uploads\/2025\/06\/default.jpg\" title=\"Divine Nduchekwe\" alt=\"Divine Nduchekwe\" class=\"bilderrahmen-fixed\"\/>                                            <\/td>\n<td class=\"hauptlink\">\n                                                <a title=\"Divine Nduchekwe\" href=\"https:\/\/www.transfermarkt.de\/divine-nduchekwe\/profil\/spieler\/1162708\" target=\"_blank\" rel=\"noopener\">Divine Nduchekwe<\/a>                                            <\/td>\n<\/tr>\n<tr>\n<td>Sturm<\/td>\n<\/tr>\n<\/td>\n<td class=\"zentriert hide-for-small\">\n                                    <img decoding=\"async\" src=\"https:\/\/www.europesays.com\/de\/wp-content\/uploads\/2025\/06\/1750017269_71_40.png\" title=\"Deutschland\" alt=\"Deutschland\" class=\"flaggenrahmen\"\/><br \/><img decoding=\"async\" src=\"https:\/\/www.europesays.com\/de\/wp-content\/uploads\/2025\/06\/124.png\" title=\"Nigeria\" alt=\"Nigeria\" class=\"flaggenrahmen\"\/>                                <\/td>\n<td>\n<tr>\n<td rowspan=\"2\" class=\"zentriert\">\n                                                <a title=\"1.FC K\u00f6ln Jugend\" href=\"https:\/\/www.transfermarkt.de\/1-fc-koln-jugend\/startseite\/verein\/11880\" target=\"_blank\" rel=\"noopener\"><img decoding=\"async\" src=\"https:\/\/www.europesays.com\/de\/wp-content\/uploads\/2025\/06\/11880.png\" title=\"1.FC K\u00f6ln Jugend\" alt=\"1.FC K\u00f6ln Jugend\" class=\"tiny_wappen\"\/><\/a>                                            <\/td>\n<td class=\"hauptlink hide-for-small\">\n                                                <a title=\"1.FC K\u00f6ln Jugend\" href=\"https:\/\/www.transfermarkt.de\/1-fc-koln-jugend\/startseite\/verein\/11880\" target=\"_blank\" rel=\"noopener\">1.FC K\u00f6ln Jgd.<\/a>                                            <\/td>\n<\/tr>\n<tr>\n<td class=\"hide-for-small\">\n                                                <img decoding=\"async\" src=\"https:\/\/www.europesays.com\/de\/wp-content\/uploads\/2025\/06\/40.png\" title=\"Deutschland\" alt=\"Deutschland\" class=\"flaggenrahmen\"\/> Deutschland                                            <\/td>\n<\/tr>\n<\/td>\n<td>\n<tr>\n<td rowspan=\"2\" class=\"zentriert\">\n                                                <a title=\"FC Viktoria K\u00f6ln U17\" href=\"https:\/\/www.transfermarkt.de\/fc-viktoria-koln-u17\/startseite\/verein\/34088\" target=\"_blank\" rel=\"noopener\"><img decoding=\"async\" src=\"https:\/\/www.europesays.com\/de\/wp-content\/uploads\/2025\/07\/34088.png\" title=\"FC Viktoria K\u00f6ln U17\" alt=\"FC Viktoria K\u00f6ln U17\" class=\"tiny_wappen\"\/><\/a>                                            <\/td>\n<td class=\"hauptlink hide-for-small\">\n                                                <a title=\"FC Viktoria K\u00f6ln U17\" href=\"https:\/\/www.transfermarkt.de\/fc-viktoria-koln-u17\/startseite\/verein\/34088\" target=\"_blank\" rel=\"noopener\">Vikt. K\u00f6ln U17<\/a>                                            <\/td>\n<\/tr>\n<tr>\n<td class=\"hide-for-small\">\n                                                <img decoding=\"async\" src=\"https:\/\/www.europesays.com\/de\/wp-content\/uploads\/2025\/06\/40.png\" title=\"Deutschland\" alt=\"Deutschland\" class=\"flaggenrahmen\"\/> U17-Bundesliga West                                            <\/td>\n<\/tr>\n<\/td>\n<td class=\"zentriert hide-for-small\">\n                                    01.07.2023                                <\/td>\n<td class=\"zentriert hauptlink\">\n                                    abl\u00f6sefrei                                <\/td>\n<\/tr>\n<tr>\n<td class=\"zentriert hauptlink\">\n                                    23\/24                                <\/td>\n<td>\n<tr>\n<td rowspan=\"2\">\n                                                <img decoding=\"async\" src=\"https:\/\/www.europesays.com\/de\/wp-content\/uploads\/2025\/06\/default.jpg\" title=\"F. Bungart\" alt=\"F. Bungart\" class=\"bilderrahmen-fixed\"\/>                                            <\/td>\n<td class=\"hauptlink\">\n                                                <a title=\"F. Bungart\" href=\"https:\/\/www.transfermarkt.de\/f-bungart\/profil\/spieler\/1163824\" target=\"_blank\" rel=\"noopener\">F. Bungart<\/a>                                            <\/td>\n<\/tr>\n<tr>\n<td>Mittelfeld<\/td>\n<\/tr>\n<\/td>\n<td class=\"zentriert hide-for-small\">\n                                    <img decoding=\"async\" src=\"https:\/\/www.europesays.com\/de\/wp-content\/uploads\/2025\/06\/1750017269_71_40.png\" title=\"Deutschland\" alt=\"Deutschland\" class=\"flaggenrahmen\"\/>                                <\/td>\n<td>\n<tr>\n<td rowspan=\"2\" class=\"zentriert\">\n                                                <a title=\"1.FC K\u00f6ln Jugend\" href=\"https:\/\/www.transfermarkt.de\/1-fc-koln-jugend\/startseite\/verein\/11880\" target=\"_blank\" rel=\"noopener\"><img decoding=\"async\" src=\"https:\/\/www.europesays.com\/de\/wp-content\/uploads\/2025\/06\/11880.png\" title=\"1.FC K\u00f6ln Jugend\" alt=\"1.FC K\u00f6ln Jugend\" class=\"tiny_wappen\"\/><\/a>                                            <\/td>\n<td class=\"hauptlink hide-for-small\">\n                                                <a title=\"1.FC K\u00f6ln Jugend\" href=\"https:\/\/www.transfermarkt.de\/1-fc-koln-jugend\/startseite\/verein\/11880\" target=\"_blank\" rel=\"noopener\">1.FC K\u00f6ln Jgd.<\/a>                                            <\/td>\n<\/tr>\n<tr>\n<td class=\"hide-for-small\">\n                                                <img decoding=\"async\" src=\"https:\/\/www.europesays.com\/de\/wp-content\/uploads\/2025\/06\/40.png\" title=\"Deutschland\" alt=\"Deutschland\" class=\"flaggenrahmen\"\/> Deutschland                                            <\/td>\n<\/tr>\n<\/td>\n<td>\n<tr>\n<td rowspan=\"2\" class=\"zentriert\">\n                                                <a title=\"FC Viktoria K\u00f6ln U17\" href=\"https:\/\/www.transfermarkt.de\/fc-viktoria-koln-u17\/startseite\/verein\/34088\" target=\"_blank\" rel=\"noopener\"><img decoding=\"async\" src=\"https:\/\/www.europesays.com\/de\/wp-content\/uploads\/2025\/07\/34088.png\" title=\"FC Viktoria K\u00f6ln U17\" alt=\"FC Viktoria K\u00f6ln U17\" class=\"tiny_wappen\"\/><\/a>                                            <\/td>\n<td class=\"hauptlink hide-for-small\">\n                                                <a title=\"FC Viktoria K\u00f6ln U17\" href=\"https:\/\/www.transfermarkt.de\/fc-viktoria-koln-u17\/startseite\/verein\/34088\" target=\"_blank\" rel=\"noopener\">Vikt. K\u00f6ln U17<\/a>                                            <\/td>\n<\/tr>\n<tr>\n<td class=\"hide-for-small\">\n                                                <img decoding=\"async\" src=\"https:\/\/www.europesays.com\/de\/wp-content\/uploads\/2025\/06\/40.png\" title=\"Deutschland\" alt=\"Deutschland\" class=\"flaggenrahmen\"\/> U17-Bundesliga West                                            <\/td>\n<\/tr>\n<\/td>\n<td class=\"zentriert hide-for-small\">\n                                    01.07.2023                                <\/td>\n<td class=\"zentriert hauptlink\">\n                                    abl\u00f6sefrei                                <\/td>\n<\/tr>\n<tr>\n<td class=\"zentriert hauptlink\">\n                                    23\/24                                <\/td>\n<td>\n<tr>\n<td rowspan=\"2\">\n                                                <img decoding=\"async\" src=\"https:\/\/www.europesays.com\/de\/wp-content\/uploads\/2025\/06\/default.jpg\" title=\"Martin Kass\" alt=\"Martin Kass\" class=\"bilderrahmen-fixed\"\/>                                            <\/td>\n<td class=\"hauptlink\">\n                                                <a title=\"Martin Kass\" href=\"https:\/\/www.transfermarkt.de\/martin-kass\/profil\/spieler\/1290600\" target=\"_blank\" rel=\"noopener\">Martin Kass<\/a>                                            <\/td>\n<\/tr>\n<tr>\n<td>Abwehr<\/td>\n<\/tr>\n<\/td>\n<td class=\"zentriert hide-for-small\">\n                                    <img decoding=\"async\" src=\"https:\/\/www.europesays.com\/de\/wp-content\/uploads\/2025\/06\/1750017269_71_40.png\" title=\"Deutschland\" alt=\"Deutschland\" class=\"flaggenrahmen\"\/>                                <\/td>\n<td>\n<tr>\n<td rowspan=\"2\" class=\"zentriert\">\n                                                <a title=\"1.FC K\u00f6ln Jugend\" href=\"https:\/\/www.transfermarkt.de\/1-fc-koln-jugend\/startseite\/verein\/11880\" target=\"_blank\" rel=\"noopener\"><img decoding=\"async\" src=\"https:\/\/www.europesays.com\/de\/wp-content\/uploads\/2025\/06\/11880.png\" title=\"1.FC K\u00f6ln Jugend\" alt=\"1.FC K\u00f6ln Jugend\" class=\"tiny_wappen\"\/><\/a>                                            <\/td>\n<td class=\"hauptlink hide-for-small\">\n                                                <a title=\"1.FC K\u00f6ln Jugend\" href=\"https:\/\/www.transfermarkt.de\/1-fc-koln-jugend\/startseite\/verein\/11880\" target=\"_blank\" rel=\"noopener\">1.FC K\u00f6ln Jgd.<\/a>                                            <\/td>\n<\/tr>\n<tr>\n<td class=\"hide-for-small\">\n                                                <img decoding=\"async\" src=\"https:\/\/www.europesays.com\/de\/wp-content\/uploads\/2025\/06\/40.png\" title=\"Deutschland\" alt=\"Deutschland\" class=\"flaggenrahmen\"\/> Deutschland                                            <\/td>\n<\/tr>\n<\/td>\n<td>\n<tr>\n<td rowspan=\"2\" class=\"zentriert\">\n                                                <a title=\"FC Viktoria K\u00f6ln Jugend\" href=\"https:\/\/www.transfermarkt.de\/fc-viktoria-koln-jugend\/startseite\/verein\/42376\" target=\"_blank\" rel=\"noopener\"><img decoding=\"async\" src=\"https:\/\/www.europesays.com\/de\/wp-content\/uploads\/2025\/07\/42376.png\" title=\"FC Viktoria K\u00f6ln Jugend\" alt=\"FC Viktoria K\u00f6ln Jugend\" class=\"tiny_wappen\"\/><\/a>                                            <\/td>\n<td class=\"hauptlink hide-for-small\">\n                                                <a title=\"FC Viktoria K\u00f6ln Jugend\" href=\"https:\/\/www.transfermarkt.de\/fc-viktoria-koln-jugend\/startseite\/verein\/42376\" target=\"_blank\" rel=\"noopener\">Vikt. K\u00f6ln Jgd.<\/a>                                            <\/td>\n<\/tr>\n<tr>\n<td class=\"hide-for-small\">\n                                                <img decoding=\"async\" src=\"https:\/\/www.europesays.com\/de\/wp-content\/uploads\/2025\/06\/40.png\" title=\"Deutschland\" alt=\"Deutschland\" class=\"flaggenrahmen\"\/> Deutschland                                            <\/td>\n<\/tr>\n<\/td>\n<td class=\"zentriert hide-for-small\">\n                                    01.07.2023                                <\/td>\n<td class=\"zentriert hauptlink\">\n                                    abl\u00f6sefrei                                <\/td>\n<\/tr>\n<tr>\n<td class=\"zentriert hauptlink\">\n                                    23\/24                                <\/td>\n<td>\n<tr>\n<td rowspan=\"2\">\n                                                <img decoding=\"async\" src=\"https:\/\/www.europesays.com\/de\/wp-content\/uploads\/2025\/06\/default.jpg\" title=\"Assad Kotya-Fofana\" alt=\"Assad Kotya-Fofana\" class=\"bilderrahmen-fixed\"\/>                                            <\/td>\n<td class=\"hauptlink\">\n                                                <a title=\"Assad Kotya-Fofana\" href=\"https:\/\/www.transfermarkt.de\/assad-kotya-fofana\/profil\/spieler\/1182061\" target=\"_blank\" rel=\"noopener\">Assad Kotya-Fofana<\/a>                                            <\/td>\n<\/tr>\n<tr>\n<td>Innenverteidiger<\/td>\n<\/tr>\n<\/td>\n<td class=\"zentriert hide-for-small\">\n                                    <img decoding=\"async\" src=\"https:\/\/www.europesays.com\/de\/wp-content\/uploads\/2025\/06\/1750017269_71_40.png\" title=\"Deutschland\" alt=\"Deutschland\" class=\"flaggenrahmen\"\/><br \/><img decoding=\"async\" src=\"https:\/\/www.europesays.com\/de\/wp-content\/uploads\/2025\/06\/168.png\" title=\"Togo\" alt=\"Togo\" class=\"flaggenrahmen\"\/>                                <\/td>\n<td>\n<tr>\n<td rowspan=\"2\" class=\"zentriert\">\n                                                <a title=\"FC Viktoria K\u00f6ln Jugend\" href=\"https:\/\/www.transfermarkt.de\/fc-viktoria-koln-jugend\/startseite\/verein\/42376\" target=\"_blank\" rel=\"noopener\"><img decoding=\"async\" src=\"https:\/\/www.europesays.com\/de\/wp-content\/uploads\/2025\/07\/42376.png\" title=\"FC Viktoria K\u00f6ln Jugend\" alt=\"FC Viktoria K\u00f6ln Jugend\" class=\"tiny_wappen\"\/><\/a>                                            <\/td>\n<td class=\"hauptlink hide-for-small\">\n                                                <a title=\"FC Viktoria K\u00f6ln Jugend\" href=\"https:\/\/www.transfermarkt.de\/fc-viktoria-koln-jugend\/startseite\/verein\/42376\" target=\"_blank\" rel=\"noopener\">Vikt. K\u00f6ln Jgd.<\/a>                                            <\/td>\n<\/tr>\n<tr>\n<td class=\"hide-for-small\">\n                                                <img decoding=\"async\" src=\"https:\/\/www.europesays.com\/de\/wp-content\/uploads\/2025\/06\/40.png\" title=\"Deutschland\" alt=\"Deutschland\" class=\"flaggenrahmen\"\/> Deutschland                                            <\/td>\n<\/tr>\n<\/td>\n<td>\n<tr>\n<td rowspan=\"2\" class=\"zentriert\">\n                                                <a title=\"1.FC K\u00f6ln Jugend\" href=\"https:\/\/www.transfermarkt.de\/1-fc-koln-jugend\/startseite\/verein\/11880\" target=\"_blank\" rel=\"noopener\"><img decoding=\"async\" src=\"https:\/\/www.europesays.com\/de\/wp-content\/uploads\/2025\/06\/11880.png\" title=\"1.FC K\u00f6ln Jugend\" alt=\"1.FC K\u00f6ln Jugend\" class=\"tiny_wappen\"\/><\/a>                                            <\/td>\n<td class=\"hauptlink hide-for-small\">\n                                                <a title=\"1.FC K\u00f6ln Jugend\" href=\"https:\/\/www.transfermarkt.de\/1-fc-koln-jugend\/startseite\/verein\/11880\" target=\"_blank\" rel=\"noopener\">1.FC K\u00f6ln Jgd.<\/a>                                            <\/td>\n<\/tr>\n<tr>\n<td class=\"hide-for-small\">\n                                                <img decoding=\"async\" src=\"https:\/\/www.europesays.com\/de\/wp-content\/uploads\/2025\/06\/40.png\" title=\"Deutschland\" alt=\"Deutschland\" class=\"flaggenrahmen\"\/> Deutschland                                            <\/td>\n<\/tr>\n<\/td>\n<td class=\"zentriert hide-for-small\">\n                                    01.07.2023                                <\/td>\n<td class=\"zentriert hauptlink\">\n                                    abl\u00f6sefrei                                <\/td>\n<\/tr>\n<tr>\n<td class=\"zentriert hauptlink\">\n                                    23\/24                                <\/td>\n<td>\n<tr>\n<td rowspan=\"2\">\n                                                <img decoding=\"async\" src=\"https:\/\/www.europesays.com\/de\/wp-content\/uploads\/2025\/06\/default.jpg\" title=\"Kristian Markoski\" alt=\"Kristian Markoski\" class=\"bilderrahmen-fixed\"\/>                                            <\/td>\n<td class=\"hauptlink\">\n                                                <a title=\"Kristian Markoski\" href=\"https:\/\/www.transfermarkt.de\/kristian-markoski\/profil\/spieler\/1240554\" target=\"_blank\" rel=\"noopener\">Kristian Markoski<\/a>                                            <\/td>\n<\/tr>\n<tr>\n<td>Rechter Verteidiger<\/td>\n<\/tr>\n<\/td>\n<td class=\"zentriert hide-for-small\">\n                                    <img decoding=\"async\" src=\"https:\/\/www.europesays.com\/de\/wp-content\/uploads\/2025\/06\/100.png\" title=\"Nordmazedonien\" alt=\"Nordmazedonien\" class=\"flaggenrahmen\"\/><br \/><img decoding=\"async\" src=\"https:\/\/www.europesays.com\/de\/wp-content\/uploads\/2025\/06\/1750017269_71_40.png\" title=\"Deutschland\" alt=\"Deutschland\" class=\"flaggenrahmen\"\/>                                <\/td>\n<td>\n<tr>\n<td rowspan=\"2\" class=\"zentriert\">\n                                                <a title=\"FC Viktoria K\u00f6ln Jugend\" href=\"https:\/\/www.transfermarkt.de\/fc-viktoria-koln-jugend\/startseite\/verein\/42376\" target=\"_blank\" rel=\"noopener\"><img decoding=\"async\" src=\"https:\/\/www.europesays.com\/de\/wp-content\/uploads\/2025\/07\/42376.png\" title=\"FC Viktoria K\u00f6ln Jugend\" alt=\"FC Viktoria K\u00f6ln Jugend\" class=\"tiny_wappen\"\/><\/a>                                            <\/td>\n<td class=\"hauptlink hide-for-small\">\n                                                <a title=\"FC Viktoria K\u00f6ln Jugend\" href=\"https:\/\/www.transfermarkt.de\/fc-viktoria-koln-jugend\/startseite\/verein\/42376\" target=\"_blank\" rel=\"noopener\">Vikt. K\u00f6ln Jgd.<\/a>                                            <\/td>\n<\/tr>\n<tr>\n<td class=\"hide-for-small\">\n                                                <img decoding=\"async\" src=\"https:\/\/www.europesays.com\/de\/wp-content\/uploads\/2025\/06\/40.png\" title=\"Deutschland\" alt=\"Deutschland\" class=\"flaggenrahmen\"\/> Deutschland                                            <\/td>\n<\/tr>\n<\/td>\n<td>\n<tr>\n<td rowspan=\"2\" class=\"zentriert\">\n                                                <a title=\"1.FC K\u00f6ln Jugend\" href=\"https:\/\/www.transfermarkt.de\/1-fc-koln-jugend\/startseite\/verein\/11880\" target=\"_blank\" rel=\"noopener\"><img decoding=\"async\" src=\"https:\/\/www.europesays.com\/de\/wp-content\/uploads\/2025\/06\/11880.png\" title=\"1.FC K\u00f6ln Jugend\" alt=\"1.FC K\u00f6ln Jugend\" class=\"tiny_wappen\"\/><\/a>                                            <\/td>\n<td class=\"hauptlink hide-for-small\">\n                                                <a title=\"1.FC K\u00f6ln Jugend\" href=\"https:\/\/www.transfermarkt.de\/1-fc-koln-jugend\/startseite\/verein\/11880\" target=\"_blank\" rel=\"noopener\">1.FC K\u00f6ln Jgd.<\/a>                                            <\/td>\n<\/tr>\n<tr>\n<td class=\"hide-for-small\">\n                                                <img decoding=\"async\" src=\"https:\/\/www.europesays.com\/de\/wp-content\/uploads\/2025\/06\/40.png\" title=\"Deutschland\" alt=\"Deutschland\" class=\"flaggenrahmen\"\/> Deutschland                                            <\/td>\n<\/tr>\n<\/td>\n<td class=\"zentriert hide-for-small\">\n                                    01.07.2023                                <\/td>\n<td class=\"zentriert hauptlink\">\n                                    abl\u00f6sefrei                                <\/td>\n<\/tr>\n<tr>\n<td class=\"zentriert hauptlink\">\n                                    23\/24                                <\/td>\n<td>\n<tr>\n<td rowspan=\"2\">\n                                                <img decoding=\"async\" src=\"https:\/\/www.europesays.com\/de\/wp-content\/uploads\/2025\/06\/default.jpg\" title=\"Niklas Abert\" alt=\"Niklas Abert\" class=\"bilderrahmen-fixed\"\/>                                            <\/td>\n<td class=\"hauptlink\">\n                                                <a title=\"Niklas Abert\" href=\"https:\/\/www.transfermarkt.de\/niklas-abert\/profil\/spieler\/1290535\" target=\"_blank\" rel=\"noopener\">Niklas Abert<\/a>                                            <\/td>\n<\/tr>\n<tr>\n<td>Abwehr<\/td>\n<\/tr>\n<\/td>\n<td class=\"zentriert hide-for-small\">\n                                    <img decoding=\"async\" src=\"https:\/\/www.europesays.com\/de\/wp-content\/uploads\/2025\/06\/1750017269_71_40.png\" title=\"Deutschland\" alt=\"Deutschland\" class=\"flaggenrahmen\"\/>                                <\/td>\n<td>\n<tr>\n<td rowspan=\"2\" class=\"zentriert\">\n                                                <a title=\"FC Viktoria K\u00f6ln Jugend\" href=\"https:\/\/www.transfermarkt.de\/fc-viktoria-koln-jugend\/startseite\/verein\/42376\" target=\"_blank\" rel=\"noopener\"><img decoding=\"async\" src=\"https:\/\/www.europesays.com\/de\/wp-content\/uploads\/2025\/07\/42376.png\" title=\"FC Viktoria K\u00f6ln Jugend\" alt=\"FC Viktoria K\u00f6ln Jugend\" class=\"tiny_wappen\"\/><\/a>                                            <\/td>\n<td class=\"hauptlink hide-for-small\">\n                                                <a title=\"FC Viktoria K\u00f6ln Jugend\" href=\"https:\/\/www.transfermarkt.de\/fc-viktoria-koln-jugend\/startseite\/verein\/42376\" target=\"_blank\" rel=\"noopener\">Vikt. K\u00f6ln Jgd.<\/a>                                            <\/td>\n<\/tr>\n<tr>\n<td class=\"hide-for-small\">\n                                                <img decoding=\"async\" src=\"https:\/\/www.europesays.com\/de\/wp-content\/uploads\/2025\/06\/40.png\" title=\"Deutschland\" alt=\"Deutschland\" class=\"flaggenrahmen\"\/> Deutschland                                            <\/td>\n<\/tr>\n<\/td>\n<td>\n<tr>\n<td rowspan=\"2\" class=\"zentriert\">\n                                                <a title=\"1.FC K\u00f6ln Jugend\" href=\"https:\/\/www.transfermarkt.de\/1-fc-koln-jugend\/startseite\/verein\/11880\" target=\"_blank\" rel=\"noopener\"><img decoding=\"async\" src=\"https:\/\/www.europesays.com\/de\/wp-content\/uploads\/2025\/06\/11880.png\" title=\"1.FC K\u00f6ln Jugend\" alt=\"1.FC K\u00f6ln Jugend\" class=\"tiny_wappen\"\/><\/a>                                            <\/td>\n<td class=\"hauptlink hide-for-small\">\n                                                <a title=\"1.FC K\u00f6ln Jugend\" href=\"https:\/\/www.transfermarkt.de\/1-fc-koln-jugend\/startseite\/verein\/11880\" target=\"_blank\" rel=\"noopener\">1.FC K\u00f6ln Jgd.<\/a>                                            <\/td>\n<\/tr>\n<tr>\n<td class=\"hide-for-small\">\n                                                <img decoding=\"async\" src=\"https:\/\/www.europesays.com\/de\/wp-content\/uploads\/2025\/06\/40.png\" title=\"Deutschland\" alt=\"Deutschland\" class=\"flaggenrahmen\"\/> Deutschland                                            <\/td>\n<\/tr>\n<\/td>\n<td class=\"zentriert hide-for-small\">\n                                    01.07.2023                                <\/td>\n<td class=\"zentriert hauptlink\">\n                                    abl\u00f6sefrei                                <\/td>\n<\/tr>\n<tr>\n<td class=\"zentriert hauptlink\">\n                                    23\/24                                <\/td>\n<td>\n<tr>\n<td rowspan=\"2\">\n                                                <img decoding=\"async\" src=\"https:\/\/www.europesays.com\/de\/wp-content\/uploads\/2025\/06\/default.jpg\" title=\"K. Krieger\" alt=\"K. Krieger\" class=\"bilderrahmen-fixed\"\/>                                            <\/td>\n<td class=\"hauptlink\">\n                                                <a title=\"K. Krieger\" href=\"https:\/\/www.transfermarkt.de\/k-krieger\/profil\/spieler\/1290540\" target=\"_blank\" rel=\"noopener\">K. Krieger<\/a>                                            <\/td>\n<\/tr>\n<tr>\n<td>Offensives Mittelfeld<\/td>\n<\/tr>\n<\/td>\n<td class=\"zentriert hide-for-small\">\n                                    <a href=\"http:\/\/www.transfermarkt.de\/intern\/faq\/#ds_info\" target=\"_blank\" rel=\"noopener\">k. A.<\/a>                                <\/td>\n<td>\n<tr>\n<td rowspan=\"2\" class=\"zentriert\">\n                                                <a title=\"FC Viktoria K\u00f6ln Jugend\" href=\"https:\/\/www.transfermarkt.de\/fc-viktoria-koln-jugend\/startseite\/verein\/42376\" target=\"_blank\" rel=\"noopener\"><img decoding=\"async\" src=\"https:\/\/www.europesays.com\/de\/wp-content\/uploads\/2025\/07\/42376.png\" title=\"FC Viktoria K\u00f6ln Jugend\" alt=\"FC Viktoria K\u00f6ln Jugend\" class=\"tiny_wappen\"\/><\/a>                                            <\/td>\n<td class=\"hauptlink hide-for-small\">\n                                                <a title=\"FC Viktoria K\u00f6ln Jugend\" href=\"https:\/\/www.transfermarkt.de\/fc-viktoria-koln-jugend\/startseite\/verein\/42376\" target=\"_blank\" rel=\"noopener\">Vikt. K\u00f6ln Jgd.<\/a>                                            <\/td>\n<\/tr>\n<tr>\n<td class=\"hide-for-small\">\n                                                <img decoding=\"async\" src=\"https:\/\/www.europesays.com\/de\/wp-content\/uploads\/2025\/06\/40.png\" title=\"Deutschland\" alt=\"Deutschland\" class=\"flaggenrahmen\"\/> Deutschland                                            <\/td>\n<\/tr>\n<\/td>\n<td>\n<tr>\n<td rowspan=\"2\" class=\"zentriert\">\n                                                <a title=\"1.FC K\u00f6ln Jugend\" href=\"https:\/\/www.transfermarkt.de\/1-fc-koln-jugend\/startseite\/verein\/11880\" target=\"_blank\" rel=\"noopener\"><img decoding=\"async\" src=\"https:\/\/www.europesays.com\/de\/wp-content\/uploads\/2025\/06\/11880.png\" title=\"1.FC K\u00f6ln Jugend\" alt=\"1.FC K\u00f6ln Jugend\" class=\"tiny_wappen\"\/><\/a>                                            <\/td>\n<td class=\"hauptlink hide-for-small\">\n                                                <a title=\"1.FC K\u00f6ln Jugend\" href=\"https:\/\/www.transfermarkt.de\/1-fc-koln-jugend\/startseite\/verein\/11880\" target=\"_blank\" rel=\"noopener\">1.FC K\u00f6ln Jgd.<\/a>                                            <\/td>\n<\/tr>\n<tr>\n<td class=\"hide-for-small\">\n                                                <img decoding=\"async\" src=\"https:\/\/www.europesays.com\/de\/wp-content\/uploads\/2025\/06\/40.png\" title=\"Deutschland\" alt=\"Deutschland\" class=\"flaggenrahmen\"\/> Deutschland                                            <\/td>\n<\/tr>\n<\/td>\n<td class=\"zentriert hide-for-small\">\n                                    01.07.2023                                <\/td>\n<td class=\"zentriert hauptlink\">\n                                    abl\u00f6sefrei                                <\/td>\n<\/tr>\n<tr>\n<td class=\"zentriert hauptlink\">\n                                    22\/23                                <\/td>\n<td>\n<tr>\n<td rowspan=\"2\">\n                                                <img decoding=\"async\" src=\"https:\/\/www.europesays.com\/de\/wp-content\/uploads\/2025\/07\/696017-1689232822.jpg\" title=\"Kaden Amaniampong\" alt=\"Kaden Amaniampong\" class=\"bilderrahmen-fixed\"\/>                                            <\/td>\n<td class=\"hauptlink\">\n                                                <a title=\"Kaden Amaniampong\" href=\"https:\/\/www.transfermarkt.de\/kaden-amaniampong\/profil\/spieler\/696017\" target=\"_blank\" rel=\"noopener\">Kaden Amaniampong<\/a>                                            <\/td>\n<\/tr>\n<tr>\n<td>Rechter Verteidiger<\/td>\n<\/tr>\n<\/td>\n<td class=\"zentriert hide-for-small\">\n                                    <img decoding=\"async\" src=\"https:\/\/www.europesays.com\/de\/wp-content\/uploads\/2025\/06\/1750017269_71_40.png\" title=\"Deutschland\" alt=\"Deutschland\" class=\"flaggenrahmen\"\/><br \/><img decoding=\"async\" src=\"https:\/\/www.europesays.com\/de\/wp-content\/uploads\/2025\/06\/54.png\" title=\"Ghana\" alt=\"Ghana\" class=\"flaggenrahmen\"\/>                                <\/td>\n<td>\n<tr>\n<td rowspan=\"2\" class=\"zentriert\">\n                                                <a title=\"1.FC K\u00f6ln U19\" href=\"https:\/\/www.transfermarkt.de\/1-fc-koln-u19\/startseite\/verein\/1461\" target=\"_blank\" rel=\"noopener\"><img decoding=\"async\" src=\"https:\/\/www.europesays.com\/de\/wp-content\/uploads\/2025\/06\/1461.png\" title=\"1.FC K\u00f6ln U19\" alt=\"1.FC K\u00f6ln U19\" class=\"tiny_wappen\"\/><\/a>                                            <\/td>\n<td class=\"hauptlink hide-for-small\">\n                                                <a title=\"1.FC K\u00f6ln U19\" href=\"https:\/\/www.transfermarkt.de\/1-fc-koln-u19\/startseite\/verein\/1461\" target=\"_blank\" rel=\"noopener\">1.FC K\u00f6ln U19<\/a>                                            <\/td>\n<\/tr>\n<tr>\n<td class=\"hide-for-small\">\n                                                <img decoding=\"async\" src=\"https:\/\/www.europesays.com\/de\/wp-content\/uploads\/2025\/06\/40.png\" title=\"Deutschland\" alt=\"Deutschland\" class=\"flaggenrahmen\"\/> U19-Bundesliga West                                            <\/td>\n<\/tr>\n<\/td>\n<td>\n<tr>\n<td rowspan=\"2\" class=\"zentriert\">\n                                                <a title=\"FC Viktoria K\u00f6ln U19\" href=\"https:\/\/www.transfermarkt.de\/fc-viktoria-koln-u19\/startseite\/verein\/10075\" target=\"_blank\" rel=\"noopener\"><img decoding=\"async\" src=\"https:\/\/www.europesays.com\/de\/wp-content\/uploads\/2025\/07\/10075.png\" title=\"FC Viktoria K\u00f6ln U19\" alt=\"FC Viktoria K\u00f6ln U19\" class=\"tiny_wappen\"\/><\/a>                                            <\/td>\n<td class=\"hauptlink hide-for-small\">\n                                                <a title=\"FC Viktoria K\u00f6ln U19\" href=\"https:\/\/www.transfermarkt.de\/fc-viktoria-koln-u19\/startseite\/verein\/10075\" target=\"_blank\" rel=\"noopener\">Vikt. K\u00f6ln U19<\/a>                                            <\/td>\n<\/tr>\n<tr>\n<td class=\"hide-for-small\">\n                                                <img decoding=\"async\" src=\"https:\/\/www.europesays.com\/de\/wp-content\/uploads\/2025\/06\/40.png\" title=\"Deutschland\" alt=\"Deutschland\" class=\"flaggenrahmen\"\/> U19-Bundesliga West                                            <\/td>\n<\/tr>\n<\/td>\n<td class=\"zentriert hide-for-small\">\n                                    01.07.2022                                <\/td>\n<td class=\"zentriert hauptlink\">\n                                    abl\u00f6sefrei                                <\/td>\n<\/tr>\n<tr>\n<td class=\"zentriert hauptlink\">\n                                    22\/23                                <\/td>\n<td>\n<tr>\n<td rowspan=\"2\">\n                                                <img decoding=\"async\" src=\"https:\/\/www.europesays.com\/de\/wp-content\/uploads\/2025\/07\/795387-1729624942.jpg\" title=\"Romeo Aigbekaen\" alt=\"Romeo Aigbekaen\" class=\"bilderrahmen-fixed\"\/>                                            <\/td>\n<td class=\"hauptlink\">\n                                                <a title=\"Romeo Aigbekaen\" href=\"https:\/\/www.transfermarkt.de\/romeo-aigbekaen\/profil\/spieler\/795387\" target=\"_blank\" rel=\"noopener\">Romeo Aigbekaen<\/a>                                            <\/td>\n<\/tr>\n<tr>\n<td>Linksau\u00dfen<\/td>\n<\/tr>\n<\/td>\n<td class=\"zentriert hide-for-small\">\n                                    <img decoding=\"async\" src=\"https:\/\/www.europesays.com\/de\/wp-content\/uploads\/2025\/06\/1750017269_71_40.png\" title=\"Deutschland\" alt=\"Deutschland\" class=\"flaggenrahmen\"\/><br \/><img decoding=\"async\" src=\"https:\/\/www.europesays.com\/de\/wp-content\/uploads\/2025\/06\/124.png\" title=\"Nigeria\" alt=\"Nigeria\" class=\"flaggenrahmen\"\/>                                <\/td>\n<td>\n<tr>\n<td rowspan=\"2\" class=\"zentriert\">\n                                                <a title=\"1.FC K\u00f6ln U19\" href=\"https:\/\/www.transfermarkt.de\/1-fc-koln-u19\/startseite\/verein\/1461\" target=\"_blank\" rel=\"noopener\"><img decoding=\"async\" src=\"https:\/\/www.europesays.com\/de\/wp-content\/uploads\/2025\/06\/1461.png\" title=\"1.FC K\u00f6ln U19\" alt=\"1.FC K\u00f6ln U19\" class=\"tiny_wappen\"\/><\/a>                                            <\/td>\n<td class=\"hauptlink hide-for-small\">\n                                                <a title=\"1.FC K\u00f6ln U19\" href=\"https:\/\/www.transfermarkt.de\/1-fc-koln-u19\/startseite\/verein\/1461\" target=\"_blank\" rel=\"noopener\">1.FC K\u00f6ln U19<\/a>                                            <\/td>\n<\/tr>\n<tr>\n<td class=\"hide-for-small\">\n                                                <img decoding=\"async\" src=\"https:\/\/www.europesays.com\/de\/wp-content\/uploads\/2025\/06\/40.png\" title=\"Deutschland\" alt=\"Deutschland\" class=\"flaggenrahmen\"\/> U19-Bundesliga West                                            <\/td>\n<\/tr>\n<\/td>\n<td>\n<tr>\n<td rowspan=\"2\" class=\"zentriert\">\n                                                <a title=\"FC Viktoria K\u00f6ln U19\" href=\"https:\/\/www.transfermarkt.de\/fc-viktoria-koln-u19\/startseite\/verein\/10075\" target=\"_blank\" rel=\"noopener\"><img decoding=\"async\" src=\"https:\/\/www.europesays.com\/de\/wp-content\/uploads\/2025\/07\/10075.png\" title=\"FC Viktoria K\u00f6ln U19\" alt=\"FC Viktoria K\u00f6ln U19\" class=\"tiny_wappen\"\/><\/a>                                            <\/td>\n<td class=\"hauptlink hide-for-small\">\n                                                <a title=\"FC Viktoria K\u00f6ln U19\" href=\"https:\/\/www.transfermarkt.de\/fc-viktoria-koln-u19\/startseite\/verein\/10075\" target=\"_blank\" rel=\"noopener\">Vikt. K\u00f6ln U19<\/a>                                            <\/td>\n<\/tr>\n<tr>\n<td class=\"hide-for-small\">\n                                                <img decoding=\"async\" src=\"https:\/\/www.europesays.com\/de\/wp-content\/uploads\/2025\/06\/40.png\" title=\"Deutschland\" alt=\"Deutschland\" class=\"flaggenrahmen\"\/> U19-Bundesliga West                                            <\/td>\n<\/tr>\n<\/td>\n<td class=\"zentriert hide-for-small\">\n                                    01.07.2022                                <\/td>\n<td class=\"zentriert hauptlink\">\n                                    abl\u00f6sefrei                                <\/td>\n<\/tr>\n<tr>\n<td class=\"zentriert hauptlink\">\n                                    22\/23                                <\/td>\n<td>\n<tr>\n<td rowspan=\"2\">\n                                                <img decoding=\"async\" src=\"https:\/\/www.europesays.com\/de\/wp-content\/uploads\/2025\/06\/default.jpg\" title=\"Josia-Levi Walther\" alt=\"Josia-Levi Walther\" class=\"bilderrahmen-fixed\"\/>                                            <\/td>\n<td class=\"hauptlink\">\n                                                <a title=\"Josia-Levi Walther\" href=\"https:\/\/www.transfermarkt.de\/josia-levi-walther\/profil\/spieler\/795910\" target=\"_blank\" rel=\"noopener\">Josia-Levi Walther<\/a>                                            <\/td>\n<\/tr>\n<tr>\n<td>Linksau\u00dfen<\/td>\n<\/tr>\n<\/td>\n<td class=\"zentriert hide-for-small\">\n                                    <img decoding=\"async\" src=\"https:\/\/www.europesays.com\/de\/wp-content\/uploads\/2025\/06\/1750017269_71_40.png\" title=\"Deutschland\" alt=\"Deutschland\" class=\"flaggenrahmen\"\/>                                <\/td>\n<td>\n<tr>\n<td rowspan=\"2\" class=\"zentriert\">\n                                                <a title=\"1.FC K\u00f6ln U19\" href=\"https:\/\/www.transfermarkt.de\/1-fc-koln-u19\/startseite\/verein\/1461\" target=\"_blank\" rel=\"noopener\"><img decoding=\"async\" src=\"https:\/\/www.europesays.com\/de\/wp-content\/uploads\/2025\/06\/1461.png\" title=\"1.FC K\u00f6ln U19\" alt=\"1.FC K\u00f6ln U19\" class=\"tiny_wappen\"\/><\/a>                                            <\/td>\n<td class=\"hauptlink hide-for-small\">\n                                                <a title=\"1.FC K\u00f6ln U19\" href=\"https:\/\/www.transfermarkt.de\/1-fc-koln-u19\/startseite\/verein\/1461\" target=\"_blank\" rel=\"noopener\">1.FC K\u00f6ln U19<\/a>                                            <\/td>\n<\/tr>\n<tr>\n<td class=\"hide-for-small\">\n                                                <img decoding=\"async\" src=\"https:\/\/www.europesays.com\/de\/wp-content\/uploads\/2025\/06\/40.png\" title=\"Deutschland\" alt=\"Deutschland\" class=\"flaggenrahmen\"\/> U19-Bundesliga West                                            <\/td>\n<\/tr>\n<\/td>\n<td>\n<tr>\n<td rowspan=\"2\" class=\"zentriert\">\n                                                <a title=\"FC Viktoria K\u00f6ln U19\" href=\"https:\/\/www.transfermarkt.de\/fc-viktoria-koln-u19\/startseite\/verein\/10075\" target=\"_blank\" rel=\"noopener\"><img decoding=\"async\" src=\"https:\/\/www.europesays.com\/de\/wp-content\/uploads\/2025\/07\/10075.png\" title=\"FC Viktoria K\u00f6ln U19\" alt=\"FC Viktoria K\u00f6ln U19\" class=\"tiny_wappen\"\/><\/a>                                            <\/td>\n<td class=\"hauptlink hide-for-small\">\n                                                <a title=\"FC Viktoria K\u00f6ln U19\" href=\"https:\/\/www.transfermarkt.de\/fc-viktoria-koln-u19\/startseite\/verein\/10075\" target=\"_blank\" rel=\"noopener\">Vikt. K\u00f6ln U19<\/a>                                            <\/td>\n<\/tr>\n<tr>\n<td class=\"hide-for-small\">\n                                                <img decoding=\"async\" src=\"https:\/\/www.europesays.com\/de\/wp-content\/uploads\/2025\/06\/40.png\" title=\"Deutschland\" alt=\"Deutschland\" class=\"flaggenrahmen\"\/> U19-Bundesliga West                                            <\/td>\n<\/tr>\n<\/td>\n<td class=\"zentriert hide-for-small\">\n                                    01.07.2022                                <\/td>\n<td class=\"zentriert hauptlink\">\n                                    abl\u00f6sefrei                                <\/td>\n<\/tr>\n<tr>\n<td class=\"zentriert hauptlink\">\n                                    22\/23                                <\/td>\n<td>\n<tr>\n<td rowspan=\"2\">\n                                                <img decoding=\"async\" src=\"https:\/\/www.europesays.com\/de\/wp-content\/uploads\/2025\/06\/default.jpg\" title=\"Emre Kovanci\" alt=\"Emre Kovanci\" class=\"bilderrahmen-fixed\"\/>                                            <\/td>\n<td class=\"hauptlink\">\n                                                <a title=\"Emre Kovanci\" href=\"https:\/\/www.transfermarkt.de\/emre-kovanci\/profil\/spieler\/1356643\" target=\"_blank\" rel=\"noopener\">Emre Kovanci<\/a>                                            <\/td>\n<\/tr>\n<tr>\n<td>Zentrales Mittelfeld<\/td>\n<\/tr>\n<\/td>\n<td class=\"zentriert hide-for-small\">\n                                    <img decoding=\"async\" src=\"https:\/\/www.europesays.com\/de\/wp-content\/uploads\/2025\/06\/1750017269_71_40.png\" title=\"Deutschland\" alt=\"Deutschland\" class=\"flaggenrahmen\"\/><br \/><img decoding=\"async\" src=\"https:\/\/www.europesays.com\/de\/wp-content\/uploads\/2025\/06\/174.png\" title=\"T\u00fcrkei\" alt=\"T\u00fcrkei\" class=\"flaggenrahmen\"\/>                                <\/td>\n<td>\n<tr>\n<td rowspan=\"2\" class=\"zentriert\">\n                                                <a title=\"1.FC K\u00f6ln Jugend\" href=\"https:\/\/www.transfermarkt.de\/1-fc-koln-jugend\/startseite\/verein\/11880\" target=\"_blank\" rel=\"noopener\"><img decoding=\"async\" src=\"https:\/\/www.europesays.com\/de\/wp-content\/uploads\/2025\/06\/11880.png\" title=\"1.FC K\u00f6ln Jugend\" alt=\"1.FC K\u00f6ln Jugend\" class=\"tiny_wappen\"\/><\/a>                                            <\/td>\n<td class=\"hauptlink hide-for-small\">\n                                                <a title=\"1.FC K\u00f6ln Jugend\" href=\"https:\/\/www.transfermarkt.de\/1-fc-koln-jugend\/startseite\/verein\/11880\" target=\"_blank\" rel=\"noopener\">1.FC K\u00f6ln Jgd.<\/a>                                            <\/td>\n<\/tr>\n<tr>\n<td class=\"hide-for-small\">\n                                                <img decoding=\"async\" src=\"https:\/\/www.europesays.com\/de\/wp-content\/uploads\/2025\/06\/40.png\" title=\"Deutschland\" alt=\"Deutschland\" class=\"flaggenrahmen\"\/> Deutschland                                            <\/td>\n<\/tr>\n<\/td>\n<td>\n<tr>\n<td rowspan=\"2\" class=\"zentriert\">\n                                                <a title=\"FC Viktoria K\u00f6ln U17\" href=\"https:\/\/www.transfermarkt.de\/fc-viktoria-koln-u17\/startseite\/verein\/34088\" target=\"_blank\" rel=\"noopener\"><img decoding=\"async\" src=\"https:\/\/www.europesays.com\/de\/wp-content\/uploads\/2025\/07\/34088.png\" title=\"FC Viktoria K\u00f6ln U17\" alt=\"FC Viktoria K\u00f6ln U17\" class=\"tiny_wappen\"\/><\/a>                                            <\/td>\n<td class=\"hauptlink hide-for-small\">\n                                                <a title=\"FC Viktoria K\u00f6ln U17\" href=\"https:\/\/www.transfermarkt.de\/fc-viktoria-koln-u17\/startseite\/verein\/34088\" target=\"_blank\" rel=\"noopener\">Vikt. K\u00f6ln U17<\/a>                                            <\/td>\n<\/tr>\n<tr>\n<td class=\"hide-for-small\">\n                                                <img decoding=\"async\" src=\"https:\/\/www.europesays.com\/de\/wp-content\/uploads\/2025\/06\/40.png\" title=\"Deutschland\" alt=\"Deutschland\" class=\"flaggenrahmen\"\/> Deutschland                                            <\/td>\n<\/tr>\n<\/td>\n<td class=\"zentriert hide-for-small\">\n                                    01.07.2022                                <\/td>\n<td class=\"zentriert hauptlink\">\n                                    abl\u00f6sefrei                                <\/td>\n<\/tr>\n<tr>\n<td class=\"zentriert hauptlink\">\n                                    22\/23                                <\/td>\n<td>\n<tr>\n<td rowspan=\"2\">\n                                                <img decoding=\"async\" src=\"https:\/\/www.europesays.com\/de\/wp-content\/uploads\/2025\/06\/default.jpg\" title=\"Ben Dennerlein\" alt=\"Ben Dennerlein\" class=\"bilderrahmen-fixed\"\/>                                            <\/td>\n<td class=\"hauptlink\">\n                                                <a title=\"Ben Dennerlein\" href=\"https:\/\/www.transfermarkt.de\/ben-dennerlein\/profil\/spieler\/795375\" target=\"_blank\" rel=\"noopener\">Ben Dennerlein<\/a>                                            <\/td>\n<\/tr>\n<tr>\n<td>Torwart<\/td>\n<\/tr>\n<\/td>\n<td class=\"zentriert hide-for-small\">\n                                    <img decoding=\"async\" src=\"https:\/\/www.europesays.com\/de\/wp-content\/uploads\/2025\/06\/1750017269_71_40.png\" title=\"Deutschland\" alt=\"Deutschland\" class=\"flaggenrahmen\"\/>                                <\/td>\n<td>\n<tr>\n<td rowspan=\"2\" class=\"zentriert\">\n                                                <a title=\"1.FC K\u00f6ln U17\" href=\"https:\/\/www.transfermarkt.de\/1-fc-koln-u17\/startseite\/verein\/21048\" target=\"_blank\" rel=\"noopener\"><img decoding=\"async\" src=\"https:\/\/www.europesays.com\/de\/wp-content\/uploads\/2025\/06\/21048.png\" title=\"1.FC K\u00f6ln U17\" alt=\"1.FC K\u00f6ln U17\" class=\"tiny_wappen\"\/><\/a>                                            <\/td>\n<td class=\"hauptlink hide-for-small\">\n                                                <a title=\"1.FC K\u00f6ln U17\" href=\"https:\/\/www.transfermarkt.de\/1-fc-koln-u17\/startseite\/verein\/21048\" target=\"_blank\" rel=\"noopener\">1.FC K\u00f6ln U17<\/a>                                            <\/td>\n<\/tr>\n<tr>\n<td class=\"hide-for-small\">\n                                                <img decoding=\"async\" src=\"https:\/\/www.europesays.com\/de\/wp-content\/uploads\/2025\/06\/40.png\" title=\"Deutschland\" alt=\"Deutschland\" class=\"flaggenrahmen\"\/> U17-Bundesliga West                                            <\/td>\n<\/tr>\n<\/td>\n<td>\n<tr>\n<td rowspan=\"2\" class=\"zentriert\">\n                                                <a title=\"FC Viktoria K\u00f6ln U19\" href=\"https:\/\/www.transfermarkt.de\/fc-viktoria-koln-u19\/startseite\/verein\/10075\" target=\"_blank\" rel=\"noopener\"><img decoding=\"async\" src=\"https:\/\/www.europesays.com\/de\/wp-content\/uploads\/2025\/07\/10075.png\" title=\"FC Viktoria K\u00f6ln U19\" alt=\"FC Viktoria K\u00f6ln U19\" class=\"tiny_wappen\"\/><\/a>                                            <\/td>\n<td class=\"hauptlink hide-for-small\">\n                                                <a title=\"FC Viktoria K\u00f6ln U19\" href=\"https:\/\/www.transfermarkt.de\/fc-viktoria-koln-u19\/startseite\/verein\/10075\" target=\"_blank\" rel=\"noopener\">Vikt. K\u00f6ln U19<\/a>                                            <\/td>\n<\/tr>\n<tr>\n<td class=\"hide-for-small\">\n                                                <img decoding=\"async\" src=\"https:\/\/www.europesays.com\/de\/wp-content\/uploads\/2025\/06\/40.png\" title=\"Deutschland\" alt=\"Deutschland\" class=\"flaggenrahmen\"\/> U19-Bundesliga West                                            <\/td>\n<\/tr>\n<\/td>\n<td class=\"zentriert hide-for-small\">\n                                    01.07.2022                                <\/td>\n<td class=\"zentriert hauptlink\">\n                                    abl\u00f6sefrei                                <\/td>\n<\/tr>\n<tr>\n<td class=\"zentriert hauptlink\">\n                                    22\/23                                <\/td>\n<td>\n<tr>\n<td rowspan=\"2\">\n                                                <img decoding=\"async\" src=\"https:\/\/www.europesays.com\/de\/wp-content\/uploads\/2025\/07\/917871-1722242098.jpg\" title=\"Joel Udelhoven\" alt=\"Joel Udelhoven\" class=\"bilderrahmen-fixed\"\/>                                            <\/td>\n<td class=\"hauptlink\">\n                                                <a title=\"Joel Udelhoven\" href=\"https:\/\/www.transfermarkt.de\/joel-udelhoven\/profil\/spieler\/917871\" target=\"_blank\" rel=\"noopener\">Joel Udelhoven<\/a>                                            <\/td>\n<\/tr>\n<tr>\n<td>Defensives Mittelfeld<\/td>\n<\/tr>\n<\/td>\n<td class=\"zentriert hide-for-small\">\n                                    <img decoding=\"async\" src=\"https:\/\/www.europesays.com\/de\/wp-content\/uploads\/2025\/06\/1750017269_71_40.png\" title=\"Deutschland\" alt=\"Deutschland\" class=\"flaggenrahmen\"\/>                                <\/td>\n<td>\n<tr>\n<td rowspan=\"2\" class=\"zentriert\">\n                                                <a title=\"1.FC K\u00f6ln U17\" href=\"https:\/\/www.transfermarkt.de\/1-fc-koln-u17\/startseite\/verein\/21048\" target=\"_blank\" rel=\"noopener\"><img decoding=\"async\" src=\"https:\/\/www.europesays.com\/de\/wp-content\/uploads\/2025\/06\/21048.png\" title=\"1.FC K\u00f6ln U17\" alt=\"1.FC K\u00f6ln U17\" class=\"tiny_wappen\"\/><\/a>                                            <\/td>\n<td class=\"hauptlink hide-for-small\">\n                                                <a title=\"1.FC K\u00f6ln U17\" href=\"https:\/\/www.transfermarkt.de\/1-fc-koln-u17\/startseite\/verein\/21048\" target=\"_blank\" rel=\"noopener\">1.FC K\u00f6ln U17<\/a>                                            <\/td>\n<\/tr>\n<tr>\n<td class=\"hide-for-small\">\n                                                <img decoding=\"async\" src=\"https:\/\/www.europesays.com\/de\/wp-content\/uploads\/2025\/06\/40.png\" title=\"Deutschland\" alt=\"Deutschland\" class=\"flaggenrahmen\"\/> U17-Bundesliga West                                            <\/td>\n<\/tr>\n<\/td>\n<td>\n<tr>\n<td rowspan=\"2\" class=\"zentriert\">\n                                                <a title=\"FC Viktoria K\u00f6ln U19\" href=\"https:\/\/www.transfermarkt.de\/fc-viktoria-koln-u19\/startseite\/verein\/10075\" target=\"_blank\" rel=\"noopener\"><img decoding=\"async\" src=\"https:\/\/www.europesays.com\/de\/wp-content\/uploads\/2025\/07\/10075.png\" title=\"FC Viktoria K\u00f6ln U19\" alt=\"FC Viktoria K\u00f6ln U19\" class=\"tiny_wappen\"\/><\/a>                                            <\/td>\n<td class=\"hauptlink hide-for-small\">\n                                                <a title=\"FC Viktoria K\u00f6ln U19\" href=\"https:\/\/www.transfermarkt.de\/fc-viktoria-koln-u19\/startseite\/verein\/10075\" target=\"_blank\" rel=\"noopener\">Vikt. K\u00f6ln U19<\/a>                                            <\/td>\n<\/tr>\n<tr>\n<td class=\"hide-for-small\">\n                                                <img decoding=\"async\" src=\"https:\/\/www.europesays.com\/de\/wp-content\/uploads\/2025\/06\/40.png\" title=\"Deutschland\" alt=\"Deutschland\" class=\"flaggenrahmen\"\/> U19-Bundesliga West                                            <\/td>\n<\/tr>\n<\/td>\n<td class=\"zentriert hide-for-small\">\n                                    01.07.2022                                <\/td>\n<td class=\"zentriert hauptlink\">\n                                    abl\u00f6sefrei                                <\/td>\n<\/tr>\n<tr>\n<td class=\"zentriert hauptlink\">\n                                    22\/23                                <\/td>\n<td>\n<tr>\n<td rowspan=\"2\">\n                                                <img decoding=\"async\" src=\"https:\/\/www.europesays.com\/de\/wp-content\/uploads\/2025\/07\/1050761-1661347860.jpg\" title=\"Samuel Quainoo\" alt=\"Samuel Quainoo\" class=\"bilderrahmen-fixed\"\/>                                            <\/td>\n<td class=\"hauptlink\">\n                                                <a title=\"Samuel Quainoo\" href=\"https:\/\/www.transfermarkt.de\/samuel-quainoo\/profil\/spieler\/1050761\" target=\"_blank\" rel=\"noopener\">Samuel Quainoo<\/a>                                            <\/td>\n<\/tr>\n<tr>\n<td>Rechtsau\u00dfen<\/td>\n<\/tr>\n<\/td>\n<td class=\"zentriert hide-for-small\">\n                                    <img decoding=\"async\" src=\"https:\/\/www.europesays.com\/de\/wp-content\/uploads\/2025\/06\/135.png\" title=\"Polen\" alt=\"Polen\" class=\"flaggenrahmen\"\/><br \/><img decoding=\"async\" src=\"https:\/\/www.europesays.com\/de\/wp-content\/uploads\/2025\/06\/1750017269_71_40.png\" title=\"Deutschland\" alt=\"Deutschland\" class=\"flaggenrahmen\"\/>                                <\/td>\n<td>\n<tr>\n<td rowspan=\"2\" class=\"zentriert\">\n                                                <a title=\"FC Viktoria K\u00f6ln U17\" href=\"https:\/\/www.transfermarkt.de\/fc-viktoria-koln-u17\/startseite\/verein\/34088\" target=\"_blank\" rel=\"noopener\"><img decoding=\"async\" src=\"https:\/\/www.europesays.com\/de\/wp-content\/uploads\/2025\/07\/34088.png\" title=\"FC Viktoria K\u00f6ln U17\" alt=\"FC Viktoria K\u00f6ln U17\" class=\"tiny_wappen\"\/><\/a>                                            <\/td>\n<td class=\"hauptlink hide-for-small\">\n                                                <a title=\"FC Viktoria K\u00f6ln U17\" href=\"https:\/\/www.transfermarkt.de\/fc-viktoria-koln-u17\/startseite\/verein\/34088\" target=\"_blank\" rel=\"noopener\">Vikt. K\u00f6ln U17<\/a>                                            <\/td>\n<\/tr>\n<tr>\n<td class=\"hide-for-small\">\n                                                <img decoding=\"async\" src=\"https:\/\/www.europesays.com\/de\/wp-content\/uploads\/2025\/06\/40.png\" title=\"Deutschland\" alt=\"Deutschland\" class=\"flaggenrahmen\"\/> Deutschland                                            <\/td>\n<\/tr>\n<\/td>\n<td>\n<tr>\n<td rowspan=\"2\" class=\"zentriert\">\n                                                <a title=\"1.FC K\u00f6ln U17\" href=\"https:\/\/www.transfermarkt.de\/1-fc-koln-u17\/startseite\/verein\/21048\" target=\"_blank\" rel=\"noopener\"><img decoding=\"async\" src=\"https:\/\/www.europesays.com\/de\/wp-content\/uploads\/2025\/06\/21048.png\" title=\"1.FC K\u00f6ln U17\" alt=\"1.FC K\u00f6ln U17\" class=\"tiny_wappen\"\/><\/a>                                            <\/td>\n<td class=\"hauptlink hide-for-small\">\n                                                <a title=\"1.FC K\u00f6ln U17\" href=\"https:\/\/www.transfermarkt.de\/1-fc-koln-u17\/startseite\/verein\/21048\" target=\"_blank\" rel=\"noopener\">1.FC K\u00f6ln U17<\/a>                                            <\/td>\n<\/tr>\n<tr>\n<td class=\"hide-for-small\">\n                                                <img decoding=\"async\" src=\"https:\/\/www.europesays.com\/de\/wp-content\/uploads\/2025\/06\/40.png\" title=\"Deutschland\" alt=\"Deutschland\" class=\"flaggenrahmen\"\/> U17-Bundesliga West                                            <\/td>\n<\/tr>\n<\/td>\n<td class=\"zentriert hide-for-small\">\n                                    01.07.2022                                <\/td>\n<td class=\"zentriert hauptlink\">\n                                    abl\u00f6sefrei                                <\/td>\n<\/tr>\n<tr>\n<td class=\"zentriert hauptlink\">\n                                    22\/23                                <\/td>\n<td>\n<tr>\n<td rowspan=\"2\">\n                                                <img decoding=\"async\" src=\"https:\/\/www.europesays.com\/de\/wp-content\/uploads\/2025\/07\/1141053-1695299061.jpg\" title=\"Jason Ponente-Ramirez\" alt=\"Jason Ponente-Ramirez\" class=\"bilderrahmen-fixed\"\/>                                            <\/td>\n<td class=\"hauptlink\">\n                                                <a title=\"Jason Ponente-Ramirez\" href=\"https:\/\/www.transfermarkt.de\/jason-ponente-ramirez\/profil\/spieler\/1141053\" target=\"_blank\" rel=\"noopener\">Jason Ponente-Ramirez<\/a>                                            <\/td>\n<\/tr>\n<tr>\n<td>Linker Verteidiger<\/td>\n<\/tr>\n<\/td>\n<td class=\"zentriert hide-for-small\">\n                                    <img decoding=\"async\" src=\"https:\/\/www.europesays.com\/de\/wp-content\/uploads\/2025\/06\/75.png\" title=\"Italien\" alt=\"Italien\" class=\"flaggenrahmen\"\/><br \/><img decoding=\"async\" src=\"https:\/\/www.europesays.com\/de\/wp-content\/uploads\/2025\/06\/157.png\" title=\"Spanien\" alt=\"Spanien\" class=\"flaggenrahmen\"\/>                                <\/td>\n<td>\n<tr>\n<td rowspan=\"2\" class=\"zentriert\">\n                                                <a title=\"FC Viktoria K\u00f6ln Jugend\" href=\"https:\/\/www.transfermarkt.de\/fc-viktoria-koln-jugend\/startseite\/verein\/42376\" target=\"_blank\" rel=\"noopener\"><img decoding=\"async\" src=\"https:\/\/www.europesays.com\/de\/wp-content\/uploads\/2025\/07\/42376.png\" title=\"FC Viktoria K\u00f6ln Jugend\" alt=\"FC Viktoria K\u00f6ln Jugend\" class=\"tiny_wappen\"\/><\/a>                                            <\/td>\n<td class=\"hauptlink hide-for-small\">\n                                                <a title=\"FC Viktoria K\u00f6ln Jugend\" href=\"https:\/\/www.transfermarkt.de\/fc-viktoria-koln-jugend\/startseite\/verein\/42376\" target=\"_blank\" rel=\"noopener\">Vikt. K\u00f6ln Jgd.<\/a>                                            <\/td>\n<\/tr>\n<tr>\n<td class=\"hide-for-small\">\n                                                <img decoding=\"async\" src=\"https:\/\/www.europesays.com\/de\/wp-content\/uploads\/2025\/06\/40.png\" title=\"Deutschland\" alt=\"Deutschland\" class=\"flaggenrahmen\"\/> Deutschland                                            <\/td>\n<\/tr>\n<\/td>\n<td>\n<tr>\n<td rowspan=\"2\" class=\"zentriert\">\n                                                <a title=\"1.FC K\u00f6ln Jugend\" href=\"https:\/\/www.transfermarkt.de\/1-fc-koln-jugend\/startseite\/verein\/11880\" target=\"_blank\" rel=\"noopener\"><img decoding=\"async\" src=\"https:\/\/www.europesays.com\/de\/wp-content\/uploads\/2025\/06\/11880.png\" title=\"1.FC K\u00f6ln Jugend\" alt=\"1.FC K\u00f6ln Jugend\" class=\"tiny_wappen\"\/><\/a>                                            <\/td>\n<td class=\"hauptlink hide-for-small\">\n                                                <a title=\"1.FC K\u00f6ln Jugend\" href=\"https:\/\/www.transfermarkt.de\/1-fc-koln-jugend\/startseite\/verein\/11880\" target=\"_blank\" rel=\"noopener\">1.FC K\u00f6ln Jgd.<\/a>                                            <\/td>\n<\/tr>\n<tr>\n<td class=\"hide-for-small\">\n                                                <img decoding=\"async\" src=\"https:\/\/www.europesays.com\/de\/wp-content\/uploads\/2025\/06\/40.png\" title=\"Deutschland\" alt=\"Deutschland\" class=\"flaggenrahmen\"\/> Deutschland                                            <\/td>\n<\/tr>\n<\/td>\n<td class=\"zentriert hide-for-small\">\n                                    01.07.2022                                <\/td>\n<td class=\"zentriert hauptlink\">\n                                    abl\u00f6sefrei                                <\/td>\n<\/tr>\n<tr>\n<td class=\"zentriert hauptlink\">\n                                    22\/23                                <\/td>\n<td>\n<tr>\n<td rowspan=\"2\">\n                                                <img decoding=\"async\" src=\"https:\/\/www.europesays.com\/de\/wp-content\/uploads\/2025\/07\/1190740-1746522361.jpg\" title=\"Leonard Reiners\" alt=\"Leonard Reiners\" class=\"bilderrahmen-fixed\"\/>                                            <\/td>\n<td class=\"hauptlink\">\n                                                <a title=\"Leonard Reiners\" href=\"https:\/\/www.transfermarkt.de\/leonard-reiners\/profil\/spieler\/1190740\" target=\"_blank\" rel=\"noopener\">Leonard Reiners<\/a>                                            <\/td>\n<\/tr>\n<tr>\n<td>Torwart<\/td>\n<\/tr>\n<\/td>\n<td class=\"zentriert hide-for-small\">\n                                    <img decoding=\"async\" src=\"https:\/\/www.europesays.com\/de\/wp-content\/uploads\/2025\/06\/1750017269_71_40.png\" title=\"Deutschland\" alt=\"Deutschland\" class=\"flaggenrahmen\"\/>                                <\/td>\n<td>\n<tr>\n<td rowspan=\"2\" class=\"zentriert\">\n                                                <a title=\"FC Viktoria K\u00f6ln Jugend\" href=\"https:\/\/www.transfermarkt.de\/fc-viktoria-koln-jugend\/startseite\/verein\/42376\" target=\"_blank\" rel=\"noopener\"><img decoding=\"async\" src=\"https:\/\/www.europesays.com\/de\/wp-content\/uploads\/2025\/07\/42376.png\" title=\"FC Viktoria K\u00f6ln Jugend\" alt=\"FC Viktoria K\u00f6ln Jugend\" class=\"tiny_wappen\"\/><\/a>                                            <\/td>\n<td class=\"hauptlink hide-for-small\">\n                                                <a title=\"FC Viktoria K\u00f6ln Jugend\" href=\"https:\/\/www.transfermarkt.de\/fc-viktoria-koln-jugend\/startseite\/verein\/42376\" target=\"_blank\" rel=\"noopener\">Vikt. K\u00f6ln Jgd.<\/a>                                            <\/td>\n<\/tr>\n<tr>\n<td class=\"hide-for-small\">\n                                                <img decoding=\"async\" src=\"https:\/\/www.europesays.com\/de\/wp-content\/uploads\/2025\/06\/40.png\" title=\"Deutschland\" alt=\"Deutschland\" class=\"flaggenrahmen\"\/> Deutschland                                            <\/td>\n<\/tr>\n<\/td>\n<td>\n<tr>\n<td rowspan=\"2\" class=\"zentriert\">\n                                                <a title=\"1.FC K\u00f6ln Jugend\" href=\"https:\/\/www.transfermarkt.de\/1-fc-koln-jugend\/startseite\/verein\/11880\" target=\"_blank\" rel=\"noopener\"><img decoding=\"async\" src=\"https:\/\/www.europesays.com\/de\/wp-content\/uploads\/2025\/06\/11880.png\" title=\"1.FC K\u00f6ln Jugend\" alt=\"1.FC K\u00f6ln Jugend\" class=\"tiny_wappen\"\/><\/a>                                            <\/td>\n<td class=\"hauptlink hide-for-small\">\n                                                <a title=\"1.FC K\u00f6ln Jugend\" href=\"https:\/\/www.transfermarkt.de\/1-fc-koln-jugend\/startseite\/verein\/11880\" target=\"_blank\" rel=\"noopener\">1.FC K\u00f6ln Jgd.<\/a>                                            <\/td>\n<\/tr>\n<tr>\n<td class=\"hide-for-small\">\n                                                <img decoding=\"async\" src=\"https:\/\/www.europesays.com\/de\/wp-content\/uploads\/2025\/06\/40.png\" title=\"Deutschland\" alt=\"Deutschland\" class=\"flaggenrahmen\"\/> Deutschland                                            <\/td>\n<\/tr>\n<\/td>\n<td class=\"zentriert hide-for-small\">\n                                    01.07.2022                                <\/td>\n<td class=\"zentriert hauptlink\">\n                                    abl\u00f6sefrei                                <\/td>\n<\/tr>\n<tr>\n<td class=\"zentriert hauptlink\">\n                                    22\/23                                <\/td>\n<td>\n<tr>\n<td rowspan=\"2\">\n                                                <img decoding=\"async\" src=\"https:\/\/www.europesays.com\/de\/wp-content\/uploads\/2025\/06\/default.jpg\" title=\"Boran Bayrak\" alt=\"Boran Bayrak\" class=\"bilderrahmen-fixed\"\/>                                            <\/td>\n<td class=\"hauptlink\">\n                                                <a title=\"Boran Bayrak\" href=\"https:\/\/www.transfermarkt.de\/boran-bayrak\/profil\/spieler\/1290607\" target=\"_blank\" rel=\"noopener\">Boran Bayrak<\/a>                                            <\/td>\n<\/tr>\n<tr>\n<td>Sturm<\/td>\n<\/tr>\n<\/td>\n<td class=\"zentriert hide-for-small\">\n                                    <img decoding=\"async\" src=\"https:\/\/www.europesays.com\/de\/wp-content\/uploads\/2025\/06\/174.png\" title=\"T\u00fcrkei\" alt=\"T\u00fcrkei\" class=\"flaggenrahmen\"\/>                                <\/td>\n<td>\n<tr>\n<td rowspan=\"2\" class=\"zentriert\">\n                                                <a title=\"FC Viktoria K\u00f6ln Jugend\" href=\"https:\/\/www.transfermarkt.de\/fc-viktoria-koln-jugend\/startseite\/verein\/42376\" target=\"_blank\" rel=\"noopener\"><img decoding=\"async\" src=\"https:\/\/www.europesays.com\/de\/wp-content\/uploads\/2025\/07\/42376.png\" title=\"FC Viktoria K\u00f6ln Jugend\" alt=\"FC Viktoria K\u00f6ln Jugend\" class=\"tiny_wappen\"\/><\/a>                                            <\/td>\n<td class=\"hauptlink hide-for-small\">\n                                                <a title=\"FC Viktoria K\u00f6ln Jugend\" href=\"https:\/\/www.transfermarkt.de\/fc-viktoria-koln-jugend\/startseite\/verein\/42376\" target=\"_blank\" rel=\"noopener\">Vikt. K\u00f6ln Jgd.<\/a>                                            <\/td>\n<\/tr>\n<tr>\n<td class=\"hide-for-small\">\n                                                <img decoding=\"async\" src=\"https:\/\/www.europesays.com\/de\/wp-content\/uploads\/2025\/06\/40.png\" title=\"Deutschland\" alt=\"Deutschland\" class=\"flaggenrahmen\"\/> Deutschland                                            <\/td>\n<\/tr>\n<\/td>\n<td>\n<tr>\n<td rowspan=\"2\" class=\"zentriert\">\n                                                <a title=\"1.FC K\u00f6ln Jugend\" href=\"https:\/\/www.transfermarkt.de\/1-fc-koln-jugend\/startseite\/verein\/11880\" target=\"_blank\" rel=\"noopener\"><img decoding=\"async\" src=\"https:\/\/www.europesays.com\/de\/wp-content\/uploads\/2025\/06\/11880.png\" title=\"1.FC K\u00f6ln Jugend\" alt=\"1.FC K\u00f6ln Jugend\" class=\"tiny_wappen\"\/><\/a>                                            <\/td>\n<td class=\"hauptlink hide-for-small\">\n                                                <a title=\"1.FC K\u00f6ln Jugend\" href=\"https:\/\/www.transfermarkt.de\/1-fc-koln-jugend\/startseite\/verein\/11880\" target=\"_blank\" rel=\"noopener\">1.FC K\u00f6ln Jgd.<\/a>                                            <\/td>\n<\/tr>\n<tr>\n<td class=\"hide-for-small\">\n                                                <img decoding=\"async\" src=\"https:\/\/www.europesays.com\/de\/wp-content\/uploads\/2025\/06\/40.png\" title=\"Deutschland\" alt=\"Deutschland\" class=\"flaggenrahmen\"\/> Deutschland                                            <\/td>\n<\/tr>\n<\/td>\n<td class=\"zentriert hide-for-small\">\n                                    01.07.2022                                <\/td>\n<td class=\"zentriert hauptlink\">\n                                    abl\u00f6sefrei                                <\/td>\n<\/tr>\n<tr>\n<td class=\"zentriert hauptlink\">\n                                    21\/22                                <\/td>\n<td>\n<tr>\n<td rowspan=\"2\">\n                                                <img decoding=\"async\" src=\"https:\/\/www.europesays.com\/de\/wp-content\/uploads\/2025\/06\/default.jpg\" title=\"Lukas Kubek\" alt=\"Lukas Kubek\" class=\"bilderrahmen-fixed\"\/>                                            <\/td>\n<td class=\"hauptlink\">\n                                                <a title=\"Lukas Kubek\" href=\"https:\/\/www.transfermarkt.de\/lukas-kubek\/profil\/spieler\/917914\" target=\"_blank\" rel=\"noopener\">Lukas Kubek<\/a>                                            <\/td>\n<\/tr>\n<tr>\n<td>Defensives Mittelfeld<\/td>\n<\/tr>\n<\/td>\n<td class=\"zentriert hide-for-small\">\n                                    <img decoding=\"async\" src=\"https:\/\/www.europesays.com\/de\/wp-content\/uploads\/2025\/06\/1750017269_71_40.png\" title=\"Deutschland\" alt=\"Deutschland\" class=\"flaggenrahmen\"\/>                                <\/td>\n<td>\n<tr>\n<td rowspan=\"2\" class=\"zentriert\">\n                                                <a title=\"1.FC K\u00f6ln U17\" href=\"https:\/\/www.transfermarkt.de\/1-fc-koln-u17\/startseite\/verein\/21048\" target=\"_blank\" rel=\"noopener\"><img decoding=\"async\" src=\"https:\/\/www.europesays.com\/de\/wp-content\/uploads\/2025\/06\/21048.png\" title=\"1.FC K\u00f6ln U17\" alt=\"1.FC K\u00f6ln U17\" class=\"tiny_wappen\"\/><\/a>                                            <\/td>\n<td class=\"hauptlink hide-for-small\">\n                                                <a title=\"1.FC K\u00f6ln U17\" href=\"https:\/\/www.transfermarkt.de\/1-fc-koln-u17\/startseite\/verein\/21048\" target=\"_blank\" rel=\"noopener\">1.FC K\u00f6ln U17<\/a>                                            <\/td>\n<\/tr>\n<tr>\n<td class=\"hide-for-small\">\n                                                <img decoding=\"async\" src=\"https:\/\/www.europesays.com\/de\/wp-content\/uploads\/2025\/06\/40.png\" title=\"Deutschland\" alt=\"Deutschland\" class=\"flaggenrahmen\"\/> U17-Bundesliga West                                            <\/td>\n<\/tr>\n<\/td>\n<td>\n<tr>\n<td rowspan=\"2\" class=\"zentriert\">\n                                                <a title=\"FC Viktoria K\u00f6ln U17\" href=\"https:\/\/www.transfermarkt.de\/fc-viktoria-koln-u17\/startseite\/verein\/34088\" target=\"_blank\" rel=\"noopener\"><img decoding=\"async\" src=\"https:\/\/www.europesays.com\/de\/wp-content\/uploads\/2025\/07\/34088.png\" title=\"FC Viktoria K\u00f6ln U17\" alt=\"FC Viktoria K\u00f6ln U17\" class=\"tiny_wappen\"\/><\/a>                                            <\/td>\n<td class=\"hauptlink hide-for-small\">\n                                                <a title=\"FC Viktoria K\u00f6ln U17\" href=\"https:\/\/www.transfermarkt.de\/fc-viktoria-koln-u17\/startseite\/verein\/34088\" target=\"_blank\" rel=\"noopener\">Vikt. K\u00f6ln U17<\/a>                                            <\/td>\n<\/tr>\n<tr>\n<td class=\"hide-for-small\">\n                                                <img decoding=\"async\" src=\"https:\/\/www.europesays.com\/de\/wp-content\/uploads\/2025\/06\/40.png\" title=\"Deutschland\" alt=\"Deutschland\" class=\"flaggenrahmen\"\/> Deutschland                                            <\/td>\n<\/tr>\n<\/td>\n<td class=\"zentriert hide-for-small\">\n                                    31.08.2021                                <\/td>\n<td class=\"zentriert hauptlink\">\n                                    abl\u00f6sefrei                                <\/td>\n<\/tr>\n<tr>\n<td class=\"zentriert hauptlink\">\n                                    21\/22                                <\/td>\n<td>\n<tr>\n<td rowspan=\"2\">\n                                                <img decoding=\"async\" src=\"https:\/\/www.europesays.com\/de\/wp-content\/uploads\/2025\/07\/51176-1531736082.jpg\" title=\"Marcel Risse\" alt=\"Marcel Risse\" class=\"bilderrahmen-fixed\"\/>                                            <\/td>\n<td class=\"hauptlink\">\n                                                <a title=\"Marcel Risse\" href=\"https:\/\/www.transfermarkt.de\/marcel-risse\/profil\/spieler\/51176\" target=\"_blank\" rel=\"noopener\">Marcel Risse<\/a>                                            <\/td>\n<\/tr>\n<tr>\n<td>Rechtes Mittelfeld<\/td>\n<\/tr>\n<\/td>\n<td class=\"zentriert hide-for-small\">\n                                    <img decoding=\"async\" src=\"https:\/\/www.europesays.com\/de\/wp-content\/uploads\/2025\/06\/1750017269_71_40.png\" title=\"Deutschland\" alt=\"Deutschland\" class=\"flaggenrahmen\"\/>                                <\/td>\n<td>\n<tr>\n<td rowspan=\"2\" class=\"zentriert\">\n                                                <a title=\"1.FC K\u00f6ln\" href=\"https:\/\/www.transfermarkt.de\/1-fc-koln\/startseite\/verein\/3\" target=\"_blank\" rel=\"noopener\"><img decoding=\"async\" src=\"https:\/\/www.europesays.com\/de\/wp-content\/uploads\/2025\/06\/1751042416_890_3.png\" title=\"1.FC K\u00f6ln\" alt=\"1.FC K\u00f6ln\" class=\"tiny_wappen\"\/><\/a>                                            <\/td>\n<td class=\"hauptlink hide-for-small\">\n                                                <a title=\"1.FC K\u00f6ln\" href=\"https:\/\/www.transfermarkt.de\/1-fc-koln\/startseite\/verein\/3\" target=\"_blank\" rel=\"noopener\">1.FC K\u00f6ln<\/a>                                            <\/td>\n<\/tr>\n<tr>\n<td class=\"hide-for-small\">\n                                                <img decoding=\"async\" src=\"https:\/\/www.europesays.com\/de\/wp-content\/uploads\/2025\/06\/40.png\" title=\"Deutschland\" alt=\"Deutschland\" class=\"flaggenrahmen\"\/> Bundesliga                                            <\/td>\n<\/tr>\n<\/td>\n<td>\n<tr>\n<td rowspan=\"2\" class=\"zentriert\">\n                                                <a title=\"FC Viktoria K\u00f6ln\" href=\"https:\/\/www.transfermarkt.de\/fc-viktoria-koln\/startseite\/verein\/1622\" target=\"_blank\" rel=\"noopener\"><img decoding=\"async\" src=\"https:\/\/www.europesays.com\/de\/wp-content\/uploads\/2025\/07\/1622.png\" title=\"FC Viktoria K\u00f6ln\" alt=\"FC Viktoria K\u00f6ln\" class=\"tiny_wappen\"\/><\/a>                                            <\/td>\n<td class=\"hauptlink hide-for-small\">\n                                                <a title=\"FC Viktoria K\u00f6ln\" href=\"https:\/\/www.transfermarkt.de\/fc-viktoria-koln\/startseite\/verein\/1622\" target=\"_blank\" rel=\"noopener\">Viktoria K\u00f6ln<\/a>                                            <\/td>\n<\/tr>\n<tr>\n<td class=\"hide-for-small\">\n                                                <img decoding=\"async\" src=\"https:\/\/www.europesays.com\/de\/wp-content\/uploads\/2025\/06\/40.png\" title=\"Deutschland\" alt=\"Deutschland\" class=\"flaggenrahmen\"\/> 3. Liga                                            <\/td>\n<\/tr>\n<\/td>\n<td class=\"zentriert hide-for-small\">\n                                    08.07.2021                                <\/td>\n<td class=\"zentriert hauptlink\">\n                                    ?                                <\/td>\n<\/tr>\n<tr>\n<td class=\"zentriert hauptlink\">\n                                    21\/22                                <\/td>\n<td>\n<tr>\n<td rowspan=\"2\">\n                                                <img decoding=\"async\" src=\"https:\/\/www.europesays.com\/de\/wp-content\/uploads\/2025\/07\/696020-1658753813.jpg\" title=\"Ben Hompesch\" alt=\"Ben Hompesch\" class=\"bilderrahmen-fixed\"\/>                                            <\/td>\n<td class=\"hauptlink\">\n                                                <a title=\"Ben Hompesch\" href=\"https:\/\/www.transfermarkt.de\/ben-hompesch\/profil\/spieler\/696020\" target=\"_blank\" rel=\"noopener\">Ben Hompesch<\/a>                                            <\/td>\n<\/tr>\n<tr>\n<td>Linkes Mittelfeld<\/td>\n<\/tr>\n<\/td>\n<td class=\"zentriert hide-for-small\">\n                                    <img decoding=\"async\" src=\"https:\/\/www.europesays.com\/de\/wp-content\/uploads\/2025\/06\/1750017269_71_40.png\" title=\"Deutschland\" alt=\"Deutschland\" class=\"flaggenrahmen\"\/>                                <\/td>\n<td>\n<tr>\n<td rowspan=\"2\" class=\"zentriert\">\n                                                <a title=\"1.FC K\u00f6ln U19\" href=\"https:\/\/www.transfermarkt.de\/1-fc-koln-u19\/startseite\/verein\/1461\" target=\"_blank\" rel=\"noopener\"><img decoding=\"async\" src=\"https:\/\/www.europesays.com\/de\/wp-content\/uploads\/2025\/06\/1461.png\" title=\"1.FC K\u00f6ln U19\" alt=\"1.FC K\u00f6ln U19\" class=\"tiny_wappen\"\/><\/a>                                            <\/td>\n<td class=\"hauptlink hide-for-small\">\n                                                <a title=\"1.FC K\u00f6ln U19\" href=\"https:\/\/www.transfermarkt.de\/1-fc-koln-u19\/startseite\/verein\/1461\" target=\"_blank\" rel=\"noopener\">1.FC K\u00f6ln U19<\/a>                                            <\/td>\n<\/tr>\n<tr>\n<td class=\"hide-for-small\">\n                                                <img decoding=\"async\" src=\"https:\/\/www.europesays.com\/de\/wp-content\/uploads\/2025\/06\/40.png\" title=\"Deutschland\" alt=\"Deutschland\" class=\"flaggenrahmen\"\/> U19-Bundesliga West                                            <\/td>\n<\/tr>\n<\/td>\n<td>\n<tr>\n<td rowspan=\"2\" class=\"zentriert\">\n                                                <a title=\"FC Viktoria K\u00f6ln U19\" href=\"https:\/\/www.transfermarkt.de\/fc-viktoria-koln-u19\/startseite\/verein\/10075\" target=\"_blank\" rel=\"noopener\"><img decoding=\"async\" src=\"https:\/\/www.europesays.com\/de\/wp-content\/uploads\/2025\/07\/10075.png\" title=\"FC Viktoria K\u00f6ln U19\" alt=\"FC Viktoria K\u00f6ln U19\" class=\"tiny_wappen\"\/><\/a>                                            <\/td>\n<td class=\"hauptlink hide-for-small\">\n                                                <a title=\"FC Viktoria K\u00f6ln U19\" href=\"https:\/\/www.transfermarkt.de\/fc-viktoria-koln-u19\/startseite\/verein\/10075\" target=\"_blank\" rel=\"noopener\">Vikt. K\u00f6ln U19<\/a>                                            <\/td>\n<\/tr>\n<tr>\n<td class=\"hide-for-small\">\n                                                <img decoding=\"async\" src=\"https:\/\/www.europesays.com\/de\/wp-content\/uploads\/2025\/06\/40.png\" title=\"Deutschland\" alt=\"Deutschland\" class=\"flaggenrahmen\"\/> U19-Bundesliga West                                            <\/td>\n<\/tr>\n<\/td>\n<td class=\"zentriert hide-for-small\">\n                                    01.07.2021                                <\/td>\n<td class=\"zentriert hauptlink\">\n                                    abl\u00f6sefrei                                <\/td>\n<\/tr>\n<tr>\n<td class=\"zentriert hauptlink\">\n                                    21\/22                                <\/td>\n<td>\n<tr>\n<td rowspan=\"2\">\n                                                <img decoding=\"async\" src=\"https:\/\/www.europesays.com\/de\/wp-content\/uploads\/2025\/06\/default.jpg\" title=\"Enno Lang\" alt=\"Enno Lang\" class=\"bilderrahmen-fixed\"\/>                                            <\/td>\n<td class=\"hauptlink\">\n                                                <a title=\"Enno Lang\" href=\"https:\/\/www.transfermarkt.de\/enno-lang\/profil\/spieler\/1047693\" target=\"_blank\" rel=\"noopener\">Enno Lang<\/a>                                            <\/td>\n<\/tr>\n<tr>\n<td>Innenverteidiger<\/td>\n<\/tr>\n<\/td>\n<td class=\"zentriert hide-for-small\">\n                                    <img decoding=\"async\" src=\"https:\/\/www.europesays.com\/de\/wp-content\/uploads\/2025\/06\/1750017269_71_40.png\" title=\"Deutschland\" alt=\"Deutschland\" class=\"flaggenrahmen\"\/>                                <\/td>\n<td>\n<tr>\n<td rowspan=\"2\" class=\"zentriert\">\n                                                <a title=\"1.FC K\u00f6ln Jugend\" href=\"https:\/\/www.transfermarkt.de\/1-fc-koln-jugend\/startseite\/verein\/11880\" target=\"_blank\" rel=\"noopener\"><img decoding=\"async\" src=\"https:\/\/www.europesays.com\/de\/wp-content\/uploads\/2025\/06\/11880.png\" title=\"1.FC K\u00f6ln Jugend\" alt=\"1.FC K\u00f6ln Jugend\" class=\"tiny_wappen\"\/><\/a>                                            <\/td>\n<td class=\"hauptlink hide-for-small\">\n                                                <a title=\"1.FC K\u00f6ln Jugend\" href=\"https:\/\/www.transfermarkt.de\/1-fc-koln-jugend\/startseite\/verein\/11880\" target=\"_blank\" rel=\"noopener\">1.FC K\u00f6ln Jgd.<\/a>                                            <\/td>\n<\/tr>\n<tr>\n<td class=\"hide-for-small\">\n                                                <img decoding=\"async\" src=\"https:\/\/www.europesays.com\/de\/wp-content\/uploads\/2025\/06\/40.png\" title=\"Deutschland\" alt=\"Deutschland\" class=\"flaggenrahmen\"\/> Deutschland                                            <\/td>\n<\/tr>\n<\/td>\n<td>\n<tr>\n<td rowspan=\"2\" class=\"zentriert\">\n                                                <a title=\"FC Viktoria K\u00f6ln U17\" href=\"https:\/\/www.transfermarkt.de\/fc-viktoria-koln-u17\/startseite\/verein\/34088\" target=\"_blank\" rel=\"noopener\"><img decoding=\"async\" src=\"https:\/\/www.europesays.com\/de\/wp-content\/uploads\/2025\/07\/34088.png\" title=\"FC Viktoria K\u00f6ln U17\" alt=\"FC Viktoria K\u00f6ln U17\" class=\"tiny_wappen\"\/><\/a>                                            <\/td>\n<td class=\"hauptlink hide-for-small\">\n                                                <a title=\"FC Viktoria K\u00f6ln U17\" href=\"https:\/\/www.transfermarkt.de\/fc-viktoria-koln-u17\/startseite\/verein\/34088\" target=\"_blank\" rel=\"noopener\">Vikt. K\u00f6ln U17<\/a>                                            <\/td>\n<\/tr>\n<tr>\n<td class=\"hide-for-small\">\n                                                <img decoding=\"async\" src=\"https:\/\/www.europesays.com\/de\/wp-content\/uploads\/2025\/06\/40.png\" title=\"Deutschland\" alt=\"Deutschland\" class=\"flaggenrahmen\"\/> Deutschland                                            <\/td>\n<\/tr>\n<\/td>\n<td class=\"zentriert hide-for-small\">\n                                    01.07.2021                                <\/td>\n<td class=\"zentriert hauptlink\">\n                                    abl\u00f6sefrei                                <\/td>\n<\/tr>\n<tr>\n<td class=\"zentriert hauptlink\">\n                                    21\/22                                <\/td>\n<td>\n<tr>\n<td rowspan=\"2\">\n                                                <img decoding=\"async\" src=\"https:\/\/www.europesays.com\/de\/wp-content\/uploads\/2025\/07\/1077484-1724997229.jpg\" title=\"Baris Bilgic\" alt=\"Baris Bilgic\" class=\"bilderrahmen-fixed\"\/>                                            <\/td>\n<td class=\"hauptlink\">\n                                                <a title=\"Baris Bilgic\" href=\"https:\/\/www.transfermarkt.de\/baris-bilgic\/profil\/spieler\/1077484\" target=\"_blank\" rel=\"noopener\">Baris Bilgic<\/a>                                            <\/td>\n<\/tr>\n<tr>\n<td>Rechter Verteidiger<\/td>\n<\/tr>\n<\/td>\n<td class=\"zentriert hide-for-small\">\n                                    <img decoding=\"async\" src=\"https:\/\/www.europesays.com\/de\/wp-content\/uploads\/2025\/06\/1750017269_71_40.png\" title=\"Deutschland\" alt=\"Deutschland\" class=\"flaggenrahmen\"\/><br \/><img decoding=\"async\" src=\"https:\/\/www.europesays.com\/de\/wp-content\/uploads\/2025\/06\/174.png\" title=\"T\u00fcrkei\" alt=\"T\u00fcrkei\" class=\"flaggenrahmen\"\/>                                <\/td>\n<td>\n<tr>\n<td rowspan=\"2\" class=\"zentriert\">\n                                                <a title=\"1.FC K\u00f6ln Jugend\" href=\"https:\/\/www.transfermarkt.de\/1-fc-koln-jugend\/startseite\/verein\/11880\" target=\"_blank\" rel=\"noopener\"><img decoding=\"async\" src=\"https:\/\/www.europesays.com\/de\/wp-content\/uploads\/2025\/06\/11880.png\" title=\"1.FC K\u00f6ln Jugend\" alt=\"1.FC K\u00f6ln Jugend\" class=\"tiny_wappen\"\/><\/a>                                            <\/td>\n<td class=\"hauptlink hide-for-small\">\n                                                <a title=\"1.FC K\u00f6ln Jugend\" href=\"https:\/\/www.transfermarkt.de\/1-fc-koln-jugend\/startseite\/verein\/11880\" target=\"_blank\" rel=\"noopener\">1.FC K\u00f6ln Jgd.<\/a>                                            <\/td>\n<\/tr>\n<tr>\n<td class=\"hide-for-small\">\n                                                <img decoding=\"async\" src=\"https:\/\/www.europesays.com\/de\/wp-content\/uploads\/2025\/06\/40.png\" title=\"Deutschland\" alt=\"Deutschland\" class=\"flaggenrahmen\"\/> Deutschland                                            <\/td>\n<\/tr>\n<\/td>\n<td>\n<tr>\n<td rowspan=\"2\" class=\"zentriert\">\n                                                <a title=\"FC Viktoria K\u00f6ln U17\" href=\"https:\/\/www.transfermarkt.de\/fc-viktoria-koln-u17\/startseite\/verein\/34088\" target=\"_blank\" rel=\"noopener\"><img decoding=\"async\" src=\"https:\/\/www.europesays.com\/de\/wp-content\/uploads\/2025\/07\/34088.png\" title=\"FC Viktoria K\u00f6ln U17\" alt=\"FC Viktoria K\u00f6ln U17\" class=\"tiny_wappen\"\/><\/a>                                            <\/td>\n<td class=\"hauptlink hide-for-small\">\n                                                <a title=\"FC Viktoria K\u00f6ln U17\" href=\"https:\/\/www.transfermarkt.de\/fc-viktoria-koln-u17\/startseite\/verein\/34088\" target=\"_blank\" rel=\"noopener\">Vikt. K\u00f6ln U17<\/a>                                            <\/td>\n<\/tr>\n<tr>\n<td class=\"hide-for-small\">\n                                                <img decoding=\"async\" src=\"https:\/\/www.europesays.com\/de\/wp-content\/uploads\/2025\/06\/40.png\" title=\"Deutschland\" alt=\"Deutschland\" class=\"flaggenrahmen\"\/> Deutschland                                            <\/td>\n<\/tr>\n<\/td>\n<td class=\"zentriert hide-for-small\">\n                                    01.07.2021                                <\/td>\n<td class=\"zentriert hauptlink\">\n                                    abl\u00f6sefrei                                <\/td>\n<\/tr>\n<tr>\n<td class=\"zentriert hauptlink\">\n                                    21\/22                                <\/td>\n<td>\n<tr>\n<td rowspan=\"2\">\n                                                <img decoding=\"async\" src=\"https:\/\/www.europesays.com\/de\/wp-content\/uploads\/2025\/07\/795764-1658754455.jpg\" title=\"Luca de Meester\" alt=\"Luca de Meester\" class=\"bilderrahmen-fixed\"\/>                                            <\/td>\n<td class=\"hauptlink\">\n                                                <a title=\"Luca de Meester\" href=\"https:\/\/www.transfermarkt.de\/luca-de-meester\/profil\/spieler\/795764\" target=\"_blank\" rel=\"noopener\">Luca de Meester<\/a>                                            <\/td>\n<\/tr>\n<tr>\n<td>Rechtsau\u00dfen<\/td>\n<\/tr>\n<\/td>\n<td class=\"zentriert hide-for-small\">\n                                    <img decoding=\"async\" src=\"https:\/\/www.europesays.com\/de\/wp-content\/uploads\/2025\/06\/1750017269_71_40.png\" title=\"Deutschland\" alt=\"Deutschland\" class=\"flaggenrahmen\"\/><br \/><img decoding=\"async\" src=\"https:\/\/www.europesays.com\/de\/wp-content\/uploads\/2025\/07\/134.png\" title=\"Philippinen\" alt=\"Philippinen\" class=\"flaggenrahmen\"\/>                                <\/td>\n<td>\n<tr>\n<td rowspan=\"2\" class=\"zentriert\">\n                                                <a title=\"1.FC K\u00f6ln U17\" href=\"https:\/\/www.transfermarkt.de\/1-fc-koln-u17\/startseite\/verein\/21048\" target=\"_blank\" rel=\"noopener\"><img decoding=\"async\" src=\"https:\/\/www.europesays.com\/de\/wp-content\/uploads\/2025\/06\/21048.png\" title=\"1.FC K\u00f6ln U17\" alt=\"1.FC K\u00f6ln U17\" class=\"tiny_wappen\"\/><\/a>                                            <\/td>\n<td class=\"hauptlink hide-for-small\">\n                                                <a title=\"1.FC K\u00f6ln U17\" href=\"https:\/\/www.transfermarkt.de\/1-fc-koln-u17\/startseite\/verein\/21048\" target=\"_blank\" rel=\"noopener\">1.FC K\u00f6ln U17<\/a>                                            <\/td>\n<\/tr>\n<tr>\n<td class=\"hide-for-small\">\n                                                <img decoding=\"async\" src=\"https:\/\/www.europesays.com\/de\/wp-content\/uploads\/2025\/06\/40.png\" title=\"Deutschland\" alt=\"Deutschland\" class=\"flaggenrahmen\"\/> U17-Bundesliga West                                            <\/td>\n<\/tr>\n<\/td>\n<td>\n<tr>\n<td rowspan=\"2\" class=\"zentriert\">\n                                                <a title=\"FC Viktoria K\u00f6ln U19\" href=\"https:\/\/www.transfermarkt.de\/fc-viktoria-koln-u19\/startseite\/verein\/10075\" target=\"_blank\" rel=\"noopener\"><img decoding=\"async\" src=\"https:\/\/www.europesays.com\/de\/wp-content\/uploads\/2025\/07\/10075.png\" title=\"FC Viktoria K\u00f6ln U19\" alt=\"FC Viktoria K\u00f6ln U19\" class=\"tiny_wappen\"\/><\/a>                                            <\/td>\n<td class=\"hauptlink hide-for-small\">\n                                                <a title=\"FC Viktoria K\u00f6ln U19\" href=\"https:\/\/www.transfermarkt.de\/fc-viktoria-koln-u19\/startseite\/verein\/10075\" target=\"_blank\" rel=\"noopener\">Vikt. K\u00f6ln U19<\/a>                                            <\/td>\n<\/tr>\n<tr>\n<td class=\"hide-for-small\">\n                                                <img decoding=\"async\" src=\"https:\/\/www.europesays.com\/de\/wp-content\/uploads\/2025\/06\/40.png\" title=\"Deutschland\" alt=\"Deutschland\" class=\"flaggenrahmen\"\/> U19-Bundesliga West                                            <\/td>\n<\/tr>\n<\/td>\n<td class=\"zentriert hide-for-small\">\n                                    01.07.2021                                <\/td>\n<td class=\"zentriert hauptlink\">\n                                    abl\u00f6sefrei                                <\/td>\n<\/tr>\n<tr>\n<td class=\"zentriert hauptlink\">\n                                    21\/22                                <\/td>\n<td>\n<tr>\n<td rowspan=\"2\">\n                                                <img decoding=\"async\" src=\"https:\/\/www.europesays.com\/de\/wp-content\/uploads\/2025\/06\/default.jpg\" title=\"Daniel Apata-Ayensa\" alt=\"Daniel Apata-Ayensa\" class=\"bilderrahmen-fixed\"\/>                                            <\/td>\n<td class=\"hauptlink\">\n                                                <a title=\"Daniel Apata-Ayensa\" href=\"https:\/\/www.transfermarkt.de\/daniel-apata-ayensa\/profil\/spieler\/1186762\" target=\"_blank\" rel=\"noopener\">Daniel Apata-Ayensa<\/a>                                            <\/td>\n<\/tr>\n<tr>\n<td>Offensives Mittelfeld<\/td>\n<\/tr>\n<\/td>\n<td class=\"zentriert hide-for-small\">\n                                    <img decoding=\"async\" src=\"https:\/\/www.europesays.com\/de\/wp-content\/uploads\/2025\/06\/1750017269_71_40.png\" title=\"Deutschland\" alt=\"Deutschland\" class=\"flaggenrahmen\"\/>                                <\/td>\n<td>\n<tr>\n<td rowspan=\"2\" class=\"zentriert\">\n                                                <a title=\"1.FC K\u00f6ln U17\" href=\"https:\/\/www.transfermarkt.de\/1-fc-koln-u17\/startseite\/verein\/21048\" target=\"_blank\" rel=\"noopener\"><img decoding=\"async\" src=\"https:\/\/www.europesays.com\/de\/wp-content\/uploads\/2025\/06\/21048.png\" title=\"1.FC K\u00f6ln U17\" alt=\"1.FC K\u00f6ln U17\" class=\"tiny_wappen\"\/><\/a>                                            <\/td>\n<td class=\"hauptlink hide-for-small\">\n                                                <a title=\"1.FC K\u00f6ln U17\" href=\"https:\/\/www.transfermarkt.de\/1-fc-koln-u17\/startseite\/verein\/21048\" target=\"_blank\" rel=\"noopener\">1.FC K\u00f6ln U17<\/a>                                            <\/td>\n<\/tr>\n<tr>\n<td class=\"hide-for-small\">\n                                                <img decoding=\"async\" src=\"https:\/\/www.europesays.com\/de\/wp-content\/uploads\/2025\/06\/40.png\" title=\"Deutschland\" alt=\"Deutschland\" class=\"flaggenrahmen\"\/> U17-Bundesliga West                                            <\/td>\n<\/tr>\n<\/td>\n<td>\n<tr>\n<td rowspan=\"2\" class=\"zentriert\">\n                                                <a title=\"FC Viktoria K\u00f6ln U17\" href=\"https:\/\/www.transfermarkt.de\/fc-viktoria-koln-u17\/startseite\/verein\/34088\" target=\"_blank\" rel=\"noopener\"><img decoding=\"async\" src=\"https:\/\/www.europesays.com\/de\/wp-content\/uploads\/2025\/07\/34088.png\" title=\"FC Viktoria K\u00f6ln U17\" alt=\"FC Viktoria K\u00f6ln U17\" class=\"tiny_wappen\"\/><\/a>                                            <\/td>\n<td class=\"hauptlink hide-for-small\">\n                                                <a title=\"FC Viktoria K\u00f6ln U17\" href=\"https:\/\/www.transfermarkt.de\/fc-viktoria-koln-u17\/startseite\/verein\/34088\" target=\"_blank\" rel=\"noopener\">Vikt. K\u00f6ln U17<\/a>                                            <\/td>\n<\/tr>\n<tr>\n<td class=\"hide-for-small\">\n                                                <img decoding=\"async\" src=\"https:\/\/www.europesays.com\/de\/wp-content\/uploads\/2025\/06\/40.png\" title=\"Deutschland\" alt=\"Deutschland\" class=\"flaggenrahmen\"\/> Deutschland                                            <\/td>\n<\/tr>\n<\/td>\n<td class=\"zentriert hide-for-small\">\n                                    01.07.2021                                <\/td>\n<td class=\"zentriert hauptlink\">\n                                    abl\u00f6sefrei                                <\/td>\n<\/tr>\n<tr>\n<td class=\"zentriert hauptlink\">\n                                    20\/21                                <\/td>\n<td>\n<tr>\n<td rowspan=\"2\">\n                                                <img decoding=\"async\" src=\"https:\/\/www.europesays.com\/de\/wp-content\/uploads\/2025\/07\/51176-1531736082.jpg\" title=\"Marcel Risse\" alt=\"Marcel Risse\" class=\"bilderrahmen-fixed\"\/>                                            <\/td>\n<td class=\"hauptlink\">\n                                                <a title=\"Marcel Risse\" href=\"https:\/\/www.transfermarkt.de\/marcel-risse\/profil\/spieler\/51176\" target=\"_blank\" rel=\"noopener\">Marcel Risse<\/a>                                            <\/td>\n<\/tr>\n<tr>\n<td>Rechtes Mittelfeld<\/td>\n<\/tr>\n<\/td>\n<td class=\"zentriert hide-for-small\">\n                                    <img decoding=\"async\" src=\"https:\/\/www.europesays.com\/de\/wp-content\/uploads\/2025\/06\/1750017269_71_40.png\" title=\"Deutschland\" alt=\"Deutschland\" class=\"flaggenrahmen\"\/>                                <\/td>\n<td>\n<tr>\n<td rowspan=\"2\" class=\"zentriert\">\n                                                <a title=\"1.FC K\u00f6ln\" href=\"https:\/\/www.transfermarkt.de\/1-fc-koln\/startseite\/verein\/3\" target=\"_blank\" rel=\"noopener\"><img decoding=\"async\" src=\"https:\/\/www.europesays.com\/de\/wp-content\/uploads\/2025\/06\/1751042416_890_3.png\" title=\"1.FC K\u00f6ln\" alt=\"1.FC K\u00f6ln\" class=\"tiny_wappen\"\/><\/a>                                            <\/td>\n<td class=\"hauptlink hide-for-small\">\n                                                <a title=\"1.FC K\u00f6ln\" href=\"https:\/\/www.transfermarkt.de\/1-fc-koln\/startseite\/verein\/3\" target=\"_blank\" rel=\"noopener\">1.FC K\u00f6ln<\/a>                                            <\/td>\n<\/tr>\n<tr>\n<td class=\"hide-for-small\">\n                                                <img decoding=\"async\" src=\"https:\/\/www.europesays.com\/de\/wp-content\/uploads\/2025\/06\/40.png\" title=\"Deutschland\" alt=\"Deutschland\" class=\"flaggenrahmen\"\/> Bundesliga                                            <\/td>\n<\/tr>\n<\/td>\n<td>\n<tr>\n<td rowspan=\"2\" class=\"zentriert\">\n                                                <a title=\"FC Viktoria K\u00f6ln\" href=\"https:\/\/www.transfermarkt.de\/fc-viktoria-koln\/startseite\/verein\/1622\" target=\"_blank\" rel=\"noopener\"><img decoding=\"async\" src=\"https:\/\/www.europesays.com\/de\/wp-content\/uploads\/2025\/07\/1622.png\" title=\"FC Viktoria K\u00f6ln\" alt=\"FC Viktoria K\u00f6ln\" class=\"tiny_wappen\"\/><\/a>                                            <\/td>\n<td class=\"hauptlink hide-for-small\">\n                                                <a title=\"FC Viktoria K\u00f6ln\" href=\"https:\/\/www.transfermarkt.de\/fc-viktoria-koln\/startseite\/verein\/1622\" target=\"_blank\" rel=\"noopener\">Viktoria K\u00f6ln<\/a>                                            <\/td>\n<\/tr>\n<tr>\n<td class=\"hide-for-small\">\n                                                <img decoding=\"async\" src=\"https:\/\/www.europesays.com\/de\/wp-content\/uploads\/2025\/06\/40.png\" title=\"Deutschland\" alt=\"Deutschland\" class=\"flaggenrahmen\"\/> 3. Liga                                            <\/td>\n<\/tr>\n<\/td>\n<td class=\"zentriert hide-for-small\">\n                                    18.08.2020                                <\/td>\n<td class=\"zentriert hauptlink\">\n                                    Leihe                                <\/td>\n<\/tr>\n<tr>\n<td class=\"zentriert hauptlink\">\n                                    20\/21                                <\/td>\n<td>\n<tr>\n<td rowspan=\"2\">\n                                                <img decoding=\"async\" src=\"https:\/\/www.europesays.com\/de\/wp-content\/uploads\/2025\/07\/984479-1722948343.jpg\" title=\"Zoumana Keita\" alt=\"Zoumana Keita\" class=\"bilderrahmen-fixed\"\/>                                            <\/td>\n<td class=\"hauptlink\">\n                                                <a title=\"Zoumana Keita\" href=\"https:\/\/www.transfermarkt.de\/zoumana-keita\/profil\/spieler\/984479\" target=\"_blank\" rel=\"noopener\">Zoumana Keita<\/a>                                            <\/td>\n<\/tr>\n<tr>\n<td>Innenverteidiger<\/td>\n<\/tr>\n<\/td>\n<td class=\"zentriert hide-for-small\">\n                                    <img decoding=\"async\" src=\"https:\/\/www.europesays.com\/de\/wp-content\/uploads\/2025\/06\/1750017269_71_40.png\" title=\"Deutschland\" alt=\"Deutschland\" class=\"flaggenrahmen\"\/><br \/><img decoding=\"async\" src=\"https:\/\/www.europesays.com\/de\/wp-content\/uploads\/2025\/07\/105.png\" title=\"Mali\" alt=\"Mali\" class=\"flaggenrahmen\"\/>                                <\/td>\n<td>\n<tr>\n<td rowspan=\"2\" class=\"zentriert\">\n                                                <a title=\"1.FC K\u00f6ln Jugend\" href=\"https:\/\/www.transfermarkt.de\/1-fc-koln-jugend\/startseite\/verein\/11880\" target=\"_blank\" rel=\"noopener\"><img decoding=\"async\" src=\"https:\/\/www.europesays.com\/de\/wp-content\/uploads\/2025\/06\/11880.png\" title=\"1.FC K\u00f6ln Jugend\" alt=\"1.FC K\u00f6ln Jugend\" class=\"tiny_wappen\"\/><\/a>                                            <\/td>\n<td class=\"hauptlink hide-for-small\">\n                                                <a title=\"1.FC K\u00f6ln Jugend\" href=\"https:\/\/www.transfermarkt.de\/1-fc-koln-jugend\/startseite\/verein\/11880\" target=\"_blank\" rel=\"noopener\">1.FC K\u00f6ln Jgd.<\/a>                                            <\/td>\n<\/tr>\n<tr>\n<td class=\"hide-for-small\">\n                                                <img decoding=\"async\" src=\"https:\/\/www.europesays.com\/de\/wp-content\/uploads\/2025\/06\/40.png\" title=\"Deutschland\" alt=\"Deutschland\" class=\"flaggenrahmen\"\/> Deutschland                                            <\/td>\n<\/tr>\n<\/td>\n<td>\n<tr>\n<td rowspan=\"2\" class=\"zentriert\">\n                                                <a title=\"FC Viktoria K\u00f6ln Jugend\" href=\"https:\/\/www.transfermarkt.de\/fc-viktoria-koln-jugend\/startseite\/verein\/42376\" target=\"_blank\" rel=\"noopener\"><img decoding=\"async\" src=\"https:\/\/www.europesays.com\/de\/wp-content\/uploads\/2025\/07\/42376.png\" title=\"FC Viktoria K\u00f6ln Jugend\" alt=\"FC Viktoria K\u00f6ln Jugend\" class=\"tiny_wappen\"\/><\/a>                                            <\/td>\n<td class=\"hauptlink hide-for-small\">\n                                                <a title=\"FC Viktoria K\u00f6ln Jugend\" href=\"https:\/\/www.transfermarkt.de\/fc-viktoria-koln-jugend\/startseite\/verein\/42376\" target=\"_blank\" rel=\"noopener\">Vikt. K\u00f6ln Jgd.<\/a>                                            <\/td>\n<\/tr>\n<tr>\n<td class=\"hide-for-small\">\n                                                <img decoding=\"async\" src=\"https:\/\/www.europesays.com\/de\/wp-content\/uploads\/2025\/06\/40.png\" title=\"Deutschland\" alt=\"Deutschland\" class=\"flaggenrahmen\"\/> Deutschland                                            <\/td>\n<\/tr>\n<\/td>\n<td class=\"zentriert hide-for-small\">\n                                    01.07.2020                                <\/td>\n<td class=\"zentriert hauptlink\">\n                                    abl\u00f6sefrei                                <\/td>\n<\/tr>\n<tr>\n<td class=\"zentriert hauptlink\">\n                                    20\/21                                <\/td>\n<td>\n<tr>\n<td rowspan=\"2\">\n                                                <img decoding=\"async\" src=\"https:\/\/www.europesays.com\/de\/wp-content\/uploads\/2025\/06\/default.jpg\" title=\"Lukas Kubek\" alt=\"Lukas Kubek\" class=\"bilderrahmen-fixed\"\/>                                            <\/td>\n<td class=\"hauptlink\">\n                                                <a title=\"Lukas Kubek\" href=\"https:\/\/www.transfermarkt.de\/lukas-kubek\/profil\/spieler\/917914\" target=\"_blank\" rel=\"noopener\">Lukas Kubek<\/a>                                            <\/td>\n<\/tr>\n<tr>\n<td>Defensives Mittelfeld<\/td>\n<\/tr>\n<\/td>\n<td class=\"zentriert hide-for-small\">\n                                    <img decoding=\"async\" src=\"https:\/\/www.europesays.com\/de\/wp-content\/uploads\/2025\/06\/1750017269_71_40.png\" title=\"Deutschland\" alt=\"Deutschland\" class=\"flaggenrahmen\"\/>                                <\/td>\n<td>\n<tr>\n<td rowspan=\"2\" class=\"zentriert\">\n                                                <a title=\"FC Viktoria K\u00f6ln Jugend\" href=\"https:\/\/www.transfermarkt.de\/fc-viktoria-koln-jugend\/startseite\/verein\/42376\" target=\"_blank\" rel=\"noopener\"><img decoding=\"async\" src=\"https:\/\/www.europesays.com\/de\/wp-content\/uploads\/2025\/07\/42376.png\" title=\"FC Viktoria K\u00f6ln Jugend\" alt=\"FC Viktoria K\u00f6ln Jugend\" class=\"tiny_wappen\"\/><\/a>                                            <\/td>\n<td class=\"hauptlink hide-for-small\">\n                                                <a title=\"FC Viktoria K\u00f6ln Jugend\" href=\"https:\/\/www.transfermarkt.de\/fc-viktoria-koln-jugend\/startseite\/verein\/42376\" target=\"_blank\" rel=\"noopener\">Vikt. K\u00f6ln Jgd.<\/a>                                            <\/td>\n<\/tr>\n<tr>\n<td class=\"hide-for-small\">\n                                                <img decoding=\"async\" src=\"https:\/\/www.europesays.com\/de\/wp-content\/uploads\/2025\/06\/40.png\" title=\"Deutschland\" alt=\"Deutschland\" class=\"flaggenrahmen\"\/> Deutschland                                            <\/td>\n<\/tr>\n<\/td>\n<td>\n<tr>\n<td rowspan=\"2\" class=\"zentriert\">\n                                                <a title=\"1.FC K\u00f6ln Jugend\" href=\"https:\/\/www.transfermarkt.de\/1-fc-koln-jugend\/startseite\/verein\/11880\" target=\"_blank\" rel=\"noopener\"><img decoding=\"async\" src=\"https:\/\/www.europesays.com\/de\/wp-content\/uploads\/2025\/06\/11880.png\" title=\"1.FC K\u00f6ln Jugend\" alt=\"1.FC K\u00f6ln Jugend\" class=\"tiny_wappen\"\/><\/a>                                            <\/td>\n<td class=\"hauptlink hide-for-small\">\n                                                <a title=\"1.FC K\u00f6ln Jugend\" href=\"https:\/\/www.transfermarkt.de\/1-fc-koln-jugend\/startseite\/verein\/11880\" target=\"_blank\" rel=\"noopener\">1.FC K\u00f6ln Jgd.<\/a>                                            <\/td>\n<\/tr>\n<tr>\n<td class=\"hide-for-small\">\n                                                <img decoding=\"async\" src=\"https:\/\/www.europesays.com\/de\/wp-content\/uploads\/2025\/06\/40.png\" title=\"Deutschland\" alt=\"Deutschland\" class=\"flaggenrahmen\"\/> Deutschland                                            <\/td>\n<\/tr>\n<\/td>\n<td class=\"zentriert hide-for-small\">\n                                    01.07.2020                                <\/td>\n<td class=\"zentriert hauptlink\">\n                                    abl\u00f6sefrei                                <\/td>\n<\/tr>\n<tr>\n<td class=\"zentriert hauptlink\">\n                                    20\/21                                <\/td>\n<td>\n<tr>\n<td rowspan=\"2\">\n                                                <img decoding=\"async\" src=\"https:\/\/www.europesays.com\/de\/wp-content\/uploads\/2025\/07\/944335-1695300465.jpg\" title=\"Justin von der Hitz\" alt=\"Justin von der Hitz\" class=\"bilderrahmen-fixed\"\/>                                            <\/td>\n<td class=\"hauptlink\">\n                                                <a title=\"Justin von der Hitz\" href=\"https:\/\/www.transfermarkt.de\/justin-von-der-hitz\/profil\/spieler\/944335\" target=\"_blank\" rel=\"noopener\">Justin von der Hitz<\/a>                                            <\/td>\n<\/tr>\n<tr>\n<td>Rechtes Mittelfeld<\/td>\n<\/tr>\n<\/td>\n<td class=\"zentriert hide-for-small\">\n                                    <img decoding=\"async\" src=\"https:\/\/www.europesays.com\/de\/wp-content\/uploads\/2025\/06\/1750017269_71_40.png\" title=\"Deutschland\" alt=\"Deutschland\" class=\"flaggenrahmen\"\/><br \/><img decoding=\"async\" src=\"https:\/\/www.europesays.com\/de\/wp-content\/uploads\/2025\/07\/134.png\" title=\"Philippinen\" alt=\"Philippinen\" class=\"flaggenrahmen\"\/>                                <\/td>\n<td>\n<tr>\n<td rowspan=\"2\" class=\"zentriert\">\n                                                <a title=\"FC Viktoria K\u00f6ln Jugend\" href=\"https:\/\/www.transfermarkt.de\/fc-viktoria-koln-jugend\/startseite\/verein\/42376\" target=\"_blank\" rel=\"noopener\"><img decoding=\"async\" src=\"https:\/\/www.europesays.com\/de\/wp-content\/uploads\/2025\/07\/42376.png\" title=\"FC Viktoria K\u00f6ln Jugend\" alt=\"FC Viktoria K\u00f6ln Jugend\" class=\"tiny_wappen\"\/><\/a>                                            <\/td>\n<td class=\"hauptlink hide-for-small\">\n                                                <a title=\"FC Viktoria K\u00f6ln Jugend\" href=\"https:\/\/www.transfermarkt.de\/fc-viktoria-koln-jugend\/startseite\/verein\/42376\" target=\"_blank\" rel=\"noopener\">Vikt. K\u00f6ln Jgd.<\/a>                                            <\/td>\n<\/tr>\n<tr>\n<td class=\"hide-for-small\">\n                                                <img decoding=\"async\" src=\"https:\/\/www.europesays.com\/de\/wp-content\/uploads\/2025\/06\/40.png\" title=\"Deutschland\" alt=\"Deutschland\" class=\"flaggenrahmen\"\/> Deutschland                                            <\/td>\n<\/tr>\n<\/td>\n<td>\n<tr>\n<td rowspan=\"2\" class=\"zentriert\">\n                                                <a title=\"1.FC K\u00f6ln Jugend\" href=\"https:\/\/www.transfermarkt.de\/1-fc-koln-jugend\/startseite\/verein\/11880\" target=\"_blank\" rel=\"noopener\"><img decoding=\"async\" src=\"https:\/\/www.europesays.com\/de\/wp-content\/uploads\/2025\/06\/11880.png\" title=\"1.FC K\u00f6ln Jugend\" alt=\"1.FC K\u00f6ln Jugend\" class=\"tiny_wappen\"\/><\/a>                                            <\/td>\n<td class=\"hauptlink hide-for-small\">\n                                                <a title=\"1.FC K\u00f6ln Jugend\" href=\"https:\/\/www.transfermarkt.de\/1-fc-koln-jugend\/startseite\/verein\/11880\" target=\"_blank\" rel=\"noopener\">1.FC K\u00f6ln Jgd.<\/a>                                            <\/td>\n<\/tr>\n<tr>\n<td class=\"hide-for-small\">\n                                                <img decoding=\"async\" src=\"https:\/\/www.europesays.com\/de\/wp-content\/uploads\/2025\/06\/40.png\" title=\"Deutschland\" alt=\"Deutschland\" class=\"flaggenrahmen\"\/> Deutschland                                            <\/td>\n<\/tr>\n<\/td>\n<td class=\"zentriert hide-for-small\">\n                                    01.07.2020                                <\/td>\n<td class=\"zentriert hauptlink\">\n                                    abl\u00f6sefrei                                <\/td>\n<\/tr>\n<tr>\n<td class=\"zentriert hauptlink\">\n                                    19\/20                                <\/td>\n<td>\n<tr>\n<td rowspan=\"2\">\n                                                <img decoding=\"async\" src=\"https:\/\/www.europesays.com\/de\/wp-content\/uploads\/2025\/06\/default.jpg\" title=\"Arif Alkan\" alt=\"Arif Alkan\" class=\"bilderrahmen-fixed\"\/>                                            <\/td>\n<td class=\"hauptlink\">\n                                                <a title=\"Arif Alkan\" href=\"https:\/\/www.transfermarkt.de\/arif-alkan\/profil\/spieler\/598568\" target=\"_blank\" rel=\"noopener\">Arif Alkan<\/a>                                            <\/td>\n<\/tr>\n<tr>\n<td>Offensives Mittelfeld<\/td>\n<\/tr>\n<\/td>\n<td class=\"zentriert hide-for-small\">\n                                    <img decoding=\"async\" src=\"https:\/\/www.europesays.com\/de\/wp-content\/uploads\/2025\/06\/1750017269_71_40.png\" title=\"Deutschland\" alt=\"Deutschland\" class=\"flaggenrahmen\"\/><br \/><img decoding=\"async\" src=\"https:\/\/www.europesays.com\/de\/wp-content\/uploads\/2025\/06\/174.png\" title=\"T\u00fcrkei\" alt=\"T\u00fcrkei\" class=\"flaggenrahmen\"\/>                                <\/td>\n<td>\n<tr>\n<td rowspan=\"2\" class=\"zentriert\">\n                                                <a title=\"1.FC K\u00f6ln U19\" href=\"https:\/\/www.transfermarkt.de\/1-fc-koln-u19\/startseite\/verein\/1461\" target=\"_blank\" rel=\"noopener\"><img decoding=\"async\" src=\"https:\/\/www.europesays.com\/de\/wp-content\/uploads\/2025\/06\/1461.png\" title=\"1.FC K\u00f6ln U19\" alt=\"1.FC K\u00f6ln U19\" class=\"tiny_wappen\"\/><\/a>                                            <\/td>\n<td class=\"hauptlink hide-for-small\">\n                                                <a title=\"1.FC K\u00f6ln U19\" href=\"https:\/\/www.transfermarkt.de\/1-fc-koln-u19\/startseite\/verein\/1461\" target=\"_blank\" rel=\"noopener\">1.FC K\u00f6ln U19<\/a>                                            <\/td>\n<\/tr>\n<tr>\n<td class=\"hide-for-small\">\n                                                <img decoding=\"async\" src=\"https:\/\/www.europesays.com\/de\/wp-content\/uploads\/2025\/06\/40.png\" title=\"Deutschland\" alt=\"Deutschland\" class=\"flaggenrahmen\"\/> U19-Bundesliga West                                            <\/td>\n<\/tr>\n<\/td>\n<td>\n<tr>\n<td rowspan=\"2\" class=\"zentriert\">\n                                                <a title=\"FC Viktoria K\u00f6ln U19\" href=\"https:\/\/www.transfermarkt.de\/fc-viktoria-koln-u19\/startseite\/verein\/10075\" target=\"_blank\" rel=\"noopener\"><img decoding=\"async\" src=\"https:\/\/www.europesays.com\/de\/wp-content\/uploads\/2025\/07\/10075.png\" title=\"FC Viktoria K\u00f6ln U19\" alt=\"FC Viktoria K\u00f6ln U19\" class=\"tiny_wappen\"\/><\/a>                                            <\/td>\n<td class=\"hauptlink hide-for-small\">\n                                                <a title=\"FC Viktoria K\u00f6ln U19\" href=\"https:\/\/www.transfermarkt.de\/fc-viktoria-koln-u19\/startseite\/verein\/10075\" target=\"_blank\" rel=\"noopener\">Vikt. K\u00f6ln U19<\/a>                                            <\/td>\n<\/tr>\n<tr>\n<td class=\"hide-for-small\">\n                                                <img decoding=\"async\" src=\"https:\/\/www.europesays.com\/de\/wp-content\/uploads\/2025\/06\/40.png\" title=\"Deutschland\" alt=\"Deutschland\" class=\"flaggenrahmen\"\/> U19-Bundesliga West                                            <\/td>\n<\/tr>\n<\/td>\n<td class=\"zentriert hide-for-small\">\n                                    19.07.2019                                <\/td>\n<td class=\"zentriert hauptlink\">\n                                    abl\u00f6sefrei                                <\/td>\n<\/tr>\n<tr>\n<td class=\"zentriert hauptlink\">\n                                    19\/20                                <\/td>\n<td>\n<tr>\n<td rowspan=\"2\">\n                                                <img decoding=\"async\" src=\"https:\/\/www.europesays.com\/de\/wp-content\/uploads\/2025\/07\/478585-1585770068.jpg\" title=\"Farid Bacevac\" alt=\"Farid Bacevac\" class=\"bilderrahmen-fixed\"\/>                                            <\/td>\n<td class=\"hauptlink\">\n                                                <a title=\"Farid Bacevac\" href=\"https:\/\/www.transfermarkt.de\/farid-bacevac\/profil\/spieler\/478585\" target=\"_blank\" rel=\"noopener\">Farid Bacevac<\/a>                                            <\/td>\n<\/tr>\n<tr>\n<td>Defensives Mittelfeld<\/td>\n<\/tr>\n<\/td>\n<td class=\"zentriert hide-for-small\">\n                                    <img decoding=\"async\" src=\"https:\/\/www.europesays.com\/de\/wp-content\/uploads\/2025\/06\/1751036004_75_24.png\" title=\"Bosnien-Herzegowina\" alt=\"Bosnien-Herzegowina\" class=\"flaggenrahmen\"\/><br \/><img decoding=\"async\" src=\"https:\/\/www.europesays.com\/de\/wp-content\/uploads\/2025\/06\/1750017269_71_40.png\" title=\"Deutschland\" alt=\"Deutschland\" class=\"flaggenrahmen\"\/>                                <\/td>\n<td>\n<tr>\n<td rowspan=\"2\" class=\"zentriert\">\n                                                <a title=\"1.FC K\u00f6ln U19\" href=\"https:\/\/www.transfermarkt.de\/1-fc-koln-u19\/startseite\/verein\/1461\" target=\"_blank\" rel=\"noopener\"><img decoding=\"async\" src=\"https:\/\/www.europesays.com\/de\/wp-content\/uploads\/2025\/06\/1461.png\" title=\"1.FC K\u00f6ln U19\" alt=\"1.FC K\u00f6ln U19\" class=\"tiny_wappen\"\/><\/a>                                            <\/td>\n<td class=\"hauptlink hide-for-small\">\n                                                <a title=\"1.FC K\u00f6ln U19\" href=\"https:\/\/www.transfermarkt.de\/1-fc-koln-u19\/startseite\/verein\/1461\" target=\"_blank\" rel=\"noopener\">1.FC K\u00f6ln U19<\/a>                                            <\/td>\n<\/tr>\n<tr>\n<td class=\"hide-for-small\">\n                                                <img decoding=\"async\" src=\"https:\/\/www.europesays.com\/de\/wp-content\/uploads\/2025\/06\/40.png\" title=\"Deutschland\" alt=\"Deutschland\" class=\"flaggenrahmen\"\/> U19-Bundesliga West                                            <\/td>\n<\/tr>\n<\/td>\n<td>\n<tr>\n<td rowspan=\"2\" class=\"zentriert\">\n                                                <a title=\"FC Viktoria K\u00f6ln U19\" href=\"https:\/\/www.transfermarkt.de\/fc-viktoria-koln-u19\/startseite\/verein\/10075\" target=\"_blank\" rel=\"noopener\"><img decoding=\"async\" src=\"https:\/\/www.europesays.com\/de\/wp-content\/uploads\/2025\/07\/10075.png\" title=\"FC Viktoria K\u00f6ln U19\" alt=\"FC Viktoria K\u00f6ln U19\" class=\"tiny_wappen\"\/><\/a>                                            <\/td>\n<td class=\"hauptlink hide-for-small\">\n                                                <a title=\"FC Viktoria K\u00f6ln U19\" href=\"https:\/\/www.transfermarkt.de\/fc-viktoria-koln-u19\/startseite\/verein\/10075\" target=\"_blank\" rel=\"noopener\">Vikt. K\u00f6ln U19<\/a>                                            <\/td>\n<\/tr>\n<tr>\n<td class=\"hide-for-small\">\n                                                <img decoding=\"async\" src=\"https:\/\/www.europesays.com\/de\/wp-content\/uploads\/2025\/06\/40.png\" title=\"Deutschland\" alt=\"Deutschland\" class=\"flaggenrahmen\"\/> U19-Bundesliga West                                            <\/td>\n<\/tr>\n<\/td>\n<td class=\"zentriert hide-for-small\">\n                                    01.07.2019                                <\/td>\n<td class=\"zentriert hauptlink\">\n                                    abl\u00f6sefrei                                <\/td>\n<\/tr>\n<tr>\n<td class=\"zentriert hauptlink\">\n                                    19\/20                                <\/td>\n<td>\n<tr>\n<td rowspan=\"2\">\n                                                <img decoding=\"async\" src=\"https:\/\/www.europesays.com\/de\/wp-content\/uploads\/2025\/07\/509630-1725258761.jpg\" title=\"Luis M\u00fcller\" alt=\"Luis M\u00fcller\" class=\"bilderrahmen-fixed\"\/>                                            <\/td>\n<td class=\"hauptlink\">\n                                                <a title=\"Luis M\u00fcller\" href=\"https:\/\/www.transfermarkt.de\/luis-muller\/profil\/spieler\/509630\" target=\"_blank\" rel=\"noopener\">Luis M\u00fcller<\/a>                                            <\/td>\n<\/tr>\n<tr>\n<td>Linksau\u00dfen<\/td>\n<\/tr>\n<\/td>\n<td class=\"zentriert hide-for-small\">\n                                    <img decoding=\"async\" src=\"https:\/\/www.europesays.com\/de\/wp-content\/uploads\/2025\/06\/1750017269_71_40.png\" title=\"Deutschland\" alt=\"Deutschland\" class=\"flaggenrahmen\"\/>                                <\/td>\n<td>\n<tr>\n<td rowspan=\"2\" class=\"zentriert\">\n                                                <a title=\"1.FC K\u00f6ln U19\" href=\"https:\/\/www.transfermarkt.de\/1-fc-koln-u19\/startseite\/verein\/1461\" target=\"_blank\" rel=\"noopener\"><img decoding=\"async\" src=\"https:\/\/www.europesays.com\/de\/wp-content\/uploads\/2025\/06\/1461.png\" title=\"1.FC K\u00f6ln U19\" alt=\"1.FC K\u00f6ln U19\" class=\"tiny_wappen\"\/><\/a>                                            <\/td>\n<td class=\"hauptlink hide-for-small\">\n                                                <a title=\"1.FC K\u00f6ln U19\" href=\"https:\/\/www.transfermarkt.de\/1-fc-koln-u19\/startseite\/verein\/1461\" target=\"_blank\" rel=\"noopener\">1.FC K\u00f6ln U19<\/a>                                            <\/td>\n<\/tr>\n<tr>\n<td class=\"hide-for-small\">\n                                                <img decoding=\"async\" src=\"https:\/\/www.europesays.com\/de\/wp-content\/uploads\/2025\/06\/40.png\" title=\"Deutschland\" alt=\"Deutschland\" class=\"flaggenrahmen\"\/> U19-Bundesliga West                                            <\/td>\n<\/tr>\n<\/td>\n<td>\n<tr>\n<td rowspan=\"2\" class=\"zentriert\">\n                                                <a title=\"FC Viktoria K\u00f6ln U19\" href=\"https:\/\/www.transfermarkt.de\/fc-viktoria-koln-u19\/startseite\/verein\/10075\" target=\"_blank\" rel=\"noopener\"><img decoding=\"async\" src=\"https:\/\/www.europesays.com\/de\/wp-content\/uploads\/2025\/07\/10075.png\" title=\"FC Viktoria K\u00f6ln U19\" alt=\"FC Viktoria K\u00f6ln U19\" class=\"tiny_wappen\"\/><\/a>                                            <\/td>\n<td class=\"hauptlink hide-for-small\">\n                                                <a title=\"FC Viktoria K\u00f6ln U19\" href=\"https:\/\/www.transfermarkt.de\/fc-viktoria-koln-u19\/startseite\/verein\/10075\" target=\"_blank\" rel=\"noopener\">Vikt. K\u00f6ln U19<\/a>                                            <\/td>\n<\/tr>\n<tr>\n<td class=\"hide-for-small\">\n                                                <img decoding=\"async\" src=\"https:\/\/www.europesays.com\/de\/wp-content\/uploads\/2025\/06\/40.png\" title=\"Deutschland\" alt=\"Deutschland\" class=\"flaggenrahmen\"\/> U19-Bundesliga West                                            <\/td>\n<\/tr>\n<\/td>\n<td class=\"zentriert hide-for-small\">\n                                    01.07.2019                                <\/td>\n<td class=\"zentriert hauptlink\">\n                                    abl\u00f6sefrei                                <\/td>\n<\/tr>\n<tr>\n<td class=\"zentriert hauptlink\">\n                                    19\/20                                <\/td>\n<td>\n<tr>\n<td rowspan=\"2\">\n                                                <img decoding=\"async\" src=\"https:\/\/www.europesays.com\/de\/wp-content\/uploads\/2025\/06\/default.jpg\" title=\"Dennis Oduro\" alt=\"Dennis Oduro\" class=\"bilderrahmen-fixed\"\/>                                            <\/td>\n<td class=\"hauptlink\">\n                                                <a title=\"Dennis Oduro\" href=\"https:\/\/www.transfermarkt.de\/dennis-oduro\/profil\/spieler\/522086\" target=\"_blank\" rel=\"noopener\">Dennis Oduro<\/a>                                            <\/td>\n<\/tr>\n<tr>\n<td>Defensives Mittelfeld<\/td>\n<\/tr>\n<\/td>\n<td class=\"zentriert hide-for-small\">\n                                    <img decoding=\"async\" src=\"https:\/\/www.europesays.com\/de\/wp-content\/uploads\/2025\/06\/1750017269_71_40.png\" title=\"Deutschland\" alt=\"Deutschland\" class=\"flaggenrahmen\"\/><br \/><img decoding=\"async\" src=\"https:\/\/www.europesays.com\/de\/wp-content\/uploads\/2025\/06\/54.png\" title=\"Ghana\" alt=\"Ghana\" class=\"flaggenrahmen\"\/>                                <\/td>\n<td>\n<tr>\n<td rowspan=\"2\" class=\"zentriert\">\n                                                <a title=\"1.FC K\u00f6ln U19\" href=\"https:\/\/www.transfermarkt.de\/1-fc-koln-u19\/startseite\/verein\/1461\" target=\"_blank\" rel=\"noopener\"><img decoding=\"async\" src=\"https:\/\/www.europesays.com\/de\/wp-content\/uploads\/2025\/06\/1461.png\" title=\"1.FC K\u00f6ln U19\" alt=\"1.FC K\u00f6ln U19\" class=\"tiny_wappen\"\/><\/a>                                            <\/td>\n<td class=\"hauptlink hide-for-small\">\n                                                <a title=\"1.FC K\u00f6ln U19\" href=\"https:\/\/www.transfermarkt.de\/1-fc-koln-u19\/startseite\/verein\/1461\" target=\"_blank\" rel=\"noopener\">1.FC K\u00f6ln U19<\/a>                                            <\/td>\n<\/tr>\n<tr>\n<td class=\"hide-for-small\">\n                                                <img decoding=\"async\" src=\"https:\/\/www.europesays.com\/de\/wp-content\/uploads\/2025\/06\/40.png\" title=\"Deutschland\" alt=\"Deutschland\" class=\"flaggenrahmen\"\/> U19-Bundesliga West                                            <\/td>\n<\/tr>\n<\/td>\n<td>\n<tr>\n<td rowspan=\"2\" class=\"zentriert\">\n                                                <a title=\"FC Viktoria K\u00f6ln U19\" href=\"https:\/\/www.transfermarkt.de\/fc-viktoria-koln-u19\/startseite\/verein\/10075\" target=\"_blank\" rel=\"noopener\"><img decoding=\"async\" src=\"https:\/\/www.europesays.com\/de\/wp-content\/uploads\/2025\/07\/10075.png\" title=\"FC Viktoria K\u00f6ln U19\" alt=\"FC Viktoria K\u00f6ln U19\" class=\"tiny_wappen\"\/><\/a>                                            <\/td>\n<td class=\"hauptlink hide-for-small\">\n                                                <a title=\"FC Viktoria K\u00f6ln U19\" href=\"https:\/\/www.transfermarkt.de\/fc-viktoria-koln-u19\/startseite\/verein\/10075\" target=\"_blank\" rel=\"noopener\">Vikt. K\u00f6ln U19<\/a>                                            <\/td>\n<\/tr>\n<tr>\n<td class=\"hide-for-small\">\n                                                <img decoding=\"async\" src=\"https:\/\/www.europesays.com\/de\/wp-content\/uploads\/2025\/06\/40.png\" title=\"Deutschland\" alt=\"Deutschland\" class=\"flaggenrahmen\"\/> U19-Bundesliga West                                            <\/td>\n<\/tr>\n<\/td>\n<td class=\"zentriert hide-for-small\">\n                                    01.07.2019                                <\/td>\n<td class=\"zentriert hauptlink\">\n                                    abl\u00f6sefrei                                <\/td>\n<\/tr>\n<tr>\n<td class=\"zentriert hauptlink\">\n                                    19\/20                                <\/td>\n<td>\n<tr>\n<td rowspan=\"2\">\n                                                <img decoding=\"async\" src=\"https:\/\/www.europesays.com\/de\/wp-content\/uploads\/2025\/07\/82383-1530814114.jpg\" title=\"Lucas Musculus\" alt=\"Lucas Musculus\" class=\"bilderrahmen-fixed\"\/>                                            <\/td>\n<td class=\"hauptlink\">\n                                                <a title=\"Lucas Musculus\" href=\"https:\/\/www.transfermarkt.de\/lucas-musculus\/profil\/spieler\/82383\" target=\"_blank\" rel=\"noopener\">Lucas Musculus<\/a>                                            <\/td>\n<\/tr>\n<tr>\n<td>Mittelst\u00fcrmer<\/td>\n<\/tr>\n<\/td>\n<td class=\"zentriert hide-for-small\">\n                                    <img decoding=\"async\" src=\"https:\/\/www.europesays.com\/de\/wp-content\/uploads\/2025\/06\/1750017269_71_40.png\" title=\"Deutschland\" alt=\"Deutschland\" class=\"flaggenrahmen\"\/>                                <\/td>\n<td>\n<tr>\n<td rowspan=\"2\" class=\"zentriert\">\n                                                <a title=\"FC Viktoria K\u00f6ln\" href=\"https:\/\/www.transfermarkt.de\/fc-viktoria-koln\/startseite\/verein\/1622\" target=\"_blank\" rel=\"noopener\"><img decoding=\"async\" src=\"https:\/\/www.europesays.com\/de\/wp-content\/uploads\/2025\/07\/1622.png\" title=\"FC Viktoria K\u00f6ln\" alt=\"FC Viktoria K\u00f6ln\" class=\"tiny_wappen\"\/><\/a>                                            <\/td>\n<td class=\"hauptlink hide-for-small\">\n                                                <a title=\"FC Viktoria K\u00f6ln\" href=\"https:\/\/www.transfermarkt.de\/fc-viktoria-koln\/startseite\/verein\/1622\" target=\"_blank\" rel=\"noopener\">Viktoria K\u00f6ln<\/a>                                            <\/td>\n<\/tr>\n<tr>\n<td class=\"hide-for-small\">\n                                                <img decoding=\"async\" src=\"https:\/\/www.europesays.com\/de\/wp-content\/uploads\/2025\/06\/40.png\" title=\"Deutschland\" alt=\"Deutschland\" class=\"flaggenrahmen\"\/> 3. Liga                                            <\/td>\n<\/tr>\n<\/td>\n<td>\n<tr>\n<td rowspan=\"2\" class=\"zentriert\">\n                                                <a title=\"1.FC K\u00f6ln II\" href=\"https:\/\/www.transfermarkt.de\/1-fc-koln-ii\/startseite\/verein\/438\" target=\"_blank\" rel=\"noopener\"><img decoding=\"async\" src=\"https:\/\/www.europesays.com\/de\/wp-content\/uploads\/2025\/06\/438.png\" title=\"1.FC K\u00f6ln II\" alt=\"1.FC K\u00f6ln II\" class=\"tiny_wappen\"\/><\/a>                                            <\/td>\n<td class=\"hauptlink hide-for-small\">\n                                                <a title=\"1.FC K\u00f6ln II\" href=\"https:\/\/www.transfermarkt.de\/1-fc-koln-ii\/startseite\/verein\/438\" target=\"_blank\" rel=\"noopener\">1.FC K\u00f6ln II<\/a>                                            <\/td>\n<\/tr>\n<tr>\n<td class=\"hide-for-small\">\n                                                <img decoding=\"async\" src=\"https:\/\/www.europesays.com\/de\/wp-content\/uploads\/2025\/06\/40.png\" title=\"Deutschland\" alt=\"Deutschland\" class=\"flaggenrahmen\"\/> Regionalliga West                                            <\/td>\n<\/tr>\n<\/td>\n<td class=\"zentriert hide-for-small\">\n                                    01.07.2019                                <\/td>\n<td class=\"zentriert hauptlink\">\n                                    abl\u00f6sefrei                                <\/td>\n<\/tr>\n<tr>\n<td class=\"zentriert hauptlink\">\n                                    19\/20                                <\/td>\n<td>\n<tr>\n<td rowspan=\"2\">\n                                                <img decoding=\"async\" src=\"https:\/\/www.europesays.com\/de\/wp-content\/uploads\/2025\/07\/961941-1661522573.jpg\" title=\"Disimua-Brandon Kanzi\" alt=\"Disimua-Brandon Kanzi\" class=\"bilderrahmen-fixed\"\/>                                            <\/td>\n<td class=\"hauptlink\">\n                                                <a title=\"Disimua-Brandon Kanzi\" href=\"https:\/\/www.transfermarkt.de\/disimua-brandon-kanzi\/profil\/spieler\/961941\" target=\"_blank\" rel=\"noopener\">Disimua-Brandon Kanzi<\/a>                                            <\/td>\n<\/tr>\n<tr>\n<td>Rechter Verteidiger<\/td>\n<\/tr>\n<\/td>\n<td class=\"zentriert hide-for-small\">\n                                    <img decoding=\"async\" src=\"https:\/\/www.europesays.com\/de\/wp-content\/uploads\/2025\/06\/1750017269_71_40.png\" title=\"Deutschland\" alt=\"Deutschland\" class=\"flaggenrahmen\"\/><br \/><img decoding=\"async\" src=\"https:\/\/www.europesays.com\/de\/wp-content\/uploads\/2025\/07\/19.png\" title=\"Belgien\" alt=\"Belgien\" class=\"flaggenrahmen\"\/>                                <\/td>\n<td>\n<tr>\n<td rowspan=\"2\" class=\"zentriert\">\n                                                <a title=\"1.FC K\u00f6ln Jugend\" href=\"https:\/\/www.transfermarkt.de\/1-fc-koln-jugend\/startseite\/verein\/11880\" target=\"_blank\" rel=\"noopener\"><img decoding=\"async\" src=\"https:\/\/www.europesays.com\/de\/wp-content\/uploads\/2025\/06\/11880.png\" title=\"1.FC K\u00f6ln Jugend\" alt=\"1.FC K\u00f6ln Jugend\" class=\"tiny_wappen\"\/><\/a>                                            <\/td>\n<td class=\"hauptlink hide-for-small\">\n                                                <a title=\"1.FC K\u00f6ln Jugend\" href=\"https:\/\/www.transfermarkt.de\/1-fc-koln-jugend\/startseite\/verein\/11880\" target=\"_blank\" rel=\"noopener\">1.FC K\u00f6ln Jgd.<\/a>                                            <\/td>\n<\/tr>\n<tr>\n<td class=\"hide-for-small\">\n                                                <img decoding=\"async\" src=\"https:\/\/www.europesays.com\/de\/wp-content\/uploads\/2025\/06\/40.png\" title=\"Deutschland\" alt=\"Deutschland\" class=\"flaggenrahmen\"\/> Deutschland                                            <\/td>\n<\/tr>\n<\/td>\n<td>\n<tr>\n<td rowspan=\"2\" class=\"zentriert\">\n                                                <a title=\"FC Viktoria K\u00f6ln Jugend\" href=\"https:\/\/www.transfermarkt.de\/fc-viktoria-koln-jugend\/startseite\/verein\/42376\" target=\"_blank\" rel=\"noopener\"><img decoding=\"async\" src=\"https:\/\/www.europesays.com\/de\/wp-content\/uploads\/2025\/07\/42376.png\" title=\"FC Viktoria K\u00f6ln Jugend\" alt=\"FC Viktoria K\u00f6ln Jugend\" class=\"tiny_wappen\"\/><\/a>                                            <\/td>\n<td class=\"hauptlink hide-for-small\">\n                                                <a title=\"FC Viktoria K\u00f6ln Jugend\" href=\"https:\/\/www.transfermarkt.de\/fc-viktoria-koln-jugend\/startseite\/verein\/42376\" target=\"_blank\" rel=\"noopener\">Vikt. K\u00f6ln Jgd.<\/a>                                            <\/td>\n<\/tr>\n<tr>\n<td class=\"hide-for-small\">\n                                                <img decoding=\"async\" src=\"https:\/\/www.europesays.com\/de\/wp-content\/uploads\/2025\/06\/40.png\" title=\"Deutschland\" alt=\"Deutschland\" class=\"flaggenrahmen\"\/> Deutschland                                            <\/td>\n<\/tr>\n<\/td>\n<td class=\"zentriert hide-for-small\">\n                                    01.07.2019                                <\/td>\n<td class=\"zentriert hauptlink\">\n                                    abl\u00f6sefrei                                <\/td>\n<\/tr>\n<tr>\n<td class=\"zentriert hauptlink\">\n                                    19\/20                                <\/td>\n<td>\n<tr>\n<td rowspan=\"2\">\n                                                <img decoding=\"async\" src=\"https:\/\/www.europesays.com\/de\/wp-content\/uploads\/2025\/07\/696014-1695305637.jpg\" title=\"Vladislav Fadeev\" alt=\"Vladislav Fadeev\" class=\"bilderrahmen-fixed\"\/>                                            <\/td>\n<td class=\"hauptlink\">\n                                                <a title=\"Vladislav Fadeev\" href=\"https:\/\/www.transfermarkt.de\/vladislav-fadeev\/profil\/spieler\/696014\" target=\"_blank\" rel=\"noopener\">Vladislav Fadeev<\/a>                                            <\/td>\n<\/tr>\n<tr>\n<td>Offensives Mittelfeld<\/td>\n<\/tr>\n<\/td>\n<td class=\"zentriert hide-for-small\">\n                                    <img decoding=\"async\" src=\"https:\/\/www.europesays.com\/de\/wp-content\/uploads\/2025\/06\/1750017269_71_40.png\" title=\"Deutschland\" alt=\"Deutschland\" class=\"flaggenrahmen\"\/><br \/><img decoding=\"async\" src=\"https:\/\/www.europesays.com\/de\/wp-content\/uploads\/2025\/07\/141.png\" title=\"Russland\" alt=\"Russland\" class=\"flaggenrahmen\"\/>                                <\/td>\n<td>\n<tr>\n<td rowspan=\"2\" class=\"zentriert\">\n                                                <a title=\"FC Viktoria K\u00f6ln U17\" href=\"https:\/\/www.transfermarkt.de\/fc-viktoria-koln-u17\/startseite\/verein\/34088\" target=\"_blank\" rel=\"noopener\"><img decoding=\"async\" src=\"https:\/\/www.europesays.com\/de\/wp-content\/uploads\/2025\/07\/34088.png\" title=\"FC Viktoria K\u00f6ln U17\" alt=\"FC Viktoria K\u00f6ln U17\" class=\"tiny_wappen\"\/><\/a>                                            <\/td>\n<td class=\"hauptlink hide-for-small\">\n                                                <a title=\"FC Viktoria K\u00f6ln U17\" href=\"https:\/\/www.transfermarkt.de\/fc-viktoria-koln-u17\/startseite\/verein\/34088\" target=\"_blank\" rel=\"noopener\">Vikt. K\u00f6ln U17<\/a>                                            <\/td>\n<\/tr>\n<tr>\n<td class=\"hide-for-small\">\n                                                <img decoding=\"async\" src=\"https:\/\/www.europesays.com\/de\/wp-content\/uploads\/2025\/06\/40.png\" title=\"Deutschland\" alt=\"Deutschland\" class=\"flaggenrahmen\"\/> Deutschland                                            <\/td>\n<\/tr>\n<\/td>\n<td>\n<tr>\n<td rowspan=\"2\" class=\"zentriert\">\n                                                <a title=\"1.FC K\u00f6ln U17\" href=\"https:\/\/www.transfermarkt.de\/1-fc-koln-u17\/startseite\/verein\/21048\" target=\"_blank\" rel=\"noopener\"><img decoding=\"async\" src=\"https:\/\/www.europesays.com\/de\/wp-content\/uploads\/2025\/06\/21048.png\" title=\"1.FC K\u00f6ln U17\" alt=\"1.FC K\u00f6ln U17\" class=\"tiny_wappen\"\/><\/a>                                            <\/td>\n<td class=\"hauptlink hide-for-small\">\n                                                <a title=\"1.FC K\u00f6ln U17\" href=\"https:\/\/www.transfermarkt.de\/1-fc-koln-u17\/startseite\/verein\/21048\" target=\"_blank\" rel=\"noopener\">1.FC K\u00f6ln U17<\/a>                                            <\/td>\n<\/tr>\n<tr>\n<td class=\"hide-for-small\">\n                                                <img decoding=\"async\" src=\"https:\/\/www.europesays.com\/de\/wp-content\/uploads\/2025\/06\/40.png\" title=\"Deutschland\" alt=\"Deutschland\" class=\"flaggenrahmen\"\/> U17-Bundesliga West                                            <\/td>\n<\/tr>\n<\/td>\n<td class=\"zentriert hide-for-small\">\n                                    01.07.2019                                <\/td>\n<td class=\"zentriert hauptlink\">\n                                    abl\u00f6sefrei                                <\/td>\n<\/tr>\n<tr>\n<td class=\"zentriert hauptlink\">\n                                    18\/19                                <\/td>\n<td>\n<tr>\n<td rowspan=\"2\">\n                                                <img decoding=\"async\" src=\"https:\/\/www.europesays.com\/de\/wp-content\/uploads\/2025\/06\/default.jpg\" title=\"Martin Stich\" alt=\"Martin Stich\" class=\"bilderrahmen-fixed\"\/>                                            <\/td>\n<td class=\"hauptlink\">\n                                                <a title=\"Martin Stich\" href=\"https:\/\/www.transfermarkt.de\/martin-stich\/profil\/spieler\/369776\" target=\"_blank\" rel=\"noopener\">Martin Stich<\/a>                                            <\/td>\n<\/tr>\n<tr>\n<td>Torwart<\/td>\n<\/tr>\n<\/td>\n<td class=\"zentriert hide-for-small\">\n                                    <img decoding=\"async\" src=\"https:\/\/www.europesays.com\/de\/wp-content\/uploads\/2025\/06\/1750017269_71_40.png\" title=\"Deutschland\" alt=\"Deutschland\" class=\"flaggenrahmen\"\/>                                <\/td>\n<td>\n<tr>\n<td rowspan=\"2\" class=\"zentriert\">\n                                                <a title=\"1.FC K\u00f6ln U19\" href=\"https:\/\/www.transfermarkt.de\/1-fc-koln-u19\/startseite\/verein\/1461\" target=\"_blank\" rel=\"noopener\"><img decoding=\"async\" src=\"https:\/\/www.europesays.com\/de\/wp-content\/uploads\/2025\/06\/1461.png\" title=\"1.FC K\u00f6ln U19\" alt=\"1.FC K\u00f6ln U19\" class=\"tiny_wappen\"\/><\/a>                                            <\/td>\n<td class=\"hauptlink hide-for-small\">\n                                                <a title=\"1.FC K\u00f6ln U19\" href=\"https:\/\/www.transfermarkt.de\/1-fc-koln-u19\/startseite\/verein\/1461\" target=\"_blank\" rel=\"noopener\">1.FC K\u00f6ln U19<\/a>                                            <\/td>\n<\/tr>\n<tr>\n<td class=\"hide-for-small\">\n                                                <img decoding=\"async\" src=\"https:\/\/www.europesays.com\/de\/wp-content\/uploads\/2025\/06\/40.png\" title=\"Deutschland\" alt=\"Deutschland\" class=\"flaggenrahmen\"\/> U19-Bundesliga West                                            <\/td>\n<\/tr>\n<\/td>\n<td>\n<tr>\n<td rowspan=\"2\" class=\"zentriert\">\n                                                <a title=\"FC Viktoria K\u00f6ln U19\" href=\"https:\/\/www.transfermarkt.de\/fc-viktoria-koln-u19\/startseite\/verein\/10075\" target=\"_blank\" rel=\"noopener\"><img decoding=\"async\" src=\"https:\/\/www.europesays.com\/de\/wp-content\/uploads\/2025\/07\/10075.png\" title=\"FC Viktoria K\u00f6ln U19\" alt=\"FC Viktoria K\u00f6ln U19\" class=\"tiny_wappen\"\/><\/a>                                            <\/td>\n<td class=\"hauptlink hide-for-small\">\n                                                <a title=\"FC Viktoria K\u00f6ln U19\" href=\"https:\/\/www.transfermarkt.de\/fc-viktoria-koln-u19\/startseite\/verein\/10075\" target=\"_blank\" rel=\"noopener\">Vikt. K\u00f6ln U19<\/a>                                            <\/td>\n<\/tr>\n<tr>\n<td class=\"hide-for-small\">\n                                                <img decoding=\"async\" src=\"https:\/\/www.europesays.com\/de\/wp-content\/uploads\/2025\/06\/40.png\" title=\"Deutschland\" alt=\"Deutschland\" class=\"flaggenrahmen\"\/> Deutschland                                            <\/td>\n<\/tr>\n<\/td>\n<td class=\"zentriert hide-for-small\">\n                                    28.07.2018                                <\/td>\n<td class=\"zentriert hauptlink\">\n                                    abl\u00f6sefrei                                <\/td>\n<\/tr>\n<tr>\n<td class=\"zentriert hauptlink\">\n                                    18\/19                                <\/td>\n<td>\n<tr>\n<td rowspan=\"2\">\n                                                <img decoding=\"async\" src=\"https:\/\/www.europesays.com\/de\/wp-content\/uploads\/2025\/07\/467558-1688707865.jpg\" title=\"Luca Wilsing\" alt=\"Luca Wilsing\" class=\"bilderrahmen-fixed\"\/>                                            <\/td>\n<td class=\"hauptlink\">\n                                                <a title=\"Luca Wilsing\" href=\"https:\/\/www.transfermarkt.de\/luca-wilsing\/profil\/spieler\/467558\" target=\"_blank\" rel=\"noopener\">Luca Wilsing<\/a>                                            <\/td>\n<\/tr>\n<tr>\n<td>Torwart<\/td>\n<\/tr>\n<\/td>\n<td class=\"zentriert hide-for-small\">\n                                    <img decoding=\"async\" src=\"https:\/\/www.europesays.com\/de\/wp-content\/uploads\/2025\/06\/1750017269_71_40.png\" title=\"Deutschland\" alt=\"Deutschland\" class=\"flaggenrahmen\"\/>                                <\/td>\n<td>\n<tr>\n<td rowspan=\"2\" class=\"zentriert\">\n                                                <a title=\"1.FC K\u00f6ln U17\" href=\"https:\/\/www.transfermarkt.de\/1-fc-koln-u17\/startseite\/verein\/21048\" target=\"_blank\" rel=\"noopener\"><img decoding=\"async\" src=\"https:\/\/www.europesays.com\/de\/wp-content\/uploads\/2025\/06\/21048.png\" title=\"1.FC K\u00f6ln U17\" alt=\"1.FC K\u00f6ln U17\" class=\"tiny_wappen\"\/><\/a>                                            <\/td>\n<td class=\"hauptlink hide-for-small\">\n                                                <a title=\"1.FC K\u00f6ln U17\" href=\"https:\/\/www.transfermarkt.de\/1-fc-koln-u17\/startseite\/verein\/21048\" target=\"_blank\" rel=\"noopener\">1.FC K\u00f6ln U17<\/a>                                            <\/td>\n<\/tr>\n<tr>\n<td class=\"hide-for-small\">\n                                                <img decoding=\"async\" src=\"https:\/\/www.europesays.com\/de\/wp-content\/uploads\/2025\/06\/40.png\" title=\"Deutschland\" alt=\"Deutschland\" class=\"flaggenrahmen\"\/> U17-Bundesliga West                                            <\/td>\n<\/tr>\n<\/td>\n<td>\n<tr>\n<td rowspan=\"2\" class=\"zentriert\">\n                                                <a title=\"FC Viktoria K\u00f6ln U19\" href=\"https:\/\/www.transfermarkt.de\/fc-viktoria-koln-u19\/startseite\/verein\/10075\" target=\"_blank\" rel=\"noopener\"><img decoding=\"async\" src=\"https:\/\/www.europesays.com\/de\/wp-content\/uploads\/2025\/07\/10075.png\" title=\"FC Viktoria K\u00f6ln U19\" alt=\"FC Viktoria K\u00f6ln U19\" class=\"tiny_wappen\"\/><\/a>                                            <\/td>\n<td class=\"hauptlink hide-for-small\">\n                                                <a title=\"FC Viktoria K\u00f6ln U19\" href=\"https:\/\/www.transfermarkt.de\/fc-viktoria-koln-u19\/startseite\/verein\/10075\" target=\"_blank\" rel=\"noopener\">Vikt. K\u00f6ln U19<\/a>                                            <\/td>\n<\/tr>\n<tr>\n<td class=\"hide-for-small\">\n                                                <img decoding=\"async\" src=\"https:\/\/www.europesays.com\/de\/wp-content\/uploads\/2025\/06\/40.png\" title=\"Deutschland\" alt=\"Deutschland\" class=\"flaggenrahmen\"\/> Deutschland                                            <\/td>\n<\/tr>\n<\/td>\n<td class=\"zentriert hide-for-small\">\n                                    25.07.2018                                <\/td>\n<td class=\"zentriert hauptlink\">\n                                    abl\u00f6sefrei                                <\/td>\n<\/tr>\n<tr>\n<td class=\"zentriert hauptlink\">\n                                    18\/19                                <\/td>\n<td>\n<tr>\n<td rowspan=\"2\">\n                                                <img decoding=\"async\" src=\"https:\/\/www.europesays.com\/de\/wp-content\/uploads\/2025\/07\/45275-1660561167.jpg\" title=\"Lukas Nottbeck\" alt=\"Lukas Nottbeck\" class=\"bilderrahmen-fixed\"\/>                                            <\/td>\n<td class=\"hauptlink\">\n                                                <a title=\"Lukas Nottbeck\" href=\"https:\/\/www.transfermarkt.de\/lukas-nottbeck\/profil\/spieler\/45275\" target=\"_blank\" rel=\"noopener\">Lukas Nottbeck<\/a>                                            <\/td>\n<\/tr>\n<tr>\n<td>Mittelfeld<\/td>\n<\/tr>\n<\/td>\n<td class=\"zentriert hide-for-small\">\n                                    <img decoding=\"async\" src=\"https:\/\/www.europesays.com\/de\/wp-content\/uploads\/2025\/06\/1750017269_71_40.png\" title=\"Deutschland\" alt=\"Deutschland\" class=\"flaggenrahmen\"\/>                                <\/td>\n<td>\n<tr>\n<td rowspan=\"2\" class=\"zentriert\">\n                                                <a title=\"FC Viktoria K\u00f6ln\" href=\"https:\/\/www.transfermarkt.de\/fc-viktoria-koln\/startseite\/verein\/1622\" target=\"_blank\" rel=\"noopener\"><img decoding=\"async\" src=\"https:\/\/www.europesays.com\/de\/wp-content\/uploads\/2025\/07\/1622.png\" title=\"FC Viktoria K\u00f6ln\" alt=\"FC Viktoria K\u00f6ln\" class=\"tiny_wappen\"\/><\/a>                                            <\/td>\n<td class=\"hauptlink hide-for-small\">\n                                                <a title=\"FC Viktoria K\u00f6ln\" href=\"https:\/\/www.transfermarkt.de\/fc-viktoria-koln\/startseite\/verein\/1622\" target=\"_blank\" rel=\"noopener\">Viktoria K\u00f6ln<\/a>                                            <\/td>\n<\/tr>\n<tr>\n<td class=\"hide-for-small\">\n                                                <img decoding=\"async\" src=\"https:\/\/www.europesays.com\/de\/wp-content\/uploads\/2025\/06\/40.png\" title=\"Deutschland\" alt=\"Deutschland\" class=\"flaggenrahmen\"\/> Regionalliga West                                            <\/td>\n<\/tr>\n<\/td>\n<td>\n<tr>\n<td rowspan=\"2\" class=\"zentriert\">\n                                                <a title=\"1.FC K\u00f6ln II\" href=\"https:\/\/www.transfermarkt.de\/1-fc-koln-ii\/startseite\/verein\/438\" target=\"_blank\" rel=\"noopener\"><img decoding=\"async\" src=\"https:\/\/www.europesays.com\/de\/wp-content\/uploads\/2025\/06\/438.png\" title=\"1.FC K\u00f6ln II\" alt=\"1.FC K\u00f6ln II\" class=\"tiny_wappen\"\/><\/a>                                            <\/td>\n<td class=\"hauptlink hide-for-small\">\n                                                <a title=\"1.FC K\u00f6ln II\" href=\"https:\/\/www.transfermarkt.de\/1-fc-koln-ii\/startseite\/verein\/438\" target=\"_blank\" rel=\"noopener\">1.FC K\u00f6ln II<\/a>                                            <\/td>\n<\/tr>\n<tr>\n<td class=\"hide-for-small\">\n                                                <img decoding=\"async\" src=\"https:\/\/www.europesays.com\/de\/wp-content\/uploads\/2025\/06\/40.png\" title=\"Deutschland\" alt=\"Deutschland\" class=\"flaggenrahmen\"\/> Regionalliga West                                            <\/td>\n<\/tr>\n<\/td>\n<td class=\"zentriert hide-for-small\">\n                                    01.07.2018                                <\/td>\n<td class=\"zentriert hauptlink\">\n                                    abl\u00f6sefrei                                <\/td>\n<\/tr>\n<tr>\n<td class=\"zentriert hauptlink\">\n                                    18\/19                                <\/td>\n<td>\n<tr>\n<td rowspan=\"2\">\n                                                <img decoding=\"async\" src=\"https:\/\/www.europesays.com\/de\/wp-content\/uploads\/2025\/07\/701399-1693421328.jpg\" title=\"Aldin Dervisevic\" alt=\"Aldin Dervisevic\" class=\"bilderrahmen-fixed\"\/>                                            <\/td>\n<td class=\"hauptlink\">\n                                                <a title=\"Aldin Dervisevic\" href=\"https:\/\/www.transfermarkt.de\/aldin-dervisevic\/profil\/spieler\/701399\" target=\"_blank\" rel=\"noopener\">Aldin Dervisevic<\/a>                                            <\/td>\n<\/tr>\n<tr>\n<td>Innenverteidiger<\/td>\n<\/tr>\n<\/td>\n<td class=\"zentriert hide-for-small\">\n                                    <img decoding=\"async\" src=\"https:\/\/www.europesays.com\/de\/wp-content\/uploads\/2025\/06\/1750017269_71_40.png\" title=\"Deutschland\" alt=\"Deutschland\" class=\"flaggenrahmen\"\/><br \/><img decoding=\"async\" src=\"https:\/\/www.europesays.com\/de\/wp-content\/uploads\/2025\/06\/1751036004_75_24.png\" title=\"Bosnien-Herzegowina\" alt=\"Bosnien-Herzegowina\" class=\"flaggenrahmen\"\/>                                <\/td>\n<td>\n<tr>\n<td rowspan=\"2\" class=\"zentriert\">\n                                                <a title=\"1.FC K\u00f6ln Jugend\" href=\"https:\/\/www.transfermarkt.de\/1-fc-koln-jugend\/startseite\/verein\/11880\" target=\"_blank\" rel=\"noopener\"><img decoding=\"async\" src=\"https:\/\/www.europesays.com\/de\/wp-content\/uploads\/2025\/06\/11880.png\" title=\"1.FC K\u00f6ln Jugend\" alt=\"1.FC K\u00f6ln Jugend\" class=\"tiny_wappen\"\/><\/a>                                            <\/td>\n<td class=\"hauptlink hide-for-small\">\n                                                <a title=\"1.FC K\u00f6ln Jugend\" href=\"https:\/\/www.transfermarkt.de\/1-fc-koln-jugend\/startseite\/verein\/11880\" target=\"_blank\" rel=\"noopener\">1.FC K\u00f6ln Jgd.<\/a>                                            <\/td>\n<\/tr>\n<tr>\n<td class=\"hide-for-small\">\n                                                <img decoding=\"async\" src=\"https:\/\/www.europesays.com\/de\/wp-content\/uploads\/2025\/06\/40.png\" title=\"Deutschland\" alt=\"Deutschland\" class=\"flaggenrahmen\"\/> Deutschland                                            <\/td>\n<\/tr>\n<\/td>\n<td>\n<tr>\n<td rowspan=\"2\" class=\"zentriert\">\n                                                <a title=\"FC Viktoria K\u00f6ln U17\" href=\"https:\/\/www.transfermarkt.de\/fc-viktoria-koln-u17\/startseite\/verein\/34088\" target=\"_blank\" rel=\"noopener\"><img decoding=\"async\" src=\"https:\/\/www.europesays.com\/de\/wp-content\/uploads\/2025\/07\/34088.png\" title=\"FC Viktoria K\u00f6ln U17\" alt=\"FC Viktoria K\u00f6ln U17\" class=\"tiny_wappen\"\/><\/a>                                            <\/td>\n<td class=\"hauptlink hide-for-small\">\n                                                <a title=\"FC Viktoria K\u00f6ln U17\" href=\"https:\/\/www.transfermarkt.de\/fc-viktoria-koln-u17\/startseite\/verein\/34088\" target=\"_blank\" rel=\"noopener\">Vikt. K\u00f6ln U17<\/a>                                            <\/td>\n<\/tr>\n<tr>\n<td class=\"hide-for-small\">\n                                                <img decoding=\"async\" src=\"https:\/\/www.europesays.com\/de\/wp-content\/uploads\/2025\/06\/40.png\" title=\"Deutschland\" alt=\"Deutschland\" class=\"flaggenrahmen\"\/> Deutschland                                            <\/td>\n<\/tr>\n<\/td>\n<td class=\"zentriert hide-for-small\">\n                                    01.07.2018                                <\/td>\n<td class=\"zentriert hauptlink\">\n                                    abl\u00f6sefrei                                <\/td>\n<\/tr>\n<tr>\n<td class=\"zentriert hauptlink\">\n                                    18\/19                                <\/td>\n<td>\n<tr>\n<td rowspan=\"2\">\n                                                <img decoding=\"async\" src=\"https:\/\/www.europesays.com\/de\/wp-content\/uploads\/2025\/06\/default.jpg\" title=\"Okan D\u00f6nmez\" alt=\"Okan D\u00f6nmez\" class=\"bilderrahmen-fixed\"\/>                                            <\/td>\n<td class=\"hauptlink\">\n                                                <a title=\"Okan D\u00f6nmez\" href=\"https:\/\/www.transfermarkt.de\/okan-donmez\/profil\/spieler\/522076\" target=\"_blank\" rel=\"noopener\">Okan D\u00f6nmez<\/a>                                            <\/td>\n<\/tr>\n<tr>\n<td>Rechtsau\u00dfen<\/td>\n<\/tr>\n<\/td>\n<td class=\"zentriert hide-for-small\">\n                                    <img decoding=\"async\" src=\"https:\/\/www.europesays.com\/de\/wp-content\/uploads\/2025\/06\/1750017269_71_40.png\" title=\"Deutschland\" alt=\"Deutschland\" class=\"flaggenrahmen\"\/>                                <\/td>\n<td>\n<tr>\n<td rowspan=\"2\" class=\"zentriert\">\n                                                <a title=\"1.FC K\u00f6ln U17\" href=\"https:\/\/www.transfermarkt.de\/1-fc-koln-u17\/startseite\/verein\/21048\" target=\"_blank\" rel=\"noopener\"><img decoding=\"async\" src=\"https:\/\/www.europesays.com\/de\/wp-content\/uploads\/2025\/06\/21048.png\" title=\"1.FC K\u00f6ln U17\" alt=\"1.FC K\u00f6ln U17\" class=\"tiny_wappen\"\/><\/a>                                            <\/td>\n<td class=\"hauptlink hide-for-small\">\n                                                <a title=\"1.FC K\u00f6ln U17\" href=\"https:\/\/www.transfermarkt.de\/1-fc-koln-u17\/startseite\/verein\/21048\" target=\"_blank\" rel=\"noopener\">1.FC K\u00f6ln U17<\/a>                                            <\/td>\n<\/tr>\n<tr>\n<td class=\"hide-for-small\">\n                                                <img decoding=\"async\" src=\"https:\/\/www.europesays.com\/de\/wp-content\/uploads\/2025\/06\/40.png\" title=\"Deutschland\" alt=\"Deutschland\" class=\"flaggenrahmen\"\/> U17-Bundesliga West                                            <\/td>\n<\/tr>\n<\/td>\n<td>\n<tr>\n<td rowspan=\"2\" class=\"zentriert\">\n                                                <a title=\"FC Viktoria K\u00f6ln U19\" href=\"https:\/\/www.transfermarkt.de\/fc-viktoria-koln-u19\/startseite\/verein\/10075\" target=\"_blank\" rel=\"noopener\"><img decoding=\"async\" src=\"https:\/\/www.europesays.com\/de\/wp-content\/uploads\/2025\/07\/10075.png\" title=\"FC Viktoria K\u00f6ln U19\" alt=\"FC Viktoria K\u00f6ln U19\" class=\"tiny_wappen\"\/><\/a>                                            <\/td>\n<td class=\"hauptlink hide-for-small\">\n                                                <a title=\"FC Viktoria K\u00f6ln U19\" href=\"https:\/\/www.transfermarkt.de\/fc-viktoria-koln-u19\/startseite\/verein\/10075\" target=\"_blank\" rel=\"noopener\">Vikt. K\u00f6ln U19<\/a>                                            <\/td>\n<\/tr>\n<tr>\n<td class=\"hide-for-small\">\n                                                <img decoding=\"async\" src=\"https:\/\/www.europesays.com\/de\/wp-content\/uploads\/2025\/06\/40.png\" title=\"Deutschland\" alt=\"Deutschland\" class=\"flaggenrahmen\"\/> Deutschland                                            <\/td>\n<\/tr>\n<\/td>\n<td class=\"zentriert hide-for-small\">\n                                    01.07.2018                                <\/td>\n<td class=\"zentriert hauptlink\">\n                                    abl\u00f6sefrei                                <\/td>\n<\/tr>\n<tr>\n<td class=\"zentriert hauptlink\">\n                                    18\/19                                <\/td>\n<td>\n<tr>\n<td rowspan=\"2\">\n                                                <img decoding=\"async\" src=\"https:\/\/www.europesays.com\/de\/wp-content\/uploads\/2025\/06\/default.jpg\" title=\"Dustin Berndt\" alt=\"Dustin Berndt\" class=\"bilderrahmen-fixed\"\/>                                            <\/td>\n<td class=\"hauptlink\">\n                                                <a title=\"Dustin Berndt\" href=\"https:\/\/www.transfermarkt.de\/dustin-berndt\/profil\/spieler\/522079\" target=\"_blank\" rel=\"noopener\">Dustin Berndt<\/a>                                            <\/td>\n<\/tr>\n<tr>\n<td>Defensives Mittelfeld<\/td>\n<\/tr>\n<\/td>\n<td class=\"zentriert hide-for-small\">\n                                    <img decoding=\"async\" src=\"https:\/\/www.europesays.com\/de\/wp-content\/uploads\/2025\/06\/1750017269_71_40.png\" title=\"Deutschland\" alt=\"Deutschland\" class=\"flaggenrahmen\"\/>                                <\/td>\n<td>\n<tr>\n<td rowspan=\"2\" class=\"zentriert\">\n                                                <a title=\"1.FC K\u00f6ln U17\" href=\"https:\/\/www.transfermarkt.de\/1-fc-koln-u17\/startseite\/verein\/21048\" target=\"_blank\" rel=\"noopener\"><img decoding=\"async\" src=\"https:\/\/www.europesays.com\/de\/wp-content\/uploads\/2025\/06\/21048.png\" title=\"1.FC K\u00f6ln U17\" alt=\"1.FC K\u00f6ln U17\" class=\"tiny_wappen\"\/><\/a>                                            <\/td>\n<td class=\"hauptlink hide-for-small\">\n                                                <a title=\"1.FC K\u00f6ln U17\" href=\"https:\/\/www.transfermarkt.de\/1-fc-koln-u17\/startseite\/verein\/21048\" target=\"_blank\" rel=\"noopener\">1.FC K\u00f6ln U17<\/a>                                            <\/td>\n<\/tr>\n<tr>\n<td class=\"hide-for-small\">\n                                                <img decoding=\"async\" src=\"https:\/\/www.europesays.com\/de\/wp-content\/uploads\/2025\/06\/40.png\" title=\"Deutschland\" alt=\"Deutschland\" class=\"flaggenrahmen\"\/> U17-Bundesliga West                                            <\/td>\n<\/tr>\n<\/td>\n<td>\n<tr>\n<td rowspan=\"2\" class=\"zentriert\">\n                                                <a title=\"FC Viktoria K\u00f6ln U19\" href=\"https:\/\/www.transfermarkt.de\/fc-viktoria-koln-u19\/startseite\/verein\/10075\" target=\"_blank\" rel=\"noopener\"><img decoding=\"async\" src=\"https:\/\/www.europesays.com\/de\/wp-content\/uploads\/2025\/07\/10075.png\" title=\"FC Viktoria K\u00f6ln U19\" alt=\"FC Viktoria K\u00f6ln U19\" class=\"tiny_wappen\"\/><\/a>                                            <\/td>\n<td class=\"hauptlink hide-for-small\">\n                                                <a title=\"FC Viktoria K\u00f6ln U19\" href=\"https:\/\/www.transfermarkt.de\/fc-viktoria-koln-u19\/startseite\/verein\/10075\" target=\"_blank\" rel=\"noopener\">Vikt. K\u00f6ln U19<\/a>                                            <\/td>\n<\/tr>\n<tr>\n<td class=\"hide-for-small\">\n                                                <img decoding=\"async\" src=\"https:\/\/www.europesays.com\/de\/wp-content\/uploads\/2025\/06\/40.png\" title=\"Deutschland\" alt=\"Deutschland\" class=\"flaggenrahmen\"\/> Deutschland                                            <\/td>\n<\/tr>\n<\/td>\n<td class=\"zentriert hide-for-small\">\n                                    01.07.2018                                <\/td>\n<td class=\"zentriert hauptlink\">\n                                    abl\u00f6sefrei                                <\/td>\n<\/tr>\n<tr>\n<td class=\"zentriert hauptlink\">\n                                    18\/19                                <\/td>\n<td>\n<tr>\n<td rowspan=\"2\">\n                                                <img decoding=\"async\" src=\"https:\/\/www.europesays.com\/de\/wp-content\/uploads\/2025\/07\/453757-1654986479.jpg\" title=\"Julian Roloff\" alt=\"Julian Roloff\" class=\"bilderrahmen-fixed\"\/>                                            <\/td>\n<td class=\"hauptlink\">\n                                                <a title=\"Julian Roloff\" href=\"https:\/\/www.transfermarkt.de\/julian-roloff\/profil\/spieler\/453757\" target=\"_blank\" rel=\"noopener\">Julian Roloff<\/a>                                            <\/td>\n<\/tr>\n<tr>\n<td>Torwart<\/td>\n<\/tr>\n<\/td>\n<td class=\"zentriert hide-for-small\">\n                                    <img decoding=\"async\" src=\"https:\/\/www.europesays.com\/de\/wp-content\/uploads\/2025\/06\/1750017269_71_40.png\" title=\"Deutschland\" alt=\"Deutschland\" class=\"flaggenrahmen\"\/>                                <\/td>\n<td>\n<tr>\n<td rowspan=\"2\" class=\"zentriert\">\n                                                <a title=\"FC Viktoria K\u00f6ln U17\" href=\"https:\/\/www.transfermarkt.de\/fc-viktoria-koln-u17\/startseite\/verein\/34088\" target=\"_blank\" rel=\"noopener\"><img decoding=\"async\" src=\"https:\/\/www.europesays.com\/de\/wp-content\/uploads\/2025\/07\/34088.png\" title=\"FC Viktoria K\u00f6ln U17\" alt=\"FC Viktoria K\u00f6ln U17\" class=\"tiny_wappen\"\/><\/a>                                            <\/td>\n<td class=\"hauptlink hide-for-small\">\n                                                <a title=\"FC Viktoria K\u00f6ln U17\" href=\"https:\/\/www.transfermarkt.de\/fc-viktoria-koln-u17\/startseite\/verein\/34088\" target=\"_blank\" rel=\"noopener\">Vikt. K\u00f6ln U17<\/a>                                            <\/td>\n<\/tr>\n<tr>\n<td class=\"hide-for-small\">\n                                                <img decoding=\"async\" src=\"https:\/\/www.europesays.com\/de\/wp-content\/uploads\/2025\/06\/40.png\" title=\"Deutschland\" alt=\"Deutschland\" class=\"flaggenrahmen\"\/> Deutschland                                            <\/td>\n<\/tr>\n<\/td>\n<td>\n<tr>\n<td rowspan=\"2\" class=\"zentriert\">\n                                                <a title=\"1.FC K\u00f6ln U19\" href=\"https:\/\/www.transfermarkt.de\/1-fc-koln-u19\/startseite\/verein\/1461\" target=\"_blank\" rel=\"noopener\"><img decoding=\"async\" src=\"https:\/\/www.europesays.com\/de\/wp-content\/uploads\/2025\/06\/1461.png\" title=\"1.FC K\u00f6ln U19\" alt=\"1.FC K\u00f6ln U19\" class=\"tiny_wappen\"\/><\/a>                                            <\/td>\n<td class=\"hauptlink hide-for-small\">\n                                                <a title=\"1.FC K\u00f6ln U19\" href=\"https:\/\/www.transfermarkt.de\/1-fc-koln-u19\/startseite\/verein\/1461\" target=\"_blank\" rel=\"noopener\">1.FC K\u00f6ln U19<\/a>                                            <\/td>\n<\/tr>\n<tr>\n<td class=\"hide-for-small\">\n                                                <img decoding=\"async\" src=\"https:\/\/www.europesays.com\/de\/wp-content\/uploads\/2025\/06\/40.png\" title=\"Deutschland\" alt=\"Deutschland\" class=\"flaggenrahmen\"\/> U19-Bundesliga West                                            <\/td>\n<\/tr>\n<\/td>\n<td class=\"zentriert hide-for-small\">\n                                    01.07.2018                                <\/td>\n<td class=\"zentriert hauptlink\">\n                                    abl\u00f6sefrei                                <\/td>\n<\/tr>\n<tr>\n<td class=\"zentriert hauptlink\">\n                                    18\/19                                <\/td>\n<td>\n<tr>\n<td rowspan=\"2\">\n                                                <img decoding=\"async\" src=\"https:\/\/www.europesays.com\/de\/wp-content\/uploads\/2025\/07\/1138383-1695299053.jpg\" title=\"Darin Quiala-Tito\" alt=\"Darin Quiala-Tito\" class=\"bilderrahmen-fixed\"\/>                                            <\/td>\n<td class=\"hauptlink\">\n                                                <a title=\"Darin Quiala-Tito\" href=\"https:\/\/www.transfermarkt.de\/darin-quiala-tito\/profil\/spieler\/1138383\" target=\"_blank\" rel=\"noopener\">Darin Quiala-Tito<\/a>                                            <\/td>\n<\/tr>\n<tr>\n<td>Linker Verteidiger<\/td>\n<\/tr>\n<\/td>\n<td class=\"zentriert hide-for-small\">\n                                    <img decoding=\"async\" src=\"https:\/\/www.europesays.com\/de\/wp-content\/uploads\/2025\/07\/6.png\" title=\"Angola\" alt=\"Angola\" class=\"flaggenrahmen\"\/><br \/><img decoding=\"async\" src=\"https:\/\/www.europesays.com\/de\/wp-content\/uploads\/2025\/06\/193.png\" title=\"DR Kongo\" alt=\"DR Kongo\" class=\"flaggenrahmen\"\/>                                <\/td>\n<td>\n<tr>\n<td rowspan=\"2\" class=\"zentriert\">\n                                                <a title=\"FC Viktoria K\u00f6ln Jugend\" href=\"https:\/\/www.transfermarkt.de\/fc-viktoria-koln-jugend\/startseite\/verein\/42376\" target=\"_blank\" rel=\"noopener\"><img decoding=\"async\" src=\"https:\/\/www.europesays.com\/de\/wp-content\/uploads\/2025\/07\/42376.png\" title=\"FC Viktoria K\u00f6ln Jugend\" alt=\"FC Viktoria K\u00f6ln Jugend\" class=\"tiny_wappen\"\/><\/a>                                            <\/td>\n<td class=\"hauptlink hide-for-small\">\n                                                <a title=\"FC Viktoria K\u00f6ln Jugend\" href=\"https:\/\/www.transfermarkt.de\/fc-viktoria-koln-jugend\/startseite\/verein\/42376\" target=\"_blank\" rel=\"noopener\">Vikt. K\u00f6ln Jgd.<\/a>                                            <\/td>\n<\/tr>\n<tr>\n<td class=\"hide-for-small\">\n                                                <img decoding=\"async\" src=\"https:\/\/www.europesays.com\/de\/wp-content\/uploads\/2025\/06\/40.png\" title=\"Deutschland\" alt=\"Deutschland\" class=\"flaggenrahmen\"\/> Deutschland                                            <\/td>\n<\/tr>\n<\/td>\n<td>\n<tr>\n<td rowspan=\"2\" class=\"zentriert\">\n                                                <a title=\"1.FC K\u00f6ln Jugend\" href=\"https:\/\/www.transfermarkt.de\/1-fc-koln-jugend\/startseite\/verein\/11880\" target=\"_blank\" rel=\"noopener\"><img decoding=\"async\" src=\"https:\/\/www.europesays.com\/de\/wp-content\/uploads\/2025\/06\/11880.png\" title=\"1.FC K\u00f6ln Jugend\" alt=\"1.FC K\u00f6ln Jugend\" class=\"tiny_wappen\"\/><\/a>                                            <\/td>\n<td class=\"hauptlink hide-for-small\">\n                                                <a title=\"1.FC K\u00f6ln Jugend\" href=\"https:\/\/www.transfermarkt.de\/1-fc-koln-jugend\/startseite\/verein\/11880\" target=\"_blank\" rel=\"noopener\">1.FC K\u00f6ln Jgd.<\/a>                                            <\/td>\n<\/tr>\n<tr>\n<td class=\"hide-for-small\">\n                                                <img decoding=\"async\" src=\"https:\/\/www.europesays.com\/de\/wp-content\/uploads\/2025\/06\/40.png\" title=\"Deutschland\" alt=\"Deutschland\" class=\"flaggenrahmen\"\/> Deutschland                                            <\/td>\n<\/tr>\n<\/td>\n<td class=\"zentriert hide-for-small\">\n                                    01.07.2018                                <\/td>\n<td class=\"zentriert hauptlink\">\n                                    abl\u00f6sefrei                                <\/td>\n<\/tr>\n<tr>\n<td class=\"zentriert hauptlink\">\n                                    17\/18                                <\/td>\n<td>\n<tr>\n<td rowspan=\"2\">\n                                                <img decoding=\"async\" src=\"https:\/\/www.europesays.com\/de\/wp-content\/uploads\/2025\/06\/default.jpg\" title=\"Luke Angermann\" alt=\"Luke Angermann\" class=\"bilderrahmen-fixed\"\/>                                            <\/td>\n<td class=\"hauptlink\">\n                                                <a title=\"Luke Angermann\" href=\"https:\/\/www.transfermarkt.de\/luke-angermann\/profil\/spieler\/527804\" target=\"_blank\" rel=\"noopener\">Luke Angermann<\/a>                                            <\/td>\n<\/tr>\n<tr>\n<td>Torwart<\/td>\n<\/tr>\n<\/td>\n<td class=\"zentriert hide-for-small\">\n                                    <img decoding=\"async\" src=\"https:\/\/www.europesays.com\/de\/wp-content\/uploads\/2025\/06\/1750017269_71_40.png\" title=\"Deutschland\" alt=\"Deutschland\" class=\"flaggenrahmen\"\/>                                <\/td>\n<td>\n<tr>\n<td rowspan=\"2\" class=\"zentriert\">\n                                                <a title=\"1.FC K\u00f6ln Jugend\" href=\"https:\/\/www.transfermarkt.de\/1-fc-koln-jugend\/startseite\/verein\/11880\" target=\"_blank\" rel=\"noopener\"><img decoding=\"async\" src=\"https:\/\/www.europesays.com\/de\/wp-content\/uploads\/2025\/06\/11880.png\" title=\"1.FC K\u00f6ln Jugend\" alt=\"1.FC K\u00f6ln Jugend\" class=\"tiny_wappen\"\/><\/a>                                            <\/td>\n<td class=\"hauptlink hide-for-small\">\n                                                <a title=\"1.FC K\u00f6ln Jugend\" href=\"https:\/\/www.transfermarkt.de\/1-fc-koln-jugend\/startseite\/verein\/11880\" target=\"_blank\" rel=\"noopener\">1.FC K\u00f6ln Jgd.<\/a>                                            <\/td>\n<\/tr>\n<tr>\n<td class=\"hide-for-small\">\n                                                <img decoding=\"async\" src=\"https:\/\/www.europesays.com\/de\/wp-content\/uploads\/2025\/06\/40.png\" title=\"Deutschland\" alt=\"Deutschland\" class=\"flaggenrahmen\"\/> Deutschland                                            <\/td>\n<\/tr>\n<\/td>\n<td>\n<tr>\n<td rowspan=\"2\" class=\"zentriert\">\n                                                <a title=\"FC Viktoria K\u00f6ln U17\" href=\"https:\/\/www.transfermarkt.de\/fc-viktoria-koln-u17\/startseite\/verein\/34088\" target=\"_blank\" rel=\"noopener\"><img decoding=\"async\" src=\"https:\/\/www.europesays.com\/de\/wp-content\/uploads\/2025\/07\/34088.png\" title=\"FC Viktoria K\u00f6ln U17\" alt=\"FC Viktoria K\u00f6ln U17\" class=\"tiny_wappen\"\/><\/a>                                            <\/td>\n<td class=\"hauptlink hide-for-small\">\n                                                <a title=\"FC Viktoria K\u00f6ln U17\" href=\"https:\/\/www.transfermarkt.de\/fc-viktoria-koln-u17\/startseite\/verein\/34088\" target=\"_blank\" rel=\"noopener\">Vikt. K\u00f6ln U17<\/a>                                            <\/td>\n<\/tr>\n<tr>\n<td class=\"hide-for-small\">\n                                                <img decoding=\"async\" src=\"https:\/\/www.europesays.com\/de\/wp-content\/uploads\/2025\/06\/40.png\" title=\"Deutschland\" alt=\"Deutschland\" class=\"flaggenrahmen\"\/> U17-Bundesliga West                                            <\/td>\n<\/tr>\n<\/td>\n<td class=\"zentriert hide-for-small\">\n                                    01.07.2017                                <\/td>\n<td class=\"zentriert hauptlink\">\n                                    abl\u00f6sefrei                                <\/td>\n<\/tr>\n<tr>\n<td class=\"zentriert hauptlink\">\n                                    17\/18                                <\/td>\n<td>\n<tr>\n<td rowspan=\"2\">\n                                                <img decoding=\"async\" src=\"https:\/\/www.europesays.com\/de\/wp-content\/uploads\/2025\/07\/527818-1564430895.jpg\" title=\"Terence Okoeguale\" alt=\"Terence Okoeguale\" class=\"bilderrahmen-fixed\"\/>                                            <\/td>\n<td class=\"hauptlink\">\n                                                <a title=\"Terence Okoeguale\" href=\"https:\/\/www.transfermarkt.de\/terence-okoeguale\/profil\/spieler\/527818\" target=\"_blank\" rel=\"noopener\">Terence Okoeguale<\/a>                                            <\/td>\n<\/tr>\n<tr>\n<td>Linksau\u00dfen<\/td>\n<\/tr>\n<\/td>\n<td class=\"zentriert hide-for-small\">\n                                    <img decoding=\"async\" src=\"https:\/\/www.europesays.com\/de\/wp-content\/uploads\/2025\/06\/1750017269_71_40.png\" title=\"Deutschland\" alt=\"Deutschland\" class=\"flaggenrahmen\"\/><br \/><img decoding=\"async\" src=\"https:\/\/www.europesays.com\/de\/wp-content\/uploads\/2025\/06\/124.png\" title=\"Nigeria\" alt=\"Nigeria\" class=\"flaggenrahmen\"\/>                                <\/td>\n<td>\n<tr>\n<td rowspan=\"2\" class=\"zentriert\">\n                                                <a title=\"1.FC K\u00f6ln Jugend\" href=\"https:\/\/www.transfermarkt.de\/1-fc-koln-jugend\/startseite\/verein\/11880\" target=\"_blank\" rel=\"noopener\"><img decoding=\"async\" src=\"https:\/\/www.europesays.com\/de\/wp-content\/uploads\/2025\/06\/11880.png\" title=\"1.FC K\u00f6ln Jugend\" alt=\"1.FC K\u00f6ln Jugend\" class=\"tiny_wappen\"\/><\/a>                                            <\/td>\n<td class=\"hauptlink hide-for-small\">\n                                                <a title=\"1.FC K\u00f6ln Jugend\" href=\"https:\/\/www.transfermarkt.de\/1-fc-koln-jugend\/startseite\/verein\/11880\" target=\"_blank\" rel=\"noopener\">1.FC K\u00f6ln Jgd.<\/a>                                            <\/td>\n<\/tr>\n<tr>\n<td class=\"hide-for-small\">\n                                                <img decoding=\"async\" src=\"https:\/\/www.europesays.com\/de\/wp-content\/uploads\/2025\/06\/40.png\" title=\"Deutschland\" alt=\"Deutschland\" class=\"flaggenrahmen\"\/> Deutschland                                            <\/td>\n<\/tr>\n<\/td>\n<td>\n<tr>\n<td rowspan=\"2\" class=\"zentriert\">\n                                                <a title=\"FC Viktoria K\u00f6ln U17\" href=\"https:\/\/www.transfermarkt.de\/fc-viktoria-koln-u17\/startseite\/verein\/34088\" target=\"_blank\" rel=\"noopener\"><img decoding=\"async\" src=\"https:\/\/www.europesays.com\/de\/wp-content\/uploads\/2025\/07\/34088.png\" title=\"FC Viktoria K\u00f6ln U17\" alt=\"FC Viktoria K\u00f6ln U17\" class=\"tiny_wappen\"\/><\/a>                                            <\/td>\n<td class=\"hauptlink hide-for-small\">\n                                                <a title=\"FC Viktoria K\u00f6ln U17\" href=\"https:\/\/www.transfermarkt.de\/fc-viktoria-koln-u17\/startseite\/verein\/34088\" target=\"_blank\" rel=\"noopener\">Vikt. K\u00f6ln U17<\/a>                                            <\/td>\n<\/tr>\n<tr>\n<td class=\"hide-for-small\">\n                                                <img decoding=\"async\" src=\"https:\/\/www.europesays.com\/de\/wp-content\/uploads\/2025\/06\/40.png\" title=\"Deutschland\" alt=\"Deutschland\" class=\"flaggenrahmen\"\/> U17-Bundesliga West                                            <\/td>\n<\/tr>\n<\/td>\n<td class=\"zentriert hide-for-small\">\n                                    01.07.2017                                <\/td>\n<td class=\"zentriert hauptlink\">\n                                    abl\u00f6sefrei                                <\/td>\n<\/tr>\n<tr>\n<td class=\"zentriert hauptlink\">\n                                    17\/18                                <\/td>\n<td>\n<tr>\n<td rowspan=\"2\">\n                                                <img decoding=\"async\" src=\"https:\/\/www.europesays.com\/de\/wp-content\/uploads\/2025\/07\/527821-1549828145.jpg\" title=\"Kelana Mahessa\" alt=\"Kelana Mahessa\" class=\"bilderrahmen-fixed\"\/>                                            <\/td>\n<td class=\"hauptlink\">\n                                                <a title=\"Kelana Mahessa\" href=\"https:\/\/www.transfermarkt.de\/kelana-mahessa\/profil\/spieler\/527821\" target=\"_blank\" rel=\"noopener\">Kelana Mahessa<\/a>                                            <\/td>\n<\/tr>\n<tr>\n<td>Defensives Mittelfeld<\/td>\n<\/tr>\n<\/td>\n<td class=\"zentriert hide-for-small\">\n                                    <img decoding=\"async\" src=\"https:\/\/www.europesays.com\/de\/wp-content\/uploads\/2025\/07\/68.png\" title=\"Indonesien\" alt=\"Indonesien\" class=\"flaggenrahmen\"\/><br \/><img decoding=\"async\" src=\"https:\/\/www.europesays.com\/de\/wp-content\/uploads\/2025\/06\/1750017269_71_40.png\" title=\"Deutschland\" alt=\"Deutschland\" class=\"flaggenrahmen\"\/>                                <\/td>\n<td>\n<tr>\n<td rowspan=\"2\" class=\"zentriert\">\n                                                <a title=\"1.FC K\u00f6ln Jugend\" href=\"https:\/\/www.transfermarkt.de\/1-fc-koln-jugend\/startseite\/verein\/11880\" target=\"_blank\" rel=\"noopener\"><img decoding=\"async\" src=\"https:\/\/www.europesays.com\/de\/wp-content\/uploads\/2025\/06\/11880.png\" title=\"1.FC K\u00f6ln Jugend\" alt=\"1.FC K\u00f6ln Jugend\" class=\"tiny_wappen\"\/><\/a>                                            <\/td>\n<td class=\"hauptlink hide-for-small\">\n                                                <a title=\"1.FC K\u00f6ln Jugend\" href=\"https:\/\/www.transfermarkt.de\/1-fc-koln-jugend\/startseite\/verein\/11880\" target=\"_blank\" rel=\"noopener\">1.FC K\u00f6ln Jgd.<\/a>                                            <\/td>\n<\/tr>\n<tr>\n<td class=\"hide-for-small\">\n                                                <img decoding=\"async\" src=\"https:\/\/www.europesays.com\/de\/wp-content\/uploads\/2025\/06\/40.png\" title=\"Deutschland\" alt=\"Deutschland\" class=\"flaggenrahmen\"\/> Deutschland                                            <\/td>\n<\/tr>\n<\/td>\n<td>\n<tr>\n<td rowspan=\"2\" class=\"zentriert\">\n                                                <a title=\"FC Viktoria K\u00f6ln U17\" href=\"https:\/\/www.transfermarkt.de\/fc-viktoria-koln-u17\/startseite\/verein\/34088\" target=\"_blank\" rel=\"noopener\"><img decoding=\"async\" src=\"https:\/\/www.europesays.com\/de\/wp-content\/uploads\/2025\/07\/34088.png\" title=\"FC Viktoria K\u00f6ln U17\" alt=\"FC Viktoria K\u00f6ln U17\" class=\"tiny_wappen\"\/><\/a>                                            <\/td>\n<td class=\"hauptlink hide-for-small\">\n                                                <a title=\"FC Viktoria K\u00f6ln U17\" href=\"https:\/\/www.transfermarkt.de\/fc-viktoria-koln-u17\/startseite\/verein\/34088\" target=\"_blank\" rel=\"noopener\">Vikt. K\u00f6ln U17<\/a>                                            <\/td>\n<\/tr>\n<tr>\n<td class=\"hide-for-small\">\n                                                <img decoding=\"async\" src=\"https:\/\/www.europesays.com\/de\/wp-content\/uploads\/2025\/06\/40.png\" title=\"Deutschland\" alt=\"Deutschland\" class=\"flaggenrahmen\"\/> U17-Bundesliga West                                            <\/td>\n<\/tr>\n<\/td>\n<td class=\"zentriert hide-for-small\">\n                                    01.07.2017                                <\/td>\n<td class=\"zentriert hauptlink\">\n                                    abl\u00f6sefrei                                <\/td>\n<\/tr>\n<tr>\n<td class=\"zentriert hauptlink\">\n                                    17\/18                                <\/td>\n<td>\n<tr>\n<td rowspan=\"2\">\n                                                <img decoding=\"async\" src=\"https:\/\/www.europesays.com\/de\/wp-content\/uploads\/2025\/06\/default.jpg\" title=\"Astefan Wisam Saeed\" alt=\"Astefan Wisam Saeed\" class=\"bilderrahmen-fixed\"\/>                                            <\/td>\n<td class=\"hauptlink\">\n                                                <a title=\"Astefan Wisam Saeed\" href=\"https:\/\/www.transfermarkt.de\/astefan-wisam-saeed\/profil\/spieler\/527822\" target=\"_blank\" rel=\"noopener\">Astefan Wisam Saeed<\/a>                                            <\/td>\n<\/tr>\n<tr>\n<td>Offensives Mittelfeld<\/td>\n<\/tr>\n<\/td>\n<td class=\"zentriert hide-for-small\">\n                                    <img decoding=\"async\" src=\"https:\/\/www.europesays.com\/de\/wp-content\/uploads\/2025\/07\/70.png\" title=\"Irak\" alt=\"Irak\" class=\"flaggenrahmen\"\/><br \/><img decoding=\"async\" src=\"https:\/\/www.europesays.com\/de\/wp-content\/uploads\/2025\/06\/1750017269_71_40.png\" title=\"Deutschland\" alt=\"Deutschland\" class=\"flaggenrahmen\"\/>                                <\/td>\n<td>\n<tr>\n<td rowspan=\"2\" class=\"zentriert\">\n                                                <a title=\"1.FC K\u00f6ln Jugend\" href=\"https:\/\/www.transfermarkt.de\/1-fc-koln-jugend\/startseite\/verein\/11880\" target=\"_blank\" rel=\"noopener\"><img decoding=\"async\" src=\"https:\/\/www.europesays.com\/de\/wp-content\/uploads\/2025\/06\/11880.png\" title=\"1.FC K\u00f6ln Jugend\" alt=\"1.FC K\u00f6ln Jugend\" class=\"tiny_wappen\"\/><\/a>                                            <\/td>\n<td class=\"hauptlink hide-for-small\">\n                                                <a title=\"1.FC K\u00f6ln Jugend\" href=\"https:\/\/www.transfermarkt.de\/1-fc-koln-jugend\/startseite\/verein\/11880\" target=\"_blank\" rel=\"noopener\">1.FC K\u00f6ln Jgd.<\/a>                                            <\/td>\n<\/tr>\n<tr>\n<td class=\"hide-for-small\">\n                                                <img decoding=\"async\" src=\"https:\/\/www.europesays.com\/de\/wp-content\/uploads\/2025\/06\/40.png\" title=\"Deutschland\" alt=\"Deutschland\" class=\"flaggenrahmen\"\/> Deutschland                                            <\/td>\n<\/tr>\n<\/td>\n<td>\n<tr>\n<td rowspan=\"2\" class=\"zentriert\">\n                                                <a title=\"FC Viktoria K\u00f6ln U17\" href=\"https:\/\/www.transfermarkt.de\/fc-viktoria-koln-u17\/startseite\/verein\/34088\" target=\"_blank\" rel=\"noopener\"><img decoding=\"async\" src=\"https:\/\/www.europesays.com\/de\/wp-content\/uploads\/2025\/07\/34088.png\" title=\"FC Viktoria K\u00f6ln U17\" alt=\"FC Viktoria K\u00f6ln U17\" class=\"tiny_wappen\"\/><\/a>                                            <\/td>\n<td class=\"hauptlink hide-for-small\">\n                                                <a title=\"FC Viktoria K\u00f6ln U17\" href=\"https:\/\/www.transfermarkt.de\/fc-viktoria-koln-u17\/startseite\/verein\/34088\" target=\"_blank\" rel=\"noopener\">Vikt. K\u00f6ln U17<\/a>                                            <\/td>\n<\/tr>\n<tr>\n<td class=\"hide-for-small\">\n                                                <img decoding=\"async\" src=\"https:\/\/www.europesays.com\/de\/wp-content\/uploads\/2025\/06\/40.png\" title=\"Deutschland\" alt=\"Deutschland\" class=\"flaggenrahmen\"\/> U17-Bundesliga West                                            <\/td>\n<\/tr>\n<\/td>\n<td class=\"zentriert hide-for-small\">\n                                    01.07.2017                                <\/td>\n<td class=\"zentriert hauptlink\">\n                                    abl\u00f6sefrei                                <\/td>\n<\/tr>\n<tr>\n<td class=\"zentriert hauptlink\">\n                                    17\/18                                <\/td>\n<td>\n<tr>\n<td rowspan=\"2\">\n                                                <img decoding=\"async\" src=\"https:\/\/www.europesays.com\/de\/wp-content\/uploads\/2025\/07\/527820-1661668758.png\" title=\"Noel Ben Arfaoui\" alt=\"Noel Ben Arfaoui\" class=\"bilderrahmen-fixed\"\/>                                            <\/td>\n<td class=\"hauptlink\">\n                                                <a title=\"Noel Ben Arfaoui\" href=\"https:\/\/www.transfermarkt.de\/noel-ben-arfaoui\/profil\/spieler\/527820\" target=\"_blank\" rel=\"noopener\">Noel Ben Arfaoui<\/a>                                            <\/td>\n<\/tr>\n<tr>\n<td>Rechtsau\u00dfen<\/td>\n<\/tr>\n<\/td>\n<td class=\"zentriert hide-for-small\">\n                                    <img decoding=\"async\" src=\"https:\/\/www.europesays.com\/de\/wp-content\/uploads\/2025\/06\/1750017269_71_40.png\" title=\"Deutschland\" alt=\"Deutschland\" class=\"flaggenrahmen\"\/>                                <\/td>\n<td>\n<tr>\n<td rowspan=\"2\" class=\"zentriert\">\n                                                <a title=\"1.FC K\u00f6ln U17\" href=\"https:\/\/www.transfermarkt.de\/1-fc-koln-u17\/startseite\/verein\/21048\" target=\"_blank\" rel=\"noopener\"><img decoding=\"async\" src=\"https:\/\/www.europesays.com\/de\/wp-content\/uploads\/2025\/06\/21048.png\" title=\"1.FC K\u00f6ln U17\" alt=\"1.FC K\u00f6ln U17\" class=\"tiny_wappen\"\/><\/a>                                            <\/td>\n<td class=\"hauptlink hide-for-small\">\n                                                <a title=\"1.FC K\u00f6ln U17\" href=\"https:\/\/www.transfermarkt.de\/1-fc-koln-u17\/startseite\/verein\/21048\" target=\"_blank\" rel=\"noopener\">1.FC K\u00f6ln U17<\/a>                                            <\/td>\n<\/tr>\n<tr>\n<td class=\"hide-for-small\">\n                                                <img decoding=\"async\" src=\"https:\/\/www.europesays.com\/de\/wp-content\/uploads\/2025\/06\/40.png\" title=\"Deutschland\" alt=\"Deutschland\" class=\"flaggenrahmen\"\/> U17-Bundesliga West                                            <\/td>\n<\/tr>\n<\/td>\n<td>\n<tr>\n<td rowspan=\"2\" class=\"zentriert\">\n                                                <a title=\"FC Viktoria K\u00f6ln U17\" href=\"https:\/\/www.transfermarkt.de\/fc-viktoria-koln-u17\/startseite\/verein\/34088\" target=\"_blank\" rel=\"noopener\"><img decoding=\"async\" src=\"https:\/\/www.europesays.com\/de\/wp-content\/uploads\/2025\/07\/34088.png\" title=\"FC Viktoria K\u00f6ln U17\" alt=\"FC Viktoria K\u00f6ln U17\" class=\"tiny_wappen\"\/><\/a>                                            <\/td>\n<td class=\"hauptlink hide-for-small\">\n                                                <a title=\"FC Viktoria K\u00f6ln U17\" href=\"https:\/\/www.transfermarkt.de\/fc-viktoria-koln-u17\/startseite\/verein\/34088\" target=\"_blank\" rel=\"noopener\">Vikt. K\u00f6ln U17<\/a>                                            <\/td>\n<\/tr>\n<tr>\n<td class=\"hide-for-small\">\n                                                <img decoding=\"async\" src=\"https:\/\/www.europesays.com\/de\/wp-content\/uploads\/2025\/06\/40.png\" title=\"Deutschland\" alt=\"Deutschland\" class=\"flaggenrahmen\"\/> U17-Bundesliga West                                            <\/td>\n<\/tr>\n<\/td>\n<td class=\"zentriert hide-for-small\">\n                                    01.07.2017                                <\/td>\n<td class=\"zentriert hauptlink\">\n                                    abl\u00f6sefrei                                <\/td>\n<\/tr>\n<tr>\n<td class=\"zentriert hauptlink\">\n                                    17\/18                                <\/td>\n<td>\n<tr>\n<td rowspan=\"2\">\n                                                <img decoding=\"async\" src=\"https:\/\/www.europesays.com\/de\/wp-content\/uploads\/2025\/07\/917931-1695300824.jpg\" title=\"Aaron Bayakala\" alt=\"Aaron Bayakala\" class=\"bilderrahmen-fixed\"\/>                                            <\/td>\n<td class=\"hauptlink\">\n                                                <a title=\"Aaron Bayakala\" href=\"https:\/\/www.transfermarkt.de\/aaron-bayakala\/profil\/spieler\/917931\" target=\"_blank\" rel=\"noopener\">Aaron Bayakala<\/a>                                            <\/td>\n<\/tr>\n<tr>\n<td>Linksau\u00dfen<\/td>\n<\/tr>\n<\/td>\n<td class=\"zentriert hide-for-small\">\n                                    <img decoding=\"async\" src=\"https:\/\/www.europesays.com\/de\/wp-content\/uploads\/2025\/06\/1750017269_71_40.png\" title=\"Deutschland\" alt=\"Deutschland\" class=\"flaggenrahmen\"\/><br \/><img decoding=\"async\" src=\"https:\/\/www.europesays.com\/de\/wp-content\/uploads\/2025\/06\/193.png\" title=\"DR Kongo\" alt=\"DR Kongo\" class=\"flaggenrahmen\"\/>                                <\/td>\n<td>\n<tr>\n<td rowspan=\"2\" class=\"zentriert\">\n                                                <a title=\"FC Viktoria K\u00f6ln Jugend\" href=\"https:\/\/www.transfermarkt.de\/fc-viktoria-koln-jugend\/startseite\/verein\/42376\" target=\"_blank\" rel=\"noopener\"><img decoding=\"async\" src=\"https:\/\/www.europesays.com\/de\/wp-content\/uploads\/2025\/07\/42376.png\" title=\"FC Viktoria K\u00f6ln Jugend\" alt=\"FC Viktoria K\u00f6ln Jugend\" class=\"tiny_wappen\"\/><\/a>                                            <\/td>\n<td class=\"hauptlink hide-for-small\">\n                                                <a title=\"FC Viktoria K\u00f6ln Jugend\" href=\"https:\/\/www.transfermarkt.de\/fc-viktoria-koln-jugend\/startseite\/verein\/42376\" target=\"_blank\" rel=\"noopener\">Vikt. K\u00f6ln Jgd.<\/a>                                            <\/td>\n<\/tr>\n<tr>\n<td class=\"hide-for-small\">\n                                                <img decoding=\"async\" src=\"https:\/\/www.europesays.com\/de\/wp-content\/uploads\/2025\/06\/40.png\" title=\"Deutschland\" alt=\"Deutschland\" class=\"flaggenrahmen\"\/> Deutschland                                            <\/td>\n<\/tr>\n<\/td>\n<td>\n<tr>\n<td rowspan=\"2\" class=\"zentriert\">\n                                                <a title=\"1.FC K\u00f6ln Jugend\" href=\"https:\/\/www.transfermarkt.de\/1-fc-koln-jugend\/startseite\/verein\/11880\" target=\"_blank\" rel=\"noopener\"><img decoding=\"async\" src=\"https:\/\/www.europesays.com\/de\/wp-content\/uploads\/2025\/06\/11880.png\" title=\"1.FC K\u00f6ln Jugend\" alt=\"1.FC K\u00f6ln Jugend\" class=\"tiny_wappen\"\/><\/a>                                            <\/td>\n<td class=\"hauptlink hide-for-small\">\n                                                <a title=\"1.FC K\u00f6ln Jugend\" href=\"https:\/\/www.transfermarkt.de\/1-fc-koln-jugend\/startseite\/verein\/11880\" target=\"_blank\" rel=\"noopener\">1.FC K\u00f6ln Jgd.<\/a>                                            <\/td>\n<\/tr>\n<tr>\n<td class=\"hide-for-small\">\n                                                <img decoding=\"async\" src=\"https:\/\/www.europesays.com\/de\/wp-content\/uploads\/2025\/06\/40.png\" title=\"Deutschland\" alt=\"Deutschland\" class=\"flaggenrahmen\"\/> Deutschland                                            <\/td>\n<\/tr>\n<\/td>\n<td class=\"zentriert hide-for-small\">\n                                    01.07.2017                                <\/td>\n<td class=\"zentriert hauptlink\">\n                                    abl\u00f6sefrei                                <\/td>\n<\/tr>\n<tr>\n<td class=\"zentriert hauptlink\">\n                                    17\/18                                <\/td>\n<td>\n<tr>\n<td rowspan=\"2\">\n                                                <img decoding=\"async\" src=\"https:\/\/www.europesays.com\/de\/wp-content\/uploads\/2025\/07\/1050763-1695300525.jpg\" title=\"Keyhan Sancarbarlaz\" alt=\"Keyhan Sancarbarlaz\" class=\"bilderrahmen-fixed\"\/>                                            <\/td>\n<td class=\"hauptlink\">\n                                                <a title=\"Keyhan Sancarbarlaz\" href=\"https:\/\/www.transfermarkt.de\/keyhan-sancarbarlaz\/profil\/spieler\/1050763\" target=\"_blank\" rel=\"noopener\">Keyhan Sancarbarlaz<\/a>                                            <\/td>\n<\/tr>\n<tr>\n<td>Rechtsau\u00dfen<\/td>\n<\/tr>\n<\/td>\n<td class=\"zentriert hide-for-small\">\n                                    <img decoding=\"async\" src=\"https:\/\/www.europesays.com\/de\/wp-content\/uploads\/2025\/06\/1750017269_71_40.png\" title=\"Deutschland\" alt=\"Deutschland\" class=\"flaggenrahmen\"\/><br \/><img decoding=\"async\" src=\"https:\/\/www.europesays.com\/de\/wp-content\/uploads\/2025\/06\/174.png\" title=\"T\u00fcrkei\" alt=\"T\u00fcrkei\" class=\"flaggenrahmen\"\/>                                <\/td>\n<td>\n<tr>\n<td rowspan=\"2\" class=\"zentriert\">\n                                                <a title=\"FC Viktoria K\u00f6ln Jugend\" href=\"https:\/\/www.transfermarkt.de\/fc-viktoria-koln-jugend\/startseite\/verein\/42376\" target=\"_blank\" rel=\"noopener\"><img decoding=\"async\" src=\"https:\/\/www.europesays.com\/de\/wp-content\/uploads\/2025\/07\/42376.png\" title=\"FC Viktoria K\u00f6ln Jugend\" alt=\"FC Viktoria K\u00f6ln Jugend\" class=\"tiny_wappen\"\/><\/a>                                            <\/td>\n<td class=\"hauptlink hide-for-small\">\n                                                <a title=\"FC Viktoria K\u00f6ln Jugend\" href=\"https:\/\/www.transfermarkt.de\/fc-viktoria-koln-jugend\/startseite\/verein\/42376\" target=\"_blank\" rel=\"noopener\">Vikt. K\u00f6ln Jgd.<\/a>                                            <\/td>\n<\/tr>\n<tr>\n<td class=\"hide-for-small\">\n                                                <img decoding=\"async\" src=\"https:\/\/www.europesays.com\/de\/wp-content\/uploads\/2025\/06\/40.png\" title=\"Deutschland\" alt=\"Deutschland\" class=\"flaggenrahmen\"\/> Deutschland                                            <\/td>\n<\/tr>\n<\/td>\n<td>\n<tr>\n<td rowspan=\"2\" class=\"zentriert\">\n                                                <a title=\"1.FC K\u00f6ln Jugend\" href=\"https:\/\/www.transfermarkt.de\/1-fc-koln-jugend\/startseite\/verein\/11880\" target=\"_blank\" rel=\"noopener\"><img decoding=\"async\" src=\"https:\/\/www.europesays.com\/de\/wp-content\/uploads\/2025\/06\/11880.png\" title=\"1.FC K\u00f6ln Jugend\" alt=\"1.FC K\u00f6ln Jugend\" class=\"tiny_wappen\"\/><\/a>                                            <\/td>\n<td class=\"hauptlink hide-for-small\">\n                                                <a title=\"1.FC K\u00f6ln Jugend\" href=\"https:\/\/www.transfermarkt.de\/1-fc-koln-jugend\/startseite\/verein\/11880\" target=\"_blank\" rel=\"noopener\">1.FC K\u00f6ln Jgd.<\/a>                                            <\/td>\n<\/tr>\n<tr>\n<td class=\"hide-for-small\">\n                                                <img decoding=\"async\" src=\"https:\/\/www.europesays.com\/de\/wp-content\/uploads\/2025\/06\/40.png\" title=\"Deutschland\" alt=\"Deutschland\" class=\"flaggenrahmen\"\/> Deutschland                                            <\/td>\n<\/tr>\n<\/td>\n<td class=\"zentriert hide-for-small\">\n                                    01.07.2017                                <\/td>\n<td class=\"zentriert hauptlink\">\n                                    abl\u00f6sefrei                                <\/td>\n<\/tr>\n<tr>\n<td class=\"zentriert hauptlink\">\n                                    17\/18                                <\/td>\n<td>\n<tr>\n<td rowspan=\"2\">\n                                                <img decoding=\"async\" src=\"https:\/\/www.europesays.com\/de\/wp-content\/uploads\/2025\/06\/default.jpg\" title=\"Brian Adoga\" alt=\"Brian Adoga\" class=\"bilderrahmen-fixed\"\/>                                            <\/td>\n<td class=\"hauptlink\">\n                                                <a title=\"Brian Adoga\" href=\"https:\/\/www.transfermarkt.de\/brian-adoga\/profil\/spieler\/1259857\" target=\"_blank\" rel=\"noopener\">Brian Adoga<\/a>                                            <\/td>\n<\/tr>\n<tr>\n<td>Linker Verteidiger<\/td>\n<\/tr>\n<\/td>\n<td class=\"zentriert hide-for-small\">\n                                    <img decoding=\"async\" src=\"https:\/\/www.europesays.com\/de\/wp-content\/uploads\/2025\/06\/1750017269_71_40.png\" title=\"Deutschland\" alt=\"Deutschland\" class=\"flaggenrahmen\"\/><br \/><img decoding=\"async\" src=\"https:\/\/www.europesays.com\/de\/wp-content\/uploads\/2025\/06\/124.png\" title=\"Nigeria\" alt=\"Nigeria\" class=\"flaggenrahmen\"\/>                                <\/td>\n<td>\n<tr>\n<td rowspan=\"2\" class=\"zentriert\">\n                                                <a title=\"FC Viktoria K\u00f6ln Jugend\" href=\"https:\/\/www.transfermarkt.de\/fc-viktoria-koln-jugend\/startseite\/verein\/42376\" target=\"_blank\" rel=\"noopener\"><img decoding=\"async\" src=\"https:\/\/www.europesays.com\/de\/wp-content\/uploads\/2025\/07\/42376.png\" title=\"FC Viktoria K\u00f6ln Jugend\" alt=\"FC Viktoria K\u00f6ln Jugend\" class=\"tiny_wappen\"\/><\/a>                                            <\/td>\n<td class=\"hauptlink hide-for-small\">\n                                                <a title=\"FC Viktoria K\u00f6ln Jugend\" href=\"https:\/\/www.transfermarkt.de\/fc-viktoria-koln-jugend\/startseite\/verein\/42376\" target=\"_blank\" rel=\"noopener\">Vikt. K\u00f6ln Jgd.<\/a>                                            <\/td>\n<\/tr>\n<tr>\n<td class=\"hide-for-small\">\n                                                <img decoding=\"async\" src=\"https:\/\/www.europesays.com\/de\/wp-content\/uploads\/2025\/06\/40.png\" title=\"Deutschland\" alt=\"Deutschland\" class=\"flaggenrahmen\"\/> Deutschland                                            <\/td>\n<\/tr>\n<\/td>\n<td>\n<tr>\n<td rowspan=\"2\" class=\"zentriert\">\n                                                <a title=\"1.FC K\u00f6ln Jugend\" href=\"https:\/\/www.transfermarkt.de\/1-fc-koln-jugend\/startseite\/verein\/11880\" target=\"_blank\" rel=\"noopener\"><img decoding=\"async\" src=\"https:\/\/www.europesays.com\/de\/wp-content\/uploads\/2025\/06\/11880.png\" title=\"1.FC K\u00f6ln Jugend\" alt=\"1.FC K\u00f6ln Jugend\" class=\"tiny_wappen\"\/><\/a>                                            <\/td>\n<td class=\"hauptlink hide-for-small\">\n                                                <a title=\"1.FC K\u00f6ln Jugend\" href=\"https:\/\/www.transfermarkt.de\/1-fc-koln-jugend\/startseite\/verein\/11880\" target=\"_blank\" rel=\"noopener\">1.FC K\u00f6ln Jgd.<\/a>                                            <\/td>\n<\/tr>\n<tr>\n<td class=\"hide-for-small\">\n                                                <img decoding=\"async\" src=\"https:\/\/www.europesays.com\/de\/wp-content\/uploads\/2025\/06\/40.png\" title=\"Deutschland\" alt=\"Deutschland\" class=\"flaggenrahmen\"\/> Deutschland                                            <\/td>\n<\/tr>\n<\/td>\n<td class=\"zentriert hide-for-small\">\n                                    01.07.2017                                <\/td>\n<td class=\"zentriert hauptlink\">\n                                    abl\u00f6sefrei                                <\/td>\n<\/tr>\n<tr>\n<td class=\"zentriert hauptlink\">\n                                    16\/17                                <\/td>\n<td>\n<tr>\n<td rowspan=\"2\">\n                                                <img decoding=\"async\" src=\"https:\/\/www.europesays.com\/de\/wp-content\/uploads\/2025\/07\/326854-1720456441.jpg\" title=\"Nick Galle\" alt=\"Nick Galle\" class=\"bilderrahmen-fixed\"\/>                                            <\/td>\n<td class=\"hauptlink\">\n                                                <a title=\"Nick Galle\" href=\"https:\/\/www.transfermarkt.de\/nick-galle\/profil\/spieler\/326854\" target=\"_blank\" rel=\"noopener\">Nick Galle<\/a>                                            <\/td>\n<\/tr>\n<tr>\n<td>Linker Verteidiger<\/td>\n<\/tr>\n<\/td>\n<td class=\"zentriert hide-for-small\">\n                                    <img decoding=\"async\" src=\"https:\/\/www.europesays.com\/de\/wp-content\/uploads\/2025\/06\/1750017269_71_40.png\" title=\"Deutschland\" alt=\"Deutschland\" class=\"flaggenrahmen\"\/>                                <\/td>\n<td>\n<tr>\n<td rowspan=\"2\" class=\"zentriert\">\n                                                <a title=\"1.FC K\u00f6ln U19\" href=\"https:\/\/www.transfermarkt.de\/1-fc-koln-u19\/startseite\/verein\/1461\" target=\"_blank\" rel=\"noopener\"><img decoding=\"async\" src=\"https:\/\/www.europesays.com\/de\/wp-content\/uploads\/2025\/06\/1461.png\" title=\"1.FC K\u00f6ln U19\" alt=\"1.FC K\u00f6ln U19\" class=\"tiny_wappen\"\/><\/a>                                            <\/td>\n<td class=\"hauptlink hide-for-small\">\n                                                <a title=\"1.FC K\u00f6ln U19\" href=\"https:\/\/www.transfermarkt.de\/1-fc-koln-u19\/startseite\/verein\/1461\" target=\"_blank\" rel=\"noopener\">1.FC K\u00f6ln U19<\/a>                                            <\/td>\n<\/tr>\n<tr>\n<td class=\"hide-for-small\">\n                                                <img decoding=\"async\" src=\"https:\/\/www.europesays.com\/de\/wp-content\/uploads\/2025\/06\/40.png\" title=\"Deutschland\" alt=\"Deutschland\" class=\"flaggenrahmen\"\/> U19-Bundesliga West                                            <\/td>\n<\/tr>\n<\/td>\n<td>\n<tr>\n<td rowspan=\"2\" class=\"zentriert\">\n                                                <a title=\"FC Viktoria K\u00f6ln U19\" href=\"https:\/\/www.transfermarkt.de\/fc-viktoria-koln-u19\/startseite\/verein\/10075\" target=\"_blank\" rel=\"noopener\"><img decoding=\"async\" src=\"https:\/\/www.europesays.com\/de\/wp-content\/uploads\/2025\/07\/10075.png\" title=\"FC Viktoria K\u00f6ln U19\" alt=\"FC Viktoria K\u00f6ln U19\" class=\"tiny_wappen\"\/><\/a>                                            <\/td>\n<td class=\"hauptlink hide-for-small\">\n                                                <a title=\"FC Viktoria K\u00f6ln U19\" href=\"https:\/\/www.transfermarkt.de\/fc-viktoria-koln-u19\/startseite\/verein\/10075\" target=\"_blank\" rel=\"noopener\">Vikt. K\u00f6ln U19<\/a>                                            <\/td>\n<\/tr>\n<tr>\n<td class=\"hide-for-small\">\n                                                <img decoding=\"async\" src=\"https:\/\/www.europesays.com\/de\/wp-content\/uploads\/2025\/06\/40.png\" title=\"Deutschland\" alt=\"Deutschland\" class=\"flaggenrahmen\"\/> U19-Bundesliga West                                            <\/td>\n<\/tr>\n<\/td>\n<td class=\"zentriert hide-for-small\">\n                                    31.01.2017                                <\/td>\n<td class=\"zentriert hauptlink\">\n                                    abl\u00f6sefrei                                <\/td>\n<\/tr>\n<tr>\n<td class=\"zentriert hauptlink\">\n                                    16\/17                                <\/td>\n<td>\n<tr>\n<td rowspan=\"2\">\n                                                <img decoding=\"async\" src=\"https:\/\/www.europesays.com\/de\/wp-content\/uploads\/2025\/06\/default.jpg\" title=\"Anastasios Kostikidis\" alt=\"Anastasios Kostikidis\" class=\"bilderrahmen-fixed\"\/>                                            <\/td>\n<td class=\"hauptlink\">\n                                                <a title=\"Anastasios Kostikidis\" href=\"https:\/\/www.transfermarkt.de\/anastasios-kostikidis\/profil\/spieler\/326849\" target=\"_blank\" rel=\"noopener\">Anastasios Kostikidis<\/a>                                            <\/td>\n<\/tr>\n<tr>\n<td>Defensives Mittelfeld<\/td>\n<\/tr>\n<\/td>\n<td class=\"zentriert hide-for-small\">\n                                    <img decoding=\"async\" src=\"https:\/\/www.europesays.com\/de\/wp-content\/uploads\/2025\/06\/56.png\" title=\"Griechenland\" alt=\"Griechenland\" class=\"flaggenrahmen\"\/><br \/><img decoding=\"async\" src=\"https:\/\/www.europesays.com\/de\/wp-content\/uploads\/2025\/06\/1750017269_71_40.png\" title=\"Deutschland\" alt=\"Deutschland\" class=\"flaggenrahmen\"\/>                                <\/td>\n<td>\n<tr>\n<td rowspan=\"2\" class=\"zentriert\">\n                                                <a title=\"1.FC K\u00f6ln U19\" href=\"https:\/\/www.transfermarkt.de\/1-fc-koln-u19\/startseite\/verein\/1461\" target=\"_blank\" rel=\"noopener\"><img decoding=\"async\" src=\"https:\/\/www.europesays.com\/de\/wp-content\/uploads\/2025\/06\/1461.png\" title=\"1.FC K\u00f6ln U19\" alt=\"1.FC K\u00f6ln U19\" class=\"tiny_wappen\"\/><\/a>                                            <\/td>\n<td class=\"hauptlink hide-for-small\">\n                                                <a title=\"1.FC K\u00f6ln U19\" href=\"https:\/\/www.transfermarkt.de\/1-fc-koln-u19\/startseite\/verein\/1461\" target=\"_blank\" rel=\"noopener\">1.FC K\u00f6ln U19<\/a>                                            <\/td>\n<\/tr>\n<tr>\n<td class=\"hide-for-small\">\n                                                <img decoding=\"async\" src=\"https:\/\/www.europesays.com\/de\/wp-content\/uploads\/2025\/06\/40.png\" title=\"Deutschland\" alt=\"Deutschland\" class=\"flaggenrahmen\"\/> U19-Bundesliga West                                            <\/td>\n<\/tr>\n<\/td>\n<td>\n<tr>\n<td rowspan=\"2\" class=\"zentriert\">\n                                                <a title=\"FC Viktoria K\u00f6ln U19\" href=\"https:\/\/www.transfermarkt.de\/fc-viktoria-koln-u19\/startseite\/verein\/10075\" target=\"_blank\" rel=\"noopener\"><img decoding=\"async\" src=\"https:\/\/www.europesays.com\/de\/wp-content\/uploads\/2025\/07\/10075.png\" title=\"FC Viktoria K\u00f6ln U19\" alt=\"FC Viktoria K\u00f6ln U19\" class=\"tiny_wappen\"\/><\/a>                                            <\/td>\n<td class=\"hauptlink hide-for-small\">\n                                                <a title=\"FC Viktoria K\u00f6ln U19\" href=\"https:\/\/www.transfermarkt.de\/fc-viktoria-koln-u19\/startseite\/verein\/10075\" target=\"_blank\" rel=\"noopener\">Vikt. K\u00f6ln U19<\/a>                                            <\/td>\n<\/tr>\n<tr>\n<td class=\"hide-for-small\">\n                                                <img decoding=\"async\" src=\"https:\/\/www.europesays.com\/de\/wp-content\/uploads\/2025\/06\/40.png\" title=\"Deutschland\" alt=\"Deutschland\" class=\"flaggenrahmen\"\/> U19-Bundesliga West                                            <\/td>\n<\/tr>\n<\/td>\n<td class=\"zentriert hide-for-small\">\n                                    01.01.2017                                <\/td>\n<td class=\"zentriert hauptlink\">\n                                    abl\u00f6sefrei                                <\/td>\n<\/tr>\n<tr>\n<td class=\"zentriert hauptlink\">\n                                    16\/17                                <\/td>\n<td>\n<tr>\n<td rowspan=\"2\">\n                                                <img decoding=\"async\" src=\"https:\/\/www.europesays.com\/de\/wp-content\/uploads\/2025\/07\/441990-1515269087.JPG\" title=\"Altrim Pajaziti\" alt=\"Altrim Pajaziti\" class=\"bilderrahmen-fixed\"\/>                                            <\/td>\n<td class=\"hauptlink\">\n                                                <a title=\"Altrim Pajaziti\" href=\"https:\/\/www.transfermarkt.de\/altrim-pajaziti\/profil\/spieler\/441990\" target=\"_blank\" rel=\"noopener\">Altrim Pajaziti<\/a>                                            <\/td>\n<\/tr>\n<tr>\n<td>Linksau\u00dfen<\/td>\n<\/tr>\n<\/td>\n<td class=\"zentriert hide-for-small\">\n                                    <img decoding=\"async\" src=\"https:\/\/www.europesays.com\/de\/wp-content\/uploads\/2025\/07\/244.png\" title=\"Kosovo\" alt=\"Kosovo\" class=\"flaggenrahmen\"\/><br \/><img decoding=\"async\" src=\"https:\/\/www.europesays.com\/de\/wp-content\/uploads\/2025\/06\/1751078855_286_3.png\" title=\"Albanien\" alt=\"Albanien\" class=\"flaggenrahmen\"\/>                                <\/td>\n<td>\n<tr>\n<td rowspan=\"2\" class=\"zentriert\">\n                                                <a title=\"1.FC K\u00f6ln U17\" href=\"https:\/\/www.transfermarkt.de\/1-fc-koln-u17\/startseite\/verein\/21048\" target=\"_blank\" rel=\"noopener\"><img decoding=\"async\" src=\"https:\/\/www.europesays.com\/de\/wp-content\/uploads\/2025\/06\/21048.png\" title=\"1.FC K\u00f6ln U17\" alt=\"1.FC K\u00f6ln U17\" class=\"tiny_wappen\"\/><\/a>                                            <\/td>\n<td class=\"hauptlink hide-for-small\">\n                                                <a title=\"1.FC K\u00f6ln U17\" href=\"https:\/\/www.transfermarkt.de\/1-fc-koln-u17\/startseite\/verein\/21048\" target=\"_blank\" rel=\"noopener\">1.FC K\u00f6ln U17<\/a>                                            <\/td>\n<\/tr>\n<tr>\n<td class=\"hide-for-small\">\n                                                <img decoding=\"async\" src=\"https:\/\/www.europesays.com\/de\/wp-content\/uploads\/2025\/06\/40.png\" title=\"Deutschland\" alt=\"Deutschland\" class=\"flaggenrahmen\"\/> U17-Bundesliga West                                            <\/td>\n<\/tr>\n<\/td>\n<td>\n<tr>\n<td rowspan=\"2\" class=\"zentriert\">\n                                                <a title=\"FC Viktoria K\u00f6ln U17\" href=\"https:\/\/www.transfermarkt.de\/fc-viktoria-koln-u17\/startseite\/verein\/34088\" target=\"_blank\" rel=\"noopener\"><img decoding=\"async\" src=\"https:\/\/www.europesays.com\/de\/wp-content\/uploads\/2025\/07\/34088.png\" title=\"FC Viktoria K\u00f6ln U17\" alt=\"FC Viktoria K\u00f6ln U17\" class=\"tiny_wappen\"\/><\/a>                                            <\/td>\n<td class=\"hauptlink hide-for-small\">\n                                                <a title=\"FC Viktoria K\u00f6ln U17\" href=\"https:\/\/www.transfermarkt.de\/fc-viktoria-koln-u17\/startseite\/verein\/34088\" target=\"_blank\" rel=\"noopener\">Vikt. K\u00f6ln U17<\/a>                                            <\/td>\n<\/tr>\n<tr>\n<td class=\"hide-for-small\">\n                                                <img decoding=\"async\" src=\"https:\/\/www.europesays.com\/de\/wp-content\/uploads\/2025\/06\/40.png\" title=\"Deutschland\" alt=\"Deutschland\" class=\"flaggenrahmen\"\/> U17-Bundesliga West                                            <\/td>\n<\/tr>\n<\/td>\n<td class=\"zentriert hide-for-small\">\n                                    01.01.2017                                <\/td>\n<td class=\"zentriert hauptlink\">\n                                    abl\u00f6sefrei                                <\/td>\n<\/tr>\n<tr>\n<td class=\"zentriert hauptlink\">\n                                    16\/17                                <\/td>\n<td>\n<tr>\n<td rowspan=\"2\">\n                                                <img decoding=\"async\" src=\"https:\/\/www.europesays.com\/de\/wp-content\/uploads\/2025\/07\/449503-1515268314.JPG\" title=\"Ioannis Varnas\" alt=\"Ioannis Varnas\" class=\"bilderrahmen-fixed\"\/>                                            <\/td>\n<td class=\"hauptlink\">\n                                                <a title=\"Ioannis Varnas\" href=\"https:\/\/www.transfermarkt.de\/ioannis-varnas\/profil\/spieler\/449503\" target=\"_blank\" rel=\"noopener\">Ioannis Varnas<\/a>                                            <\/td>\n<\/tr>\n<tr>\n<td>Linksau\u00dfen<\/td>\n<\/tr>\n<\/td>\n<td class=\"zentriert hide-for-small\">\n                                    <img decoding=\"async\" src=\"https:\/\/www.europesays.com\/de\/wp-content\/uploads\/2025\/06\/1750017269_71_40.png\" title=\"Deutschland\" alt=\"Deutschland\" class=\"flaggenrahmen\"\/><br \/><img decoding=\"async\" src=\"https:\/\/www.europesays.com\/de\/wp-content\/uploads\/2025\/06\/56.png\" title=\"Griechenland\" alt=\"Griechenland\" class=\"flaggenrahmen\"\/>                                <\/td>\n<td>\n<tr>\n<td rowspan=\"2\" class=\"zentriert\">\n                                                <a title=\"1.FC K\u00f6ln U17\" href=\"https:\/\/www.transfermarkt.de\/1-fc-koln-u17\/startseite\/verein\/21048\" target=\"_blank\" rel=\"noopener\"><img decoding=\"async\" src=\"https:\/\/www.europesays.com\/de\/wp-content\/uploads\/2025\/06\/21048.png\" title=\"1.FC K\u00f6ln U17\" alt=\"1.FC K\u00f6ln U17\" class=\"tiny_wappen\"\/><\/a>                                            <\/td>\n<td class=\"hauptlink hide-for-small\">\n                                                <a title=\"1.FC K\u00f6ln U17\" href=\"https:\/\/www.transfermarkt.de\/1-fc-koln-u17\/startseite\/verein\/21048\" target=\"_blank\" rel=\"noopener\">1.FC K\u00f6ln U17<\/a>                                            <\/td>\n<\/tr>\n<tr>\n<td class=\"hide-for-small\">\n                                                <img decoding=\"async\" src=\"https:\/\/www.europesays.com\/de\/wp-content\/uploads\/2025\/06\/40.png\" title=\"Deutschland\" alt=\"Deutschland\" class=\"flaggenrahmen\"\/> U17-Bundesliga West                                            <\/td>\n<\/tr>\n<\/td>\n<td>\n<tr>\n<td rowspan=\"2\" class=\"zentriert\">\n                                                <a title=\"FC Viktoria K\u00f6ln U17\" href=\"https:\/\/www.transfermarkt.de\/fc-viktoria-koln-u17\/startseite\/verein\/34088\" target=\"_blank\" rel=\"noopener\"><img decoding=\"async\" src=\"https:\/\/www.europesays.com\/de\/wp-content\/uploads\/2025\/07\/34088.png\" title=\"FC Viktoria K\u00f6ln U17\" alt=\"FC Viktoria K\u00f6ln U17\" class=\"tiny_wappen\"\/><\/a>                                            <\/td>\n<td class=\"hauptlink hide-for-small\">\n                                                <a title=\"FC Viktoria K\u00f6ln U17\" href=\"https:\/\/www.transfermarkt.de\/fc-viktoria-koln-u17\/startseite\/verein\/34088\" target=\"_blank\" rel=\"noopener\">Vikt. K\u00f6ln U17<\/a>                                            <\/td>\n<\/tr>\n<tr>\n<td class=\"hide-for-small\">\n                                                <img decoding=\"async\" src=\"https:\/\/www.europesays.com\/de\/wp-content\/uploads\/2025\/06\/40.png\" title=\"Deutschland\" alt=\"Deutschland\" class=\"flaggenrahmen\"\/> U17-Bundesliga West                                            <\/td>\n<\/tr>\n<\/td>\n<td class=\"zentriert hide-for-small\">\n                                    01.01.2017                                <\/td>\n<td class=\"zentriert hauptlink\">\n                                    abl\u00f6sefrei                                <\/td>\n<\/tr>\n<tr>\n<td class=\"zentriert hauptlink\">\n                                    16\/17                                <\/td>\n<td>\n<tr>\n<td rowspan=\"2\">\n                                                <img decoding=\"async\" src=\"https:\/\/www.europesays.com\/de\/wp-content\/uploads\/2025\/06\/default.jpg\" title=\"David Schmitt\" alt=\"David Schmitt\" class=\"bilderrahmen-fixed\"\/>                                            <\/td>\n<td class=\"hauptlink\">\n                                                <a title=\"David Schmitt\" href=\"https:\/\/www.transfermarkt.de\/david-schmitt\/profil\/spieler\/441988\" target=\"_blank\" rel=\"noopener\">David Schmitt<\/a>                                            <\/td>\n<\/tr>\n<tr>\n<td>Abwehr<\/td>\n<\/tr>\n<\/td>\n<td class=\"zentriert hide-for-small\">\n                                    <img decoding=\"async\" src=\"https:\/\/www.europesays.com\/de\/wp-content\/uploads\/2025\/06\/1750017269_71_40.png\" title=\"Deutschland\" alt=\"Deutschland\" class=\"flaggenrahmen\"\/>                                <\/td>\n<td>\n<tr>\n<td rowspan=\"2\" class=\"zentriert\">\n                                                <a title=\"1.FC K\u00f6ln U17\" href=\"https:\/\/www.transfermarkt.de\/1-fc-koln-u17\/startseite\/verein\/21048\" target=\"_blank\" rel=\"noopener\"><img decoding=\"async\" src=\"https:\/\/www.europesays.com\/de\/wp-content\/uploads\/2025\/06\/21048.png\" title=\"1.FC K\u00f6ln U17\" alt=\"1.FC K\u00f6ln U17\" class=\"tiny_wappen\"\/><\/a>                                            <\/td>\n<td class=\"hauptlink hide-for-small\">\n                                                <a title=\"1.FC K\u00f6ln U17\" href=\"https:\/\/www.transfermarkt.de\/1-fc-koln-u17\/startseite\/verein\/21048\" target=\"_blank\" rel=\"noopener\">1.FC K\u00f6ln U17<\/a>                                            <\/td>\n<\/tr>\n<tr>\n<td class=\"hide-for-small\">\n                                                <img decoding=\"async\" src=\"https:\/\/www.europesays.com\/de\/wp-content\/uploads\/2025\/06\/40.png\" title=\"Deutschland\" alt=\"Deutschland\" class=\"flaggenrahmen\"\/> U17-Bundesliga West                                            <\/td>\n<\/tr>\n<\/td>\n<td>\n<tr>\n<td rowspan=\"2\" class=\"zentriert\">\n                                                <a title=\"FC Viktoria K\u00f6ln U17\" href=\"https:\/\/www.transfermarkt.de\/fc-viktoria-koln-u17\/startseite\/verein\/34088\" target=\"_blank\" rel=\"noopener\"><img decoding=\"async\" src=\"https:\/\/www.europesays.com\/de\/wp-content\/uploads\/2025\/07\/34088.png\" title=\"FC Viktoria K\u00f6ln U17\" alt=\"FC Viktoria K\u00f6ln U17\" class=\"tiny_wappen\"\/><\/a>                                            <\/td>\n<td class=\"hauptlink hide-for-small\">\n                                                <a title=\"FC Viktoria K\u00f6ln U17\" href=\"https:\/\/www.transfermarkt.de\/fc-viktoria-koln-u17\/startseite\/verein\/34088\" target=\"_blank\" rel=\"noopener\">Vikt. K\u00f6ln U17<\/a>                                            <\/td>\n<\/tr>\n<tr>\n<td class=\"hide-for-small\">\n                                                <img decoding=\"async\" src=\"https:\/\/www.europesays.com\/de\/wp-content\/uploads\/2025\/06\/40.png\" title=\"Deutschland\" alt=\"Deutschland\" class=\"flaggenrahmen\"\/> U17-Bundesliga West                                            <\/td>\n<\/tr>\n<\/td>\n<td class=\"zentriert hide-for-small\">\n                                    01.01.2017                                <\/td>\n<td class=\"zentriert hauptlink\">\n                                    abl\u00f6sefrei                                <\/td>\n<\/tr>\n<tr>\n<td class=\"zentriert hauptlink\">\n                                    16\/17                                <\/td>\n<td>\n<tr>\n<td rowspan=\"2\">\n                                                <img decoding=\"async\" src=\"https:\/\/www.europesays.com\/de\/wp-content\/uploads\/2025\/07\/453751-1515267969.JPG\" title=\"Hendrik Hebbeker\" alt=\"Hendrik Hebbeker\" class=\"bilderrahmen-fixed\"\/>                                            <\/td>\n<td class=\"hauptlink\">\n                                                <a title=\"Hendrik Hebbeker\" href=\"https:\/\/www.transfermarkt.de\/hendrik-hebbeker\/profil\/spieler\/453751\" target=\"_blank\" rel=\"noopener\">Hendrik Hebbeker<\/a>                                            <\/td>\n<\/tr>\n<tr>\n<td>Offensives Mittelfeld<\/td>\n<\/tr>\n<\/td>\n<td class=\"zentriert hide-for-small\">\n                                    <img decoding=\"async\" src=\"https:\/\/www.europesays.com\/de\/wp-content\/uploads\/2025\/06\/1750017269_71_40.png\" title=\"Deutschland\" alt=\"Deutschland\" class=\"flaggenrahmen\"\/>                                <\/td>\n<td>\n<tr>\n<td rowspan=\"2\" class=\"zentriert\">\n                                                <a title=\"1.FC K\u00f6ln Jugend\" href=\"https:\/\/www.transfermarkt.de\/1-fc-koln-jugend\/startseite\/verein\/11880\" target=\"_blank\" rel=\"noopener\"><img decoding=\"async\" src=\"https:\/\/www.europesays.com\/de\/wp-content\/uploads\/2025\/06\/11880.png\" title=\"1.FC K\u00f6ln Jugend\" alt=\"1.FC K\u00f6ln Jugend\" class=\"tiny_wappen\"\/><\/a>                                            <\/td>\n<td class=\"hauptlink hide-for-small\">\n                                                <a title=\"1.FC K\u00f6ln Jugend\" href=\"https:\/\/www.transfermarkt.de\/1-fc-koln-jugend\/startseite\/verein\/11880\" target=\"_blank\" rel=\"noopener\">1.FC K\u00f6ln Jgd.<\/a>                                            <\/td>\n<\/tr>\n<tr>\n<td class=\"hide-for-small\">\n                                                <img decoding=\"async\" src=\"https:\/\/www.europesays.com\/de\/wp-content\/uploads\/2025\/06\/40.png\" title=\"Deutschland\" alt=\"Deutschland\" class=\"flaggenrahmen\"\/> Deutschland                                            <\/td>\n<\/tr>\n<\/td>\n<td>\n<tr>\n<td rowspan=\"2\" class=\"zentriert\">\n                                                <a title=\"FC Viktoria K\u00f6ln U17\" href=\"https:\/\/www.transfermarkt.de\/fc-viktoria-koln-u17\/startseite\/verein\/34088\" target=\"_blank\" rel=\"noopener\"><img decoding=\"async\" src=\"https:\/\/www.europesays.com\/de\/wp-content\/uploads\/2025\/07\/34088.png\" title=\"FC Viktoria K\u00f6ln U17\" alt=\"FC Viktoria K\u00f6ln U17\" class=\"tiny_wappen\"\/><\/a>                                            <\/td>\n<td class=\"hauptlink hide-for-small\">\n                                                <a title=\"FC Viktoria K\u00f6ln U17\" href=\"https:\/\/www.transfermarkt.de\/fc-viktoria-koln-u17\/startseite\/verein\/34088\" target=\"_blank\" rel=\"noopener\">Vikt. K\u00f6ln U17<\/a>                                            <\/td>\n<\/tr>\n<tr>\n<td class=\"hide-for-small\">\n                                                <img decoding=\"async\" src=\"https:\/\/www.europesays.com\/de\/wp-content\/uploads\/2025\/06\/40.png\" title=\"Deutschland\" alt=\"Deutschland\" class=\"flaggenrahmen\"\/> U17-Bundesliga West                                            <\/td>\n<\/tr>\n<\/td>\n<td class=\"zentriert hide-for-small\">\n                                    01.07.2016                                <\/td>\n<td class=\"zentriert hauptlink\">\n                                    ?                                <\/td>\n<\/tr>\n<tr>\n<td class=\"zentriert hauptlink\">\n                                    16\/17                                <\/td>\n<td>\n<tr>\n<td rowspan=\"2\">\n                                                <img decoding=\"async\" src=\"https:\/\/www.europesays.com\/de\/wp-content\/uploads\/2025\/07\/453745-1515266741.JPG\" title=\"Ben Harneid\" alt=\"Ben Harneid\" class=\"bilderrahmen-fixed\"\/>                                            <\/td>\n<td class=\"hauptlink\">\n                                                <a title=\"Ben Harneid\" href=\"https:\/\/www.transfermarkt.de\/ben-harneid\/profil\/spieler\/453745\" target=\"_blank\" rel=\"noopener\">Ben Harneid<\/a>                                            <\/td>\n<\/tr>\n<tr>\n<td>Innenverteidiger<\/td>\n<\/tr>\n<\/td>\n<td class=\"zentriert hide-for-small\">\n                                    <img decoding=\"async\" src=\"https:\/\/www.europesays.com\/de\/wp-content\/uploads\/2025\/06\/1750017269_71_40.png\" title=\"Deutschland\" alt=\"Deutschland\" class=\"flaggenrahmen\"\/>                                <\/td>\n<td>\n<tr>\n<td rowspan=\"2\" class=\"zentriert\">\n                                                <a title=\"1.FC K\u00f6ln Jugend\" href=\"https:\/\/www.transfermarkt.de\/1-fc-koln-jugend\/startseite\/verein\/11880\" target=\"_blank\" rel=\"noopener\"><img decoding=\"async\" src=\"https:\/\/www.europesays.com\/de\/wp-content\/uploads\/2025\/06\/11880.png\" title=\"1.FC K\u00f6ln Jugend\" alt=\"1.FC K\u00f6ln Jugend\" class=\"tiny_wappen\"\/><\/a>                                            <\/td>\n<td class=\"hauptlink hide-for-small\">\n                                                <a title=\"1.FC K\u00f6ln Jugend\" href=\"https:\/\/www.transfermarkt.de\/1-fc-koln-jugend\/startseite\/verein\/11880\" target=\"_blank\" rel=\"noopener\">1.FC K\u00f6ln Jgd.<\/a>                                            <\/td>\n<\/tr>\n<tr>\n<td class=\"hide-for-small\">\n                                                <img decoding=\"async\" src=\"https:\/\/www.europesays.com\/de\/wp-content\/uploads\/2025\/06\/40.png\" title=\"Deutschland\" alt=\"Deutschland\" class=\"flaggenrahmen\"\/> Deutschland                                            <\/td>\n<\/tr>\n<\/td>\n<td>\n<tr>\n<td rowspan=\"2\" class=\"zentriert\">\n                                                <a title=\"FC Viktoria K\u00f6ln U17\" href=\"https:\/\/www.transfermarkt.de\/fc-viktoria-koln-u17\/startseite\/verein\/34088\" target=\"_blank\" rel=\"noopener\"><img decoding=\"async\" src=\"https:\/\/www.europesays.com\/de\/wp-content\/uploads\/2025\/07\/34088.png\" title=\"FC Viktoria K\u00f6ln U17\" alt=\"FC Viktoria K\u00f6ln U17\" class=\"tiny_wappen\"\/><\/a>                                            <\/td>\n<td class=\"hauptlink hide-for-small\">\n                                                <a title=\"FC Viktoria K\u00f6ln U17\" href=\"https:\/\/www.transfermarkt.de\/fc-viktoria-koln-u17\/startseite\/verein\/34088\" target=\"_blank\" rel=\"noopener\">Vikt. K\u00f6ln U17<\/a>                                            <\/td>\n<\/tr>\n<tr>\n<td class=\"hide-for-small\">\n                                                <img decoding=\"async\" src=\"https:\/\/www.europesays.com\/de\/wp-content\/uploads\/2025\/06\/40.png\" title=\"Deutschland\" alt=\"Deutschland\" class=\"flaggenrahmen\"\/> U17-Bundesliga West                                            <\/td>\n<\/tr>\n<\/td>\n<td class=\"zentriert hide-for-small\">\n                                    01.07.2016                                <\/td>\n<td class=\"zentriert hauptlink\">\n                                    abl\u00f6sefrei                                <\/td>\n<\/tr>\n<tr>\n<td class=\"zentriert hauptlink\">\n                                    16\/17                                <\/td>\n<td>\n<tr>\n<td rowspan=\"2\">\n                                                <img decoding=\"async\" src=\"https:\/\/www.europesays.com\/de\/wp-content\/uploads\/2025\/07\/456129-1616428724.jpg\" title=\"Folarin Ibigoni Williams\" alt=\"Folarin Ibigoni Williams\" class=\"bilderrahmen-fixed\"\/>                                            <\/td>\n<td class=\"hauptlink\">\n                                                <a title=\"Folarin Ibigoni Williams\" href=\"https:\/\/www.transfermarkt.de\/folarin-ibigoni-williams\/profil\/spieler\/456129\" target=\"_blank\" rel=\"noopener\">Folarin Ibigoni Williams<\/a>                                            <\/td>\n<\/tr>\n<tr>\n<td>Innenverteidiger<\/td>\n<\/tr>\n<\/td>\n<td class=\"zentriert hide-for-small\">\n                                    <img decoding=\"async\" src=\"https:\/\/www.europesays.com\/de\/wp-content\/uploads\/2025\/06\/1750017269_71_40.png\" title=\"Deutschland\" alt=\"Deutschland\" class=\"flaggenrahmen\"\/><br \/><img decoding=\"async\" src=\"https:\/\/www.europesays.com\/de\/wp-content\/uploads\/2025\/06\/124.png\" title=\"Nigeria\" alt=\"Nigeria\" class=\"flaggenrahmen\"\/>                                <\/td>\n<td>\n<tr>\n<td rowspan=\"2\" class=\"zentriert\">\n                                                <a title=\"1.FC K\u00f6ln Jugend\" href=\"https:\/\/www.transfermarkt.de\/1-fc-koln-jugend\/startseite\/verein\/11880\" target=\"_blank\" rel=\"noopener\"><img decoding=\"async\" src=\"https:\/\/www.europesays.com\/de\/wp-content\/uploads\/2025\/06\/11880.png\" title=\"1.FC K\u00f6ln Jugend\" alt=\"1.FC K\u00f6ln Jugend\" class=\"tiny_wappen\"\/><\/a>                                            <\/td>\n<td class=\"hauptlink hide-for-small\">\n                                                <a title=\"1.FC K\u00f6ln Jugend\" href=\"https:\/\/www.transfermarkt.de\/1-fc-koln-jugend\/startseite\/verein\/11880\" target=\"_blank\" rel=\"noopener\">1.FC K\u00f6ln Jgd.<\/a>                                            <\/td>\n<\/tr>\n<tr>\n<td class=\"hide-for-small\">\n                                                <img decoding=\"async\" src=\"https:\/\/www.europesays.com\/de\/wp-content\/uploads\/2025\/06\/40.png\" title=\"Deutschland\" alt=\"Deutschland\" class=\"flaggenrahmen\"\/> Deutschland                                            <\/td>\n<\/tr>\n<\/td>\n<td>\n<tr>\n<td rowspan=\"2\" class=\"zentriert\">\n                                                <a title=\"FC Viktoria K\u00f6ln U17\" href=\"https:\/\/www.transfermarkt.de\/fc-viktoria-koln-u17\/startseite\/verein\/34088\" target=\"_blank\" rel=\"noopener\"><img decoding=\"async\" src=\"https:\/\/www.europesays.com\/de\/wp-content\/uploads\/2025\/07\/34088.png\" title=\"FC Viktoria K\u00f6ln U17\" alt=\"FC Viktoria K\u00f6ln U17\" class=\"tiny_wappen\"\/><\/a>                                            <\/td>\n<td class=\"hauptlink hide-for-small\">\n                                                <a title=\"FC Viktoria K\u00f6ln U17\" href=\"https:\/\/www.transfermarkt.de\/fc-viktoria-koln-u17\/startseite\/verein\/34088\" target=\"_blank\" rel=\"noopener\">Vikt. K\u00f6ln U17<\/a>                                            <\/td>\n<\/tr>\n<tr>\n<td class=\"hide-for-small\">\n                                                <img decoding=\"async\" src=\"https:\/\/www.europesays.com\/de\/wp-content\/uploads\/2025\/06\/40.png\" title=\"Deutschland\" alt=\"Deutschland\" class=\"flaggenrahmen\"\/> U17-Bundesliga West                                            <\/td>\n<\/tr>\n<\/td>\n<td class=\"zentriert hide-for-small\">\n                                    01.07.2016                                <\/td>\n<td class=\"zentriert hauptlink\">\n                                    abl\u00f6sefrei                                <\/td>\n<\/tr>\n<tr>\n<td class=\"zentriert hauptlink\">\n                                    16\/17                                <\/td>\n<td>\n<tr>\n<td rowspan=\"2\">\n                                                <img decoding=\"async\" src=\"https:\/\/www.europesays.com\/de\/wp-content\/uploads\/2025\/07\/456132-1515268006.JPG\" title=\"Pascal Leon von Matthey\" alt=\"Pascal Leon von Matthey\" class=\"bilderrahmen-fixed\"\/>                                            <\/td>\n<td class=\"hauptlink\">\n                                                <a title=\"Pascal Leon von Matthey\" href=\"https:\/\/www.transfermarkt.de\/pascal-leon-von-matthey\/profil\/spieler\/456132\" target=\"_blank\" rel=\"noopener\">Pascal Leon von Matthey<\/a>                                            <\/td>\n<\/tr>\n<tr>\n<td>Rechtes Mittelfeld<\/td>\n<\/tr>\n<\/td>\n<td class=\"zentriert hide-for-small\">\n                                    <img decoding=\"async\" src=\"https:\/\/www.europesays.com\/de\/wp-content\/uploads\/2025\/06\/1750017269_71_40.png\" title=\"Deutschland\" alt=\"Deutschland\" class=\"flaggenrahmen\"\/>                                <\/td>\n<td>\n<tr>\n<td rowspan=\"2\" class=\"zentriert\">\n                                                <a title=\"1.FC K\u00f6ln Jugend\" href=\"https:\/\/www.transfermarkt.de\/1-fc-koln-jugend\/startseite\/verein\/11880\" target=\"_blank\" rel=\"noopener\"><img decoding=\"async\" src=\"https:\/\/www.europesays.com\/de\/wp-content\/uploads\/2025\/06\/11880.png\" title=\"1.FC K\u00f6ln Jugend\" alt=\"1.FC K\u00f6ln Jugend\" class=\"tiny_wappen\"\/><\/a>                                            <\/td>\n<td class=\"hauptlink hide-for-small\">\n                                                <a title=\"1.FC K\u00f6ln Jugend\" href=\"https:\/\/www.transfermarkt.de\/1-fc-koln-jugend\/startseite\/verein\/11880\" target=\"_blank\" rel=\"noopener\">1.FC K\u00f6ln Jgd.<\/a>                                            <\/td>\n<\/tr>\n<tr>\n<td class=\"hide-for-small\">\n                                                <img decoding=\"async\" src=\"https:\/\/www.europesays.com\/de\/wp-content\/uploads\/2025\/06\/40.png\" title=\"Deutschland\" alt=\"Deutschland\" class=\"flaggenrahmen\"\/> Deutschland                                            <\/td>\n<\/tr>\n<\/td>\n<td>\n<tr>\n<td rowspan=\"2\" class=\"zentriert\">\n                                                <a title=\"FC Viktoria K\u00f6ln U17\" href=\"https:\/\/www.transfermarkt.de\/fc-viktoria-koln-u17\/startseite\/verein\/34088\" target=\"_blank\" rel=\"noopener\"><img decoding=\"async\" src=\"https:\/\/www.europesays.com\/de\/wp-content\/uploads\/2025\/07\/34088.png\" title=\"FC Viktoria K\u00f6ln U17\" alt=\"FC Viktoria K\u00f6ln U17\" class=\"tiny_wappen\"\/><\/a>                                            <\/td>\n<td class=\"hauptlink hide-for-small\">\n                                                <a title=\"FC Viktoria K\u00f6ln U17\" href=\"https:\/\/www.transfermarkt.de\/fc-viktoria-koln-u17\/startseite\/verein\/34088\" target=\"_blank\" rel=\"noopener\">Vikt. K\u00f6ln U17<\/a>                                            <\/td>\n<\/tr>\n<tr>\n<td class=\"hide-for-small\">\n                                                <img decoding=\"async\" src=\"https:\/\/www.europesays.com\/de\/wp-content\/uploads\/2025\/06\/40.png\" title=\"Deutschland\" alt=\"Deutschland\" class=\"flaggenrahmen\"\/> U17-Bundesliga West                                            <\/td>\n<\/tr>\n<\/td>\n<td class=\"zentriert hide-for-small\">\n                                    01.07.2016                                <\/td>\n<td class=\"zentriert hauptlink\">\n                                    abl\u00f6sefrei                                <\/td>\n<\/tr>\n<tr>\n<td class=\"zentriert hauptlink\">\n                                    16\/17                                <\/td>\n<td>\n<tr>\n<td rowspan=\"2\">\n                                                <img decoding=\"async\" src=\"https:\/\/www.europesays.com\/de\/wp-content\/uploads\/2025\/07\/375133-1515268056.JPG\" title=\"Adrijan Behrami\" alt=\"Adrijan Behrami\" class=\"bilderrahmen-fixed\"\/>                                            <\/td>\n<td class=\"hauptlink\">\n                                                <a title=\"Adrijan Behrami\" href=\"https:\/\/www.transfermarkt.de\/adrijan-behrami\/profil\/spieler\/375133\" target=\"_blank\" rel=\"noopener\">Adrijan Behrami<\/a>                                            <\/td>\n<\/tr>\n<tr>\n<td>Defensives Mittelfeld<\/td>\n<\/tr>\n<\/td>\n<td class=\"zentriert hide-for-small\">\n                                    <img decoding=\"async\" src=\"https:\/\/www.europesays.com\/de\/wp-content\/uploads\/2025\/07\/244.png\" title=\"Kosovo\" alt=\"Kosovo\" class=\"flaggenrahmen\"\/><br \/><img decoding=\"async\" src=\"https:\/\/www.europesays.com\/de\/wp-content\/uploads\/2025\/06\/1750017269_71_40.png\" title=\"Deutschland\" alt=\"Deutschland\" class=\"flaggenrahmen\"\/>                                <\/td>\n<td>\n<tr>\n<td rowspan=\"2\" class=\"zentriert\">\n                                                <a title=\"1.FC K\u00f6ln U17\" href=\"https:\/\/www.transfermarkt.de\/1-fc-koln-u17\/startseite\/verein\/21048\" target=\"_blank\" rel=\"noopener\"><img decoding=\"async\" src=\"https:\/\/www.europesays.com\/de\/wp-content\/uploads\/2025\/06\/21048.png\" title=\"1.FC K\u00f6ln U17\" alt=\"1.FC K\u00f6ln U17\" class=\"tiny_wappen\"\/><\/a>                                            <\/td>\n<td class=\"hauptlink hide-for-small\">\n                                                <a title=\"1.FC K\u00f6ln U17\" href=\"https:\/\/www.transfermarkt.de\/1-fc-koln-u17\/startseite\/verein\/21048\" target=\"_blank\" rel=\"noopener\">1.FC K\u00f6ln U17<\/a>                                            <\/td>\n<\/tr>\n<tr>\n<td class=\"hide-for-small\">\n                                                <img decoding=\"async\" src=\"https:\/\/www.europesays.com\/de\/wp-content\/uploads\/2025\/06\/40.png\" title=\"Deutschland\" alt=\"Deutschland\" class=\"flaggenrahmen\"\/> U17-Bundesliga West                                            <\/td>\n<\/tr>\n<\/td>\n<td>\n<tr>\n<td rowspan=\"2\" class=\"zentriert\">\n                                                <a title=\"FC Viktoria K\u00f6ln U19\" href=\"https:\/\/www.transfermarkt.de\/fc-viktoria-koln-u19\/startseite\/verein\/10075\" target=\"_blank\" rel=\"noopener\"><img decoding=\"async\" src=\"https:\/\/www.europesays.com\/de\/wp-content\/uploads\/2025\/07\/10075.png\" title=\"FC Viktoria K\u00f6ln U19\" alt=\"FC Viktoria K\u00f6ln U19\" class=\"tiny_wappen\"\/><\/a>                                            <\/td>\n<td class=\"hauptlink hide-for-small\">\n                                                <a title=\"FC Viktoria K\u00f6ln U19\" href=\"https:\/\/www.transfermarkt.de\/fc-viktoria-koln-u19\/startseite\/verein\/10075\" target=\"_blank\" rel=\"noopener\">Vikt. K\u00f6ln U19<\/a>                                            <\/td>\n<\/tr>\n<tr>\n<td class=\"hide-for-small\">\n                                                <img decoding=\"async\" src=\"https:\/\/www.europesays.com\/de\/wp-content\/uploads\/2025\/06\/40.png\" title=\"Deutschland\" alt=\"Deutschland\" class=\"flaggenrahmen\"\/> U19-Bundesliga West                                            <\/td>\n<\/tr>\n<\/td>\n<td class=\"zentriert hide-for-small\">\n                                    01.07.2016                                <\/td>\n<td class=\"zentriert hauptlink\">\n                                    abl\u00f6sefrei                                <\/td>\n<\/tr>\n<tr>\n<td class=\"zentriert hauptlink\">\n                                    16\/17                                <\/td>\n<td>\n<tr>\n<td rowspan=\"2\">\n                                                <img decoding=\"async\" src=\"https:\/\/www.europesays.com\/de\/wp-content\/uploads\/2025\/07\/696011-1719302534.jpg\" title=\"Pierre Nadjombe\" alt=\"Pierre Nadjombe\" class=\"bilderrahmen-fixed\"\/>                                            <\/td>\n<td class=\"hauptlink\">\n                                                <a title=\"Pierre Nadjombe\" href=\"https:\/\/www.transfermarkt.de\/pierre-nadjombe\/profil\/spieler\/696011\" target=\"_blank\" rel=\"noopener\">Pierre Nadjombe<\/a>                                            <\/td>\n<\/tr>\n<tr>\n<td>Rechter Verteidiger<\/td>\n<\/tr>\n<\/td>\n<td class=\"zentriert hide-for-small\">\n                                    <img decoding=\"async\" src=\"https:\/\/www.europesays.com\/de\/wp-content\/uploads\/2025\/06\/168.png\" title=\"Togo\" alt=\"Togo\" class=\"flaggenrahmen\"\/><br \/><img decoding=\"async\" src=\"https:\/\/www.europesays.com\/de\/wp-content\/uploads\/2025\/06\/1750017269_71_40.png\" title=\"Deutschland\" alt=\"Deutschland\" class=\"flaggenrahmen\"\/>                                <\/td>\n<td>\n<tr>\n<td rowspan=\"2\" class=\"zentriert\">\n                                                <a title=\"FC Viktoria K\u00f6ln Jugend\" href=\"https:\/\/www.transfermarkt.de\/fc-viktoria-koln-jugend\/startseite\/verein\/42376\" target=\"_blank\" rel=\"noopener\"><img decoding=\"async\" src=\"https:\/\/www.europesays.com\/de\/wp-content\/uploads\/2025\/07\/42376.png\" title=\"FC Viktoria K\u00f6ln Jugend\" alt=\"FC Viktoria K\u00f6ln Jugend\" class=\"tiny_wappen\"\/><\/a>                                            <\/td>\n<td class=\"hauptlink hide-for-small\">\n                                                <a title=\"FC Viktoria K\u00f6ln Jugend\" href=\"https:\/\/www.transfermarkt.de\/fc-viktoria-koln-jugend\/startseite\/verein\/42376\" target=\"_blank\" rel=\"noopener\">Vikt. K\u00f6ln Jgd.<\/a>                                            <\/td>\n<\/tr>\n<tr>\n<td class=\"hide-for-small\">\n                                                <img decoding=\"async\" src=\"https:\/\/www.europesays.com\/de\/wp-content\/uploads\/2025\/06\/40.png\" title=\"Deutschland\" alt=\"Deutschland\" class=\"flaggenrahmen\"\/> Deutschland                                            <\/td>\n<\/tr>\n<\/td>\n<td>\n<tr>\n<td rowspan=\"2\" class=\"zentriert\">\n                                                <a title=\"1.FC K\u00f6ln Jugend\" href=\"https:\/\/www.transfermarkt.de\/1-fc-koln-jugend\/startseite\/verein\/11880\" target=\"_blank\" rel=\"noopener\"><img decoding=\"async\" src=\"https:\/\/www.europesays.com\/de\/wp-content\/uploads\/2025\/06\/11880.png\" title=\"1.FC K\u00f6ln Jugend\" alt=\"1.FC K\u00f6ln Jugend\" class=\"tiny_wappen\"\/><\/a>                                            <\/td>\n<td class=\"hauptlink hide-for-small\">\n                                                <a title=\"1.FC K\u00f6ln Jugend\" href=\"https:\/\/www.transfermarkt.de\/1-fc-koln-jugend\/startseite\/verein\/11880\" target=\"_blank\" rel=\"noopener\">1.FC K\u00f6ln Jgd.<\/a>                                            <\/td>\n<\/tr>\n<tr>\n<td class=\"hide-for-small\">\n                                                <img decoding=\"async\" src=\"https:\/\/www.europesays.com\/de\/wp-content\/uploads\/2025\/06\/40.png\" title=\"Deutschland\" alt=\"Deutschland\" class=\"flaggenrahmen\"\/> Deutschland                                            <\/td>\n<\/tr>\n<\/td>\n<td class=\"zentriert hide-for-small\">\n                                    01.07.2016                                <\/td>\n<td class=\"zentriert hauptlink\">\n                                    abl\u00f6sefrei                                <\/td>\n<\/tr>\n<tr>\n<td class=\"zentriert hauptlink\">\n                                    16\/17                                <\/td>\n<td>\n<tr>\n<td rowspan=\"2\">\n                                                <img decoding=\"async\" src=\"https:\/\/www.europesays.com\/de\/wp-content\/uploads\/2025\/07\/878789-1695300574.jpg\" title=\"Samuele Carella\" alt=\"Samuele Carella\" class=\"bilderrahmen-fixed\"\/>                                            <\/td>\n<td class=\"hauptlink\">\n                                                <a title=\"Samuele Carella\" href=\"https:\/\/www.transfermarkt.de\/samuele-carella\/profil\/spieler\/878789\" target=\"_blank\" rel=\"noopener\">Samuele Carella<\/a>                                            <\/td>\n<\/tr>\n<tr>\n<td>Offensives Mittelfeld<\/td>\n<\/tr>\n<\/td>\n<td class=\"zentriert hide-for-small\">\n                                    <img decoding=\"async\" src=\"https:\/\/www.europesays.com\/de\/wp-content\/uploads\/2025\/06\/1750017269_71_40.png\" title=\"Deutschland\" alt=\"Deutschland\" class=\"flaggenrahmen\"\/><br \/><img decoding=\"async\" src=\"https:\/\/www.europesays.com\/de\/wp-content\/uploads\/2025\/06\/75.png\" title=\"Italien\" alt=\"Italien\" class=\"flaggenrahmen\"\/>                                <\/td>\n<td>\n<tr>\n<td rowspan=\"2\" class=\"zentriert\">\n                                                <a title=\"FC Viktoria K\u00f6ln Jugend\" href=\"https:\/\/www.transfermarkt.de\/fc-viktoria-koln-jugend\/startseite\/verein\/42376\" target=\"_blank\" rel=\"noopener\"><img decoding=\"async\" src=\"https:\/\/www.europesays.com\/de\/wp-content\/uploads\/2025\/07\/42376.png\" title=\"FC Viktoria K\u00f6ln Jugend\" alt=\"FC Viktoria K\u00f6ln Jugend\" class=\"tiny_wappen\"\/><\/a>                                            <\/td>\n<td class=\"hauptlink hide-for-small\">\n                                                <a title=\"FC Viktoria K\u00f6ln Jugend\" href=\"https:\/\/www.transfermarkt.de\/fc-viktoria-koln-jugend\/startseite\/verein\/42376\" target=\"_blank\" rel=\"noopener\">Vikt. K\u00f6ln Jgd.<\/a>                                            <\/td>\n<\/tr>\n<tr>\n<td class=\"hide-for-small\">\n                                                <img decoding=\"async\" src=\"https:\/\/www.europesays.com\/de\/wp-content\/uploads\/2025\/06\/40.png\" title=\"Deutschland\" alt=\"Deutschland\" class=\"flaggenrahmen\"\/> Deutschland                                            <\/td>\n<\/tr>\n<\/td>\n<td>\n<tr>\n<td rowspan=\"2\" class=\"zentriert\">\n                                                <a title=\"1.FC K\u00f6ln Jugend\" href=\"https:\/\/www.transfermarkt.de\/1-fc-koln-jugend\/startseite\/verein\/11880\" target=\"_blank\" rel=\"noopener\"><img decoding=\"async\" src=\"https:\/\/www.europesays.com\/de\/wp-content\/uploads\/2025\/06\/11880.png\" title=\"1.FC K\u00f6ln Jugend\" alt=\"1.FC K\u00f6ln Jugend\" class=\"tiny_wappen\"\/><\/a>                                            <\/td>\n<td class=\"hauptlink hide-for-small\">\n                                                <a title=\"1.FC K\u00f6ln Jugend\" href=\"https:\/\/www.transfermarkt.de\/1-fc-koln-jugend\/startseite\/verein\/11880\" target=\"_blank\" rel=\"noopener\">1.FC K\u00f6ln Jgd.<\/a>                                            <\/td>\n<\/tr>\n<tr>\n<td class=\"hide-for-small\">\n                                                <img decoding=\"async\" src=\"https:\/\/www.europesays.com\/de\/wp-content\/uploads\/2025\/06\/40.png\" title=\"Deutschland\" alt=\"Deutschland\" class=\"flaggenrahmen\"\/> Deutschland                                            <\/td>\n<\/tr>\n<\/td>\n<td class=\"zentriert hide-for-small\">\n                                    01.07.2016                                <\/td>\n<td class=\"zentriert hauptlink\">\n                                    abl\u00f6sefrei                                <\/td>\n<\/tr>\n<tr>\n<td class=\"zentriert hauptlink\">\n                                    16\/17                                <\/td>\n<td>\n<tr>\n<td rowspan=\"2\">\n                                                <img decoding=\"async\" src=\"https:\/\/www.europesays.com\/de\/wp-content\/uploads\/2025\/07\/453808-1569431672.jpg\" title=\"Anil Aydin\" alt=\"Anil Aydin\" class=\"bilderrahmen-fixed\"\/>                                            <\/td>\n<td class=\"hauptlink\">\n                                                <a title=\"Anil Aydin\" href=\"https:\/\/www.transfermarkt.de\/anil-aydin\/profil\/spieler\/453808\" target=\"_blank\" rel=\"noopener\">Anil Aydin<\/a>                                            <\/td>\n<\/tr>\n<tr>\n<td>Offensives Mittelfeld<\/td>\n<\/tr>\n<\/td>\n<td class=\"zentriert hide-for-small\">\n                                    <img decoding=\"async\" src=\"https:\/\/www.europesays.com\/de\/wp-content\/uploads\/2025\/06\/1750017269_71_40.png\" title=\"Deutschland\" alt=\"Deutschland\" class=\"flaggenrahmen\"\/><br \/><img decoding=\"async\" src=\"https:\/\/www.europesays.com\/de\/wp-content\/uploads\/2025\/06\/174.png\" title=\"T\u00fcrkei\" alt=\"T\u00fcrkei\" class=\"flaggenrahmen\"\/>                                <\/td>\n<td>\n<tr>\n<td rowspan=\"2\" class=\"zentriert\">\n                                                <a title=\"FC Viktoria K\u00f6ln Jugend\" href=\"https:\/\/www.transfermarkt.de\/fc-viktoria-koln-jugend\/startseite\/verein\/42376\" target=\"_blank\" rel=\"noopener\"><img decoding=\"async\" src=\"https:\/\/www.europesays.com\/de\/wp-content\/uploads\/2025\/07\/42376.png\" title=\"FC Viktoria K\u00f6ln Jugend\" alt=\"FC Viktoria K\u00f6ln Jugend\" class=\"tiny_wappen\"\/><\/a>                                            <\/td>\n<td class=\"hauptlink hide-for-small\">\n                                                <a title=\"FC Viktoria K\u00f6ln Jugend\" href=\"https:\/\/www.transfermarkt.de\/fc-viktoria-koln-jugend\/startseite\/verein\/42376\" target=\"_blank\" rel=\"noopener\">Vikt. K\u00f6ln Jgd.<\/a>                                            <\/td>\n<\/tr>\n<tr>\n<td class=\"hide-for-small\">\n                                                <img decoding=\"async\" src=\"https:\/\/www.europesays.com\/de\/wp-content\/uploads\/2025\/06\/40.png\" title=\"Deutschland\" alt=\"Deutschland\" class=\"flaggenrahmen\"\/> Deutschland                                            <\/td>\n<\/tr>\n<\/td>\n<td>\n<tr>\n<td rowspan=\"2\" class=\"zentriert\">\n                                                <a title=\"1.FC K\u00f6ln U17\" href=\"https:\/\/www.transfermarkt.de\/1-fc-koln-u17\/startseite\/verein\/21048\" target=\"_blank\" rel=\"noopener\"><img decoding=\"async\" src=\"https:\/\/www.europesays.com\/de\/wp-content\/uploads\/2025\/06\/21048.png\" title=\"1.FC K\u00f6ln U17\" alt=\"1.FC K\u00f6ln U17\" class=\"tiny_wappen\"\/><\/a>                                            <\/td>\n<td class=\"hauptlink hide-for-small\">\n                                                <a title=\"1.FC K\u00f6ln U17\" href=\"https:\/\/www.transfermarkt.de\/1-fc-koln-u17\/startseite\/verein\/21048\" target=\"_blank\" rel=\"noopener\">1.FC K\u00f6ln U17<\/a>                                            <\/td>\n<\/tr>\n<tr>\n<td class=\"hide-for-small\">\n                                                <img decoding=\"async\" src=\"https:\/\/www.europesays.com\/de\/wp-content\/uploads\/2025\/06\/40.png\" title=\"Deutschland\" alt=\"Deutschland\" class=\"flaggenrahmen\"\/> U17-Bundesliga West                                            <\/td>\n<\/tr>\n<\/td>\n<td class=\"zentriert hide-for-small\">\n                                    01.07.2016                                <\/td>\n<td class=\"zentriert hauptlink\">\n                                    abl\u00f6sefrei                                <\/td>\n<\/tr>\n<tr>\n<td class=\"zentriert hauptlink\">\n                                    16\/17                                <\/td>\n<td>\n<tr>\n<td rowspan=\"2\">\n                                                <img decoding=\"async\" src=\"https:\/\/www.europesays.com\/de\/wp-content\/uploads\/2025\/07\/453756-1658754713.jpg\" title=\"Dario De Vita\" alt=\"Dario De Vita\" class=\"bilderrahmen-fixed\"\/>                                            <\/td>\n<td class=\"hauptlink\">\n                                                <a title=\"Dario De Vita\" href=\"https:\/\/www.transfermarkt.de\/dario-de-vita\/profil\/spieler\/453756\" target=\"_blank\" rel=\"noopener\">Dario De Vita<\/a>                                            <\/td>\n<\/tr>\n<tr>\n<td>Innenverteidiger<\/td>\n<\/tr>\n<\/td>\n<td class=\"zentriert hide-for-small\">\n                                    <img decoding=\"async\" src=\"https:\/\/www.europesays.com\/de\/wp-content\/uploads\/2025\/06\/1750017269_71_40.png\" title=\"Deutschland\" alt=\"Deutschland\" class=\"flaggenrahmen\"\/><br \/><img decoding=\"async\" src=\"https:\/\/www.europesays.com\/de\/wp-content\/uploads\/2025\/06\/75.png\" title=\"Italien\" alt=\"Italien\" class=\"flaggenrahmen\"\/>                                <\/td>\n<td>\n<tr>\n<td rowspan=\"2\" class=\"zentriert\">\n                                                <a title=\"1.FC K\u00f6ln Jugend\" href=\"https:\/\/www.transfermarkt.de\/1-fc-koln-jugend\/startseite\/verein\/11880\" target=\"_blank\" rel=\"noopener\"><img decoding=\"async\" src=\"https:\/\/www.europesays.com\/de\/wp-content\/uploads\/2025\/06\/11880.png\" title=\"1.FC K\u00f6ln Jugend\" alt=\"1.FC K\u00f6ln Jugend\" class=\"tiny_wappen\"\/><\/a>                                            <\/td>\n<td class=\"hauptlink hide-for-small\">\n                                                <a title=\"1.FC K\u00f6ln Jugend\" href=\"https:\/\/www.transfermarkt.de\/1-fc-koln-jugend\/startseite\/verein\/11880\" target=\"_blank\" rel=\"noopener\">1.FC K\u00f6ln Jgd.<\/a>                                            <\/td>\n<\/tr>\n<tr>\n<td class=\"hide-for-small\">\n                                                <img decoding=\"async\" src=\"https:\/\/www.europesays.com\/de\/wp-content\/uploads\/2025\/06\/40.png\" title=\"Deutschland\" alt=\"Deutschland\" class=\"flaggenrahmen\"\/> Deutschland                                            <\/td>\n<\/tr>\n<\/td>\n<td>\n<tr>\n<td rowspan=\"2\" class=\"zentriert\">\n                                                <a title=\"FC Viktoria K\u00f6ln U17\" href=\"https:\/\/www.transfermarkt.de\/fc-viktoria-koln-u17\/startseite\/verein\/34088\" target=\"_blank\" rel=\"noopener\"><img decoding=\"async\" src=\"https:\/\/www.europesays.com\/de\/wp-content\/uploads\/2025\/07\/34088.png\" title=\"FC Viktoria K\u00f6ln U17\" alt=\"FC Viktoria K\u00f6ln U17\" class=\"tiny_wappen\"\/><\/a>                                            <\/td>\n<td class=\"hauptlink hide-for-small\">\n                                                <a title=\"FC Viktoria K\u00f6ln U17\" href=\"https:\/\/www.transfermarkt.de\/fc-viktoria-koln-u17\/startseite\/verein\/34088\" target=\"_blank\" rel=\"noopener\">Vikt. K\u00f6ln U17<\/a>                                            <\/td>\n<\/tr>\n<tr>\n<td class=\"hide-for-small\">\n                                                <img decoding=\"async\" src=\"https:\/\/www.europesays.com\/de\/wp-content\/uploads\/2025\/06\/40.png\" title=\"Deutschland\" alt=\"Deutschland\" class=\"flaggenrahmen\"\/> Deutschland                                            <\/td>\n<\/tr>\n<\/td>\n<td class=\"zentriert hide-for-small\">\n                                    30.06.2016                                <\/td>\n<td class=\"zentriert hauptlink\">\n                                    ?                                <\/td>\n<\/tr>\n<tr>\n<td class=\"zentriert hauptlink\">\n                                    15\/16                                <\/td>\n<td>\n<tr>\n<td rowspan=\"2\">\n                                                <img decoding=\"async\" src=\"https:\/\/www.europesays.com\/de\/wp-content\/uploads\/2025\/07\/162811-1579419527.jpg\" title=\"David Bors\" alt=\"David Bors\" class=\"bilderrahmen-fixed\"\/>                                            <\/td>\n<td class=\"hauptlink\">\n                                                <a title=\"David Bors\" href=\"https:\/\/www.transfermarkt.de\/david-bors\/profil\/spieler\/162811\" target=\"_blank\" rel=\"noopener\">David Bors<\/a>                                            <\/td>\n<\/tr>\n<tr>\n<td>Mittelst\u00fcrmer<\/td>\n<\/tr>\n<\/td>\n<td class=\"zentriert hide-for-small\">\n                                    <img decoding=\"async\" src=\"https:\/\/www.europesays.com\/de\/wp-content\/uploads\/2025\/06\/1750017269_71_40.png\" title=\"Deutschland\" alt=\"Deutschland\" class=\"flaggenrahmen\"\/>                                <\/td>\n<td>\n<tr>\n<td rowspan=\"2\" class=\"zentriert\">\n                                                <a title=\"1.FC K\u00f6ln II\" href=\"https:\/\/www.transfermarkt.de\/1-fc-koln-ii\/startseite\/verein\/438\" target=\"_blank\" rel=\"noopener\"><img decoding=\"async\" src=\"https:\/\/www.europesays.com\/de\/wp-content\/uploads\/2025\/06\/438.png\" title=\"1.FC K\u00f6ln II\" alt=\"1.FC K\u00f6ln II\" class=\"tiny_wappen\"\/><\/a>                                            <\/td>\n<td class=\"hauptlink hide-for-small\">\n                                                <a title=\"1.FC K\u00f6ln II\" href=\"https:\/\/www.transfermarkt.de\/1-fc-koln-ii\/startseite\/verein\/438\" target=\"_blank\" rel=\"noopener\">1.FC K\u00f6ln II<\/a>                                            <\/td>\n<\/tr>\n<tr>\n<td class=\"hide-for-small\">\n                                                <img decoding=\"async\" src=\"https:\/\/www.europesays.com\/de\/wp-content\/uploads\/2025\/06\/40.png\" title=\"Deutschland\" alt=\"Deutschland\" class=\"flaggenrahmen\"\/> Regionalliga West                                            <\/td>\n<\/tr>\n<\/td>\n<td>\n<tr>\n<td rowspan=\"2\" class=\"zentriert\">\n                                                <a title=\"FC Viktoria K\u00f6ln\" href=\"https:\/\/www.transfermarkt.de\/fc-viktoria-koln\/startseite\/verein\/1622\" target=\"_blank\" rel=\"noopener\"><img decoding=\"async\" src=\"https:\/\/www.europesays.com\/de\/wp-content\/uploads\/2025\/07\/1622.png\" title=\"FC Viktoria K\u00f6ln\" alt=\"FC Viktoria K\u00f6ln\" class=\"tiny_wappen\"\/><\/a>                                            <\/td>\n<td class=\"hauptlink hide-for-small\">\n                                                <a title=\"FC Viktoria K\u00f6ln\" href=\"https:\/\/www.transfermarkt.de\/fc-viktoria-koln\/startseite\/verein\/1622\" target=\"_blank\" rel=\"noopener\">Viktoria K\u00f6ln<\/a>                                            <\/td>\n<\/tr>\n<tr>\n<td class=\"hide-for-small\">\n                                                <img decoding=\"async\" src=\"https:\/\/www.europesays.com\/de\/wp-content\/uploads\/2025\/06\/40.png\" title=\"Deutschland\" alt=\"Deutschland\" class=\"flaggenrahmen\"\/> Regionalliga West                                            <\/td>\n<\/tr>\n<\/td>\n<td class=\"zentriert hide-for-small\">\n                                    01.01.2016                                <\/td>\n<td class=\"zentriert hauptlink\">\n                                    abl\u00f6sefrei                                <\/td>\n<\/tr>\n<tr>\n<td class=\"zentriert hauptlink\">\n                                    15\/16                                <\/td>\n<td>\n<tr>\n<td rowspan=\"2\">\n                                                <img decoding=\"async\" src=\"https:\/\/www.europesays.com\/de\/wp-content\/uploads\/2025\/06\/default.jpg\" title=\"Atila Ashrafi\" alt=\"Atila Ashrafi\" class=\"bilderrahmen-fixed\"\/>                                            <\/td>\n<td class=\"hauptlink\">\n                                                <a title=\"Atila Ashrafi\" href=\"https:\/\/www.transfermarkt.de\/atila-ashrafi\/profil\/spieler\/550547\" target=\"_blank\" rel=\"noopener\">Atila Ashrafi<\/a>                                            <\/td>\n<\/tr>\n<tr>\n<td>Defensives Mittelfeld<\/td>\n<\/tr>\n<\/td>\n<td class=\"zentriert hide-for-small\">\n                                    <img decoding=\"async\" src=\"https:\/\/www.europesays.com\/de\/wp-content\/uploads\/2025\/06\/1750017269_71_40.png\" title=\"Deutschland\" alt=\"Deutschland\" class=\"flaggenrahmen\"\/><br \/><img decoding=\"async\" src=\"https:\/\/www.europesays.com\/de\/wp-content\/uploads\/2025\/06\/71.png\" title=\"Iran\" alt=\"Iran\" class=\"flaggenrahmen\"\/>                                <\/td>\n<td>\n<tr>\n<td rowspan=\"2\" class=\"zentriert\">\n                                                <a title=\"1.FC K\u00f6ln Jugend\" href=\"https:\/\/www.transfermarkt.de\/1-fc-koln-jugend\/startseite\/verein\/11880\" target=\"_blank\" rel=\"noopener\"><img decoding=\"async\" src=\"https:\/\/www.europesays.com\/de\/wp-content\/uploads\/2025\/06\/11880.png\" title=\"1.FC K\u00f6ln Jugend\" alt=\"1.FC K\u00f6ln Jugend\" class=\"tiny_wappen\"\/><\/a>                                            <\/td>\n<td class=\"hauptlink hide-for-small\">\n                                                <a title=\"1.FC K\u00f6ln Jugend\" href=\"https:\/\/www.transfermarkt.de\/1-fc-koln-jugend\/startseite\/verein\/11880\" target=\"_blank\" rel=\"noopener\">1.FC K\u00f6ln Jgd.<\/a>                                            <\/td>\n<\/tr>\n<tr>\n<td class=\"hide-for-small\">\n                                                <img decoding=\"async\" src=\"https:\/\/www.europesays.com\/de\/wp-content\/uploads\/2025\/06\/40.png\" title=\"Deutschland\" alt=\"Deutschland\" class=\"flaggenrahmen\"\/> Deutschland                                            <\/td>\n<\/tr>\n<\/td>\n<td>\n<tr>\n<td rowspan=\"2\" class=\"zentriert\">\n                                                <a title=\"FC Viktoria K\u00f6ln Jugend\" href=\"https:\/\/www.transfermarkt.de\/fc-viktoria-koln-jugend\/startseite\/verein\/42376\" target=\"_blank\" rel=\"noopener\"><img decoding=\"async\" src=\"https:\/\/www.europesays.com\/de\/wp-content\/uploads\/2025\/07\/42376.png\" title=\"FC Viktoria K\u00f6ln Jugend\" alt=\"FC Viktoria K\u00f6ln Jugend\" class=\"tiny_wappen\"\/><\/a>                                            <\/td>\n<td class=\"hauptlink hide-for-small\">\n                                                <a title=\"FC Viktoria K\u00f6ln Jugend\" href=\"https:\/\/www.transfermarkt.de\/fc-viktoria-koln-jugend\/startseite\/verein\/42376\" target=\"_blank\" rel=\"noopener\">Vikt. K\u00f6ln Jgd.<\/a>                                            <\/td>\n<\/tr>\n<tr>\n<td class=\"hide-for-small\">\n                                                <img decoding=\"async\" src=\"https:\/\/www.europesays.com\/de\/wp-content\/uploads\/2025\/06\/40.png\" title=\"Deutschland\" alt=\"Deutschland\" class=\"flaggenrahmen\"\/> Deutschland                                            <\/td>\n<\/tr>\n<\/td>\n<td class=\"zentriert hide-for-small\">\n                                    01.08.2015                                <\/td>\n<td class=\"zentriert hauptlink\">\n                                    abl\u00f6sefrei                                <\/td>\n<\/tr>\n<tr>\n<td class=\"zentriert hauptlink\">\n                                    15\/16                                <\/td>\n<td>\n<tr>\n<td rowspan=\"2\">\n                                                <img decoding=\"async\" src=\"https:\/\/www.europesays.com\/de\/wp-content\/uploads\/2025\/07\/492756-1723124087.png\" title=\"Kilian Hornbruch\" alt=\"Kilian Hornbruch\" class=\"bilderrahmen-fixed\"\/>                                            <\/td>\n<td class=\"hauptlink\">\n                                                <a title=\"Kilian Hornbruch\" href=\"https:\/\/www.transfermarkt.de\/kilian-hornbruch\/profil\/spieler\/492756\" target=\"_blank\" rel=\"noopener\">Kilian Hornbruch<\/a>                                            <\/td>\n<\/tr>\n<tr>\n<td>Linker Verteidiger<\/td>\n<\/tr>\n<\/td>\n<td class=\"zentriert hide-for-small\">\n                                    <img decoding=\"async\" src=\"https:\/\/www.europesays.com\/de\/wp-content\/uploads\/2025\/06\/1750017269_71_40.png\" title=\"Deutschland\" alt=\"Deutschland\" class=\"flaggenrahmen\"\/>                                <\/td>\n<td>\n<tr>\n<td rowspan=\"2\" class=\"zentriert\">\n                                                <a title=\"1.FC K\u00f6ln Jugend\" href=\"https:\/\/www.transfermarkt.de\/1-fc-koln-jugend\/startseite\/verein\/11880\" target=\"_blank\" rel=\"noopener\"><img decoding=\"async\" src=\"https:\/\/www.europesays.com\/de\/wp-content\/uploads\/2025\/06\/11880.png\" title=\"1.FC K\u00f6ln Jugend\" alt=\"1.FC K\u00f6ln Jugend\" class=\"tiny_wappen\"\/><\/a>                                            <\/td>\n<td class=\"hauptlink hide-for-small\">\n                                                <a title=\"1.FC K\u00f6ln Jugend\" href=\"https:\/\/www.transfermarkt.de\/1-fc-koln-jugend\/startseite\/verein\/11880\" target=\"_blank\" rel=\"noopener\">1.FC K\u00f6ln Jgd.<\/a>                                            <\/td>\n<\/tr>\n<tr>\n<td class=\"hide-for-small\">\n                                                <img decoding=\"async\" src=\"https:\/\/www.europesays.com\/de\/wp-content\/uploads\/2025\/06\/40.png\" title=\"Deutschland\" alt=\"Deutschland\" class=\"flaggenrahmen\"\/> Deutschland                                            <\/td>\n<\/tr>\n<\/td>\n<td>\n<tr>\n<td rowspan=\"2\" class=\"zentriert\">\n                                                <a title=\"FC Viktoria K\u00f6ln Jugend\" href=\"https:\/\/www.transfermarkt.de\/fc-viktoria-koln-jugend\/startseite\/verein\/42376\" target=\"_blank\" rel=\"noopener\"><img decoding=\"async\" src=\"https:\/\/www.europesays.com\/de\/wp-content\/uploads\/2025\/07\/42376.png\" title=\"FC Viktoria K\u00f6ln Jugend\" alt=\"FC Viktoria K\u00f6ln Jugend\" class=\"tiny_wappen\"\/><\/a>                                            <\/td>\n<td class=\"hauptlink hide-for-small\">\n                                                <a title=\"FC Viktoria K\u00f6ln Jugend\" href=\"https:\/\/www.transfermarkt.de\/fc-viktoria-koln-jugend\/startseite\/verein\/42376\" target=\"_blank\" rel=\"noopener\">Vikt. K\u00f6ln Jgd.<\/a>                                            <\/td>\n<\/tr>\n<tr>\n<td class=\"hide-for-small\">\n                                                <img decoding=\"async\" src=\"https:\/\/www.europesays.com\/de\/wp-content\/uploads\/2025\/06\/40.png\" title=\"Deutschland\" alt=\"Deutschland\" class=\"flaggenrahmen\"\/> Deutschland                                            <\/td>\n<\/tr>\n<\/td>\n<td class=\"zentriert hide-for-small\">\n                                    01.07.2015                                <\/td>\n<td class=\"zentriert hauptlink\">\n                                    abl\u00f6sefrei                                <\/td>\n<\/tr>\n<tr>\n<td class=\"zentriert hauptlink\">\n                                    15\/16                                <\/td>\n<td>\n<tr>\n<td rowspan=\"2\">\n                                                <img decoding=\"async\" src=\"https:\/\/www.europesays.com\/de\/wp-content\/uploads\/2025\/06\/default.jpg\" title=\"Dastit Bulliqi\" alt=\"Dastit Bulliqi\" class=\"bilderrahmen-fixed\"\/>                                            <\/td>\n<td class=\"hauptlink\">\n                                                <a title=\"Dastit Bulliqi\" href=\"https:\/\/www.transfermarkt.de\/dastit-bulliqi\/profil\/spieler\/302278\" target=\"_blank\" rel=\"noopener\">Dastit Bulliqi<\/a>                                            <\/td>\n<\/tr>\n<tr>\n<td>Mittelst\u00fcrmer<\/td>\n<\/tr>\n<\/td>\n<td class=\"zentriert hide-for-small\">\n                                    <img decoding=\"async\" src=\"https:\/\/www.europesays.com\/de\/wp-content\/uploads\/2025\/06\/1750017269_71_40.png\" title=\"Deutschland\" alt=\"Deutschland\" class=\"flaggenrahmen\"\/><br \/><img decoding=\"async\" src=\"https:\/\/www.europesays.com\/de\/wp-content\/uploads\/2025\/07\/244.png\" title=\"Kosovo\" alt=\"Kosovo\" class=\"flaggenrahmen\"\/>                                <\/td>\n<td>\n<tr>\n<td rowspan=\"2\" class=\"zentriert\">\n                                                <a title=\"1.FC K\u00f6ln U17\" href=\"https:\/\/www.transfermarkt.de\/1-fc-koln-u17\/startseite\/verein\/21048\" target=\"_blank\" rel=\"noopener\"><img decoding=\"async\" src=\"https:\/\/www.europesays.com\/de\/wp-content\/uploads\/2025\/06\/21048.png\" title=\"1.FC K\u00f6ln U17\" alt=\"1.FC K\u00f6ln U17\" class=\"tiny_wappen\"\/><\/a>                                            <\/td>\n<td class=\"hauptlink hide-for-small\">\n                                                <a title=\"1.FC K\u00f6ln U17\" href=\"https:\/\/www.transfermarkt.de\/1-fc-koln-u17\/startseite\/verein\/21048\" target=\"_blank\" rel=\"noopener\">1.FC K\u00f6ln U17<\/a>                                            <\/td>\n<\/tr>\n<tr>\n<td class=\"hide-for-small\">\n                                                <img decoding=\"async\" src=\"https:\/\/www.europesays.com\/de\/wp-content\/uploads\/2025\/06\/40.png\" title=\"Deutschland\" alt=\"Deutschland\" class=\"flaggenrahmen\"\/> U17-Bundesliga West                                            <\/td>\n<\/tr>\n<\/td>\n<td>\n<tr>\n<td rowspan=\"2\" class=\"zentriert\">\n                                                <a title=\"FC Viktoria K\u00f6ln U19\" href=\"https:\/\/www.transfermarkt.de\/fc-viktoria-koln-u19\/startseite\/verein\/10075\" target=\"_blank\" rel=\"noopener\"><img decoding=\"async\" src=\"https:\/\/www.europesays.com\/de\/wp-content\/uploads\/2025\/07\/10075.png\" title=\"FC Viktoria K\u00f6ln U19\" alt=\"FC Viktoria K\u00f6ln U19\" class=\"tiny_wappen\"\/><\/a>                                            <\/td>\n<td class=\"hauptlink hide-for-small\">\n                                                <a title=\"FC Viktoria K\u00f6ln U19\" href=\"https:\/\/www.transfermarkt.de\/fc-viktoria-koln-u19\/startseite\/verein\/10075\" target=\"_blank\" rel=\"noopener\">Vikt. K\u00f6ln U19<\/a>                                            <\/td>\n<\/tr>\n<tr>\n<td class=\"hide-for-small\">\n                                                <img decoding=\"async\" src=\"https:\/\/www.europesays.com\/de\/wp-content\/uploads\/2025\/06\/40.png\" title=\"Deutschland\" alt=\"Deutschland\" class=\"flaggenrahmen\"\/> Deutschland                                            <\/td>\n<\/tr>\n<\/td>\n<td class=\"zentriert hide-for-small\">\n                                    01.07.2015                                <\/td>\n<td class=\"zentriert hauptlink\">\n                                    abl\u00f6sefrei                                <\/td>\n<\/tr>\n<tr>\n<td class=\"zentriert hauptlink\">\n                                    15\/16                                <\/td>\n<td>\n<tr>\n<td rowspan=\"2\">\n                                                <img decoding=\"async\" src=\"https:\/\/www.europesays.com\/de\/wp-content\/uploads\/2025\/07\/326851-1501532571.jpg\" title=\"Tom Isecke\" alt=\"Tom Isecke\" class=\"bilderrahmen-fixed\"\/>                                            <\/td>\n<td class=\"hauptlink\">\n                                                <a title=\"Tom Isecke\" href=\"https:\/\/www.transfermarkt.de\/tom-isecke\/profil\/spieler\/326851\" target=\"_blank\" rel=\"noopener\">Tom Isecke<\/a>                                            <\/td>\n<\/tr>\n<tr>\n<td>Innenverteidiger<\/td>\n<\/tr>\n<\/td>\n<td class=\"zentriert hide-for-small\">\n                                    <img decoding=\"async\" src=\"https:\/\/www.europesays.com\/de\/wp-content\/uploads\/2025\/06\/1750017269_71_40.png\" title=\"Deutschland\" alt=\"Deutschland\" class=\"flaggenrahmen\"\/>                                <\/td>\n<td>\n<tr>\n<td rowspan=\"2\" class=\"zentriert\">\n                                                <a title=\"1.FC K\u00f6ln U17\" href=\"https:\/\/www.transfermarkt.de\/1-fc-koln-u17\/startseite\/verein\/21048\" target=\"_blank\" rel=\"noopener\"><img decoding=\"async\" src=\"https:\/\/www.europesays.com\/de\/wp-content\/uploads\/2025\/06\/21048.png\" title=\"1.FC K\u00f6ln U17\" alt=\"1.FC K\u00f6ln U17\" class=\"tiny_wappen\"\/><\/a>                                            <\/td>\n<td class=\"hauptlink hide-for-small\">\n                                                <a title=\"1.FC K\u00f6ln U17\" href=\"https:\/\/www.transfermarkt.de\/1-fc-koln-u17\/startseite\/verein\/21048\" target=\"_blank\" rel=\"noopener\">1.FC K\u00f6ln U17<\/a>                                            <\/td>\n<\/tr>\n<tr>\n<td class=\"hide-for-small\">\n                                                <img decoding=\"async\" src=\"https:\/\/www.europesays.com\/de\/wp-content\/uploads\/2025\/06\/40.png\" title=\"Deutschland\" alt=\"Deutschland\" class=\"flaggenrahmen\"\/> U17-Bundesliga West                                            <\/td>\n<\/tr>\n<\/td>\n<td>\n<tr>\n<td rowspan=\"2\" class=\"zentriert\">\n                                                <a title=\"FC Viktoria K\u00f6ln U19\" href=\"https:\/\/www.transfermarkt.de\/fc-viktoria-koln-u19\/startseite\/verein\/10075\" target=\"_blank\" rel=\"noopener\"><img decoding=\"async\" src=\"https:\/\/www.europesays.com\/de\/wp-content\/uploads\/2025\/07\/10075.png\" title=\"FC Viktoria K\u00f6ln U19\" alt=\"FC Viktoria K\u00f6ln U19\" class=\"tiny_wappen\"\/><\/a>                                            <\/td>\n<td class=\"hauptlink hide-for-small\">\n                                                <a title=\"FC Viktoria K\u00f6ln U19\" href=\"https:\/\/www.transfermarkt.de\/fc-viktoria-koln-u19\/startseite\/verein\/10075\" target=\"_blank\" rel=\"noopener\">Vikt. K\u00f6ln U19<\/a>                                            <\/td>\n<\/tr>\n<tr>\n<td class=\"hide-for-small\">\n                                                <img decoding=\"async\" src=\"https:\/\/www.europesays.com\/de\/wp-content\/uploads\/2025\/06\/40.png\" title=\"Deutschland\" alt=\"Deutschland\" class=\"flaggenrahmen\"\/> Deutschland                                            <\/td>\n<\/tr>\n<\/td>\n<td class=\"zentriert hide-for-small\">\n                                    01.07.2015                                <\/td>\n<td class=\"zentriert hauptlink\">\n                                    abl\u00f6sefrei                                <\/td>\n<\/tr>\n<tr>\n<td class=\"zentriert hauptlink\">\n                                    15\/16                                <\/td>\n<td>\n<tr>\n<td rowspan=\"2\">\n                                                <img decoding=\"async\" src=\"https:\/\/www.europesays.com\/de\/wp-content\/uploads\/2025\/06\/default.jpg\" title=\"Dion Wendel\" alt=\"Dion Wendel\" class=\"bilderrahmen-fixed\"\/>                                            <\/td>\n<td class=\"hauptlink\">\n                                                <a title=\"Dion Wendel\" href=\"https:\/\/www.transfermarkt.de\/dion-wendel\/profil\/spieler\/332631\" target=\"_blank\" rel=\"noopener\">Dion Wendel<\/a>                                            <\/td>\n<\/tr>\n<tr>\n<td>Mittelst\u00fcrmer<\/td>\n<\/tr>\n<\/td>\n<td class=\"zentriert hide-for-small\">\n                                    <img decoding=\"async\" src=\"https:\/\/www.europesays.com\/de\/wp-content\/uploads\/2025\/06\/1750017269_71_40.png\" title=\"Deutschland\" alt=\"Deutschland\" class=\"flaggenrahmen\"\/>                                <\/td>\n<td>\n<tr>\n<td rowspan=\"2\" class=\"zentriert\">\n                                                <a title=\"FC Viktoria K\u00f6ln U17\" href=\"https:\/\/www.transfermarkt.de\/fc-viktoria-koln-u17\/startseite\/verein\/34088\" target=\"_blank\" rel=\"noopener\"><img decoding=\"async\" src=\"https:\/\/www.europesays.com\/de\/wp-content\/uploads\/2025\/07\/34088.png\" title=\"FC Viktoria K\u00f6ln U17\" alt=\"FC Viktoria K\u00f6ln U17\" class=\"tiny_wappen\"\/><\/a>                                            <\/td>\n<td class=\"hauptlink hide-for-small\">\n                                                <a title=\"FC Viktoria K\u00f6ln U17\" href=\"https:\/\/www.transfermarkt.de\/fc-viktoria-koln-u17\/startseite\/verein\/34088\" target=\"_blank\" rel=\"noopener\">Vikt. K\u00f6ln U17<\/a>                                            <\/td>\n<\/tr>\n<tr>\n<td class=\"hide-for-small\">\n                                                <img decoding=\"async\" src=\"https:\/\/www.europesays.com\/de\/wp-content\/uploads\/2025\/06\/40.png\" title=\"Deutschland\" alt=\"Deutschland\" class=\"flaggenrahmen\"\/> Deutschland                                            <\/td>\n<\/tr>\n<\/td>\n<td>\n<tr>\n<td rowspan=\"2\" class=\"zentriert\">\n                                                <a title=\"1.FC K\u00f6ln U19\" href=\"https:\/\/www.transfermarkt.de\/1-fc-koln-u19\/startseite\/verein\/1461\" target=\"_blank\" rel=\"noopener\"><img decoding=\"async\" src=\"https:\/\/www.europesays.com\/de\/wp-content\/uploads\/2025\/06\/1461.png\" title=\"1.FC K\u00f6ln U19\" alt=\"1.FC K\u00f6ln U19\" class=\"tiny_wappen\"\/><\/a>                                            <\/td>\n<td class=\"hauptlink hide-for-small\">\n                                                <a title=\"1.FC K\u00f6ln U19\" href=\"https:\/\/www.transfermarkt.de\/1-fc-koln-u19\/startseite\/verein\/1461\" target=\"_blank\" rel=\"noopener\">1.FC K\u00f6ln U19<\/a>                                            <\/td>\n<\/tr>\n<tr>\n<td class=\"hide-for-small\">\n                                                <img decoding=\"async\" src=\"https:\/\/www.europesays.com\/de\/wp-content\/uploads\/2025\/06\/40.png\" title=\"Deutschland\" alt=\"Deutschland\" class=\"flaggenrahmen\"\/> U19-Bundesliga West                                            <\/td>\n<\/tr>\n<\/td>\n<td class=\"zentriert hide-for-small\">\n                                    01.07.2015                                <\/td>\n<td class=\"zentriert hauptlink\">\n                                    abl\u00f6sefrei                                <\/td>\n<\/tr>\n<tr>\n<td class=\"zentriert hauptlink\">\n                                    15\/16                                <\/td>\n<td>\n<tr>\n<td rowspan=\"2\">\n                                                <img decoding=\"async\" src=\"https:\/\/www.europesays.com\/de\/wp-content\/uploads\/2025\/06\/default.jpg\" title=\"Dustin Berndt\" alt=\"Dustin Berndt\" class=\"bilderrahmen-fixed\"\/>                                            <\/td>\n<td class=\"hauptlink\">\n                                                <a title=\"Dustin Berndt\" href=\"https:\/\/www.transfermarkt.de\/dustin-berndt\/profil\/spieler\/522079\" target=\"_blank\" rel=\"noopener\">Dustin Berndt<\/a>                                            <\/td>\n<\/tr>\n<tr>\n<td>Defensives Mittelfeld<\/td>\n<\/tr>\n<\/td>\n<td class=\"zentriert hide-for-small\">\n                                    <img decoding=\"async\" src=\"https:\/\/www.europesays.com\/de\/wp-content\/uploads\/2025\/06\/1750017269_71_40.png\" title=\"Deutschland\" alt=\"Deutschland\" class=\"flaggenrahmen\"\/>                                <\/td>\n<td>\n<tr>\n<td rowspan=\"2\" class=\"zentriert\">\n                                                <a title=\"FC Viktoria K\u00f6ln Jugend\" href=\"https:\/\/www.transfermarkt.de\/fc-viktoria-koln-jugend\/startseite\/verein\/42376\" target=\"_blank\" rel=\"noopener\"><img decoding=\"async\" src=\"https:\/\/www.europesays.com\/de\/wp-content\/uploads\/2025\/07\/42376.png\" title=\"FC Viktoria K\u00f6ln Jugend\" alt=\"FC Viktoria K\u00f6ln Jugend\" class=\"tiny_wappen\"\/><\/a>                                            <\/td>\n<td class=\"hauptlink hide-for-small\">\n                                                <a title=\"FC Viktoria K\u00f6ln Jugend\" href=\"https:\/\/www.transfermarkt.de\/fc-viktoria-koln-jugend\/startseite\/verein\/42376\" target=\"_blank\" rel=\"noopener\">Vikt. K\u00f6ln Jgd.<\/a>                                            <\/td>\n<\/tr>\n<tr>\n<td class=\"hide-for-small\">\n                                                <img decoding=\"async\" src=\"https:\/\/www.europesays.com\/de\/wp-content\/uploads\/2025\/06\/40.png\" title=\"Deutschland\" alt=\"Deutschland\" class=\"flaggenrahmen\"\/> Deutschland                                            <\/td>\n<\/tr>\n<\/td>\n<td>\n<tr>\n<td rowspan=\"2\" class=\"zentriert\">\n                                                <a title=\"1.FC K\u00f6ln Jugend\" href=\"https:\/\/www.transfermarkt.de\/1-fc-koln-jugend\/startseite\/verein\/11880\" target=\"_blank\" rel=\"noopener\"><img decoding=\"async\" src=\"https:\/\/www.europesays.com\/de\/wp-content\/uploads\/2025\/06\/11880.png\" title=\"1.FC K\u00f6ln Jugend\" alt=\"1.FC K\u00f6ln Jugend\" class=\"tiny_wappen\"\/><\/a>                                            <\/td>\n<td class=\"hauptlink hide-for-small\">\n                                                <a title=\"1.FC K\u00f6ln Jugend\" href=\"https:\/\/www.transfermarkt.de\/1-fc-koln-jugend\/startseite\/verein\/11880\" target=\"_blank\" rel=\"noopener\">1.FC K\u00f6ln Jgd.<\/a>                                            <\/td>\n<\/tr>\n<tr>\n<td class=\"hide-for-small\">\n                                                <img decoding=\"async\" src=\"https:\/\/www.europesays.com\/de\/wp-content\/uploads\/2025\/06\/40.png\" title=\"Deutschland\" alt=\"Deutschland\" class=\"flaggenrahmen\"\/> Deutschland                                            <\/td>\n<\/tr>\n<\/td>\n<td class=\"zentriert hide-for-small\">\n                                    01.07.2015                                <\/td>\n<td class=\"zentriert hauptlink\">\n                                    abl\u00f6sefrei                                <\/td>\n<\/tr>\n<tr>\n<td class=\"zentriert hauptlink\">\n                                    14\/15                                <\/td>\n<td>\n<tr>\n<td rowspan=\"2\">\n                                                <img decoding=\"async\" src=\"https:\/\/www.europesays.com\/de\/wp-content\/uploads\/2025\/07\/195625-1467016542.JPG\" title=\"Julian Potisk\" alt=\"Julian Potisk\" class=\"bilderrahmen-fixed\"\/>                                            <\/td>\n<td class=\"hauptlink\">\n                                                <a title=\"Julian Potisk\" href=\"https:\/\/www.transfermarkt.de\/julian-potisk\/profil\/spieler\/195625\" target=\"_blank\" rel=\"noopener\">Julian Potisk<\/a>                                            <\/td>\n<\/tr>\n<tr>\n<td>Innenverteidiger<\/td>\n<\/tr>\n<\/td>\n<td class=\"zentriert hide-for-small\">\n                                    <img decoding=\"async\" src=\"https:\/\/www.europesays.com\/de\/wp-content\/uploads\/2025\/06\/1750017269_71_40.png\" title=\"Deutschland\" alt=\"Deutschland\" class=\"flaggenrahmen\"\/><br \/><img decoding=\"async\" src=\"https:\/\/www.europesays.com\/de\/wp-content\/uploads\/2025\/06\/155.png\" title=\"Slowenien\" alt=\"Slowenien\" class=\"flaggenrahmen\"\/>                                <\/td>\n<td>\n<tr>\n<td rowspan=\"2\" class=\"zentriert\">\n                                                <a title=\"1.FC K\u00f6ln U19\" href=\"https:\/\/www.transfermarkt.de\/1-fc-koln-u19\/startseite\/verein\/1461\" target=\"_blank\" rel=\"noopener\"><img decoding=\"async\" src=\"https:\/\/www.europesays.com\/de\/wp-content\/uploads\/2025\/06\/1461.png\" title=\"1.FC K\u00f6ln U19\" alt=\"1.FC K\u00f6ln U19\" class=\"tiny_wappen\"\/><\/a>                                            <\/td>\n<td class=\"hauptlink hide-for-small\">\n                                                <a title=\"1.FC K\u00f6ln U19\" href=\"https:\/\/www.transfermarkt.de\/1-fc-koln-u19\/startseite\/verein\/1461\" target=\"_blank\" rel=\"noopener\">1.FC K\u00f6ln U19<\/a>                                            <\/td>\n<\/tr>\n<tr>\n<td class=\"hide-for-small\">\n                                                <img decoding=\"async\" src=\"https:\/\/www.europesays.com\/de\/wp-content\/uploads\/2025\/06\/40.png\" title=\"Deutschland\" alt=\"Deutschland\" class=\"flaggenrahmen\"\/> U19-Bundesliga West                                            <\/td>\n<\/tr>\n<\/td>\n<td>\n<tr>\n<td rowspan=\"2\" class=\"zentriert\">\n                                                <a title=\"FC Viktoria K\u00f6ln U19\" href=\"https:\/\/www.transfermarkt.de\/fc-viktoria-koln-u19\/startseite\/verein\/10075\" target=\"_blank\" rel=\"noopener\"><img decoding=\"async\" src=\"https:\/\/www.europesays.com\/de\/wp-content\/uploads\/2025\/07\/10075.png\" title=\"FC Viktoria K\u00f6ln U19\" alt=\"FC Viktoria K\u00f6ln U19\" class=\"tiny_wappen\"\/><\/a>                                            <\/td>\n<td class=\"hauptlink hide-for-small\">\n                                                <a title=\"FC Viktoria K\u00f6ln U19\" href=\"https:\/\/www.transfermarkt.de\/fc-viktoria-koln-u19\/startseite\/verein\/10075\" target=\"_blank\" rel=\"noopener\">Vikt. K\u00f6ln U19<\/a>                                            <\/td>\n<\/tr>\n<tr>\n<td class=\"hide-for-small\">\n                                                <img decoding=\"async\" src=\"https:\/\/www.europesays.com\/de\/wp-content\/uploads\/2025\/06\/40.png\" title=\"Deutschland\" alt=\"Deutschland\" class=\"flaggenrahmen\"\/> U19-Bundesliga West                                            <\/td>\n<\/tr>\n<\/td>\n<td class=\"zentriert hide-for-small\">\n                                    01.01.2015                                <\/td>\n<td class=\"zentriert hauptlink\">\n                                    abl\u00f6sefrei                                <\/td>\n<\/tr>\n<tr>\n<td class=\"zentriert hauptlink\">\n                                    14\/15                                <\/td>\n<td>\n<tr>\n<td rowspan=\"2\">\n                                                <img decoding=\"async\" src=\"https:\/\/www.europesays.com\/de\/wp-content\/uploads\/2025\/06\/default.jpg\" title=\"Senol Ak\" alt=\"Senol Ak\" class=\"bilderrahmen-fixed\"\/>                                            <\/td>\n<td class=\"hauptlink\">\n                                                <a title=\"Senol Ak\" href=\"https:\/\/www.transfermarkt.de\/senol-ak\/profil\/spieler\/208628\" target=\"_blank\" rel=\"noopener\">Senol Ak<\/a>                                            <\/td>\n<\/tr>\n<tr>\n<td>Offensives Mittelfeld<\/td>\n<\/tr>\n<\/td>\n<td class=\"zentriert hide-for-small\">\n                                    <img decoding=\"async\" src=\"https:\/\/www.europesays.com\/de\/wp-content\/uploads\/2025\/06\/174.png\" title=\"T\u00fcrkei\" alt=\"T\u00fcrkei\" class=\"flaggenrahmen\"\/>                                <\/td>\n<td>\n<tr>\n<td rowspan=\"2\" class=\"zentriert\">\n                                                <a title=\"1.FC K\u00f6ln U17\" href=\"https:\/\/www.transfermarkt.de\/1-fc-koln-u17\/startseite\/verein\/21048\" target=\"_blank\" rel=\"noopener\"><img decoding=\"async\" src=\"https:\/\/www.europesays.com\/de\/wp-content\/uploads\/2025\/06\/21048.png\" title=\"1.FC K\u00f6ln U17\" alt=\"1.FC K\u00f6ln U17\" class=\"tiny_wappen\"\/><\/a>                                            <\/td>\n<td class=\"hauptlink hide-for-small\">\n                                                <a title=\"1.FC K\u00f6ln U17\" href=\"https:\/\/www.transfermarkt.de\/1-fc-koln-u17\/startseite\/verein\/21048\" target=\"_blank\" rel=\"noopener\">1.FC K\u00f6ln U17<\/a>                                            <\/td>\n<\/tr>\n<tr>\n<td class=\"hide-for-small\">\n                                                <img decoding=\"async\" src=\"https:\/\/www.europesays.com\/de\/wp-content\/uploads\/2025\/06\/40.png\" title=\"Deutschland\" alt=\"Deutschland\" class=\"flaggenrahmen\"\/> U17-Bundesliga West                                            <\/td>\n<\/tr>\n<\/td>\n<td>\n<tr>\n<td rowspan=\"2\" class=\"zentriert\">\n                                                <a title=\"FC Viktoria K\u00f6ln U19\" href=\"https:\/\/www.transfermarkt.de\/fc-viktoria-koln-u19\/startseite\/verein\/10075\" target=\"_blank\" rel=\"noopener\"><img decoding=\"async\" src=\"https:\/\/www.europesays.com\/de\/wp-content\/uploads\/2025\/07\/10075.png\" title=\"FC Viktoria K\u00f6ln U19\" alt=\"FC Viktoria K\u00f6ln U19\" class=\"tiny_wappen\"\/><\/a>                                            <\/td>\n<td class=\"hauptlink hide-for-small\">\n                                                <a title=\"FC Viktoria K\u00f6ln U19\" href=\"https:\/\/www.transfermarkt.de\/fc-viktoria-koln-u19\/startseite\/verein\/10075\" target=\"_blank\" rel=\"noopener\">Vikt. K\u00f6ln U19<\/a>                                            <\/td>\n<\/tr>\n<tr>\n<td class=\"hide-for-small\">\n                                                <img decoding=\"async\" src=\"https:\/\/www.europesays.com\/de\/wp-content\/uploads\/2025\/06\/40.png\" title=\"Deutschland\" alt=\"Deutschland\" class=\"flaggenrahmen\"\/> U19-Bundesliga West                                            <\/td>\n<\/tr>\n<\/td>\n<td class=\"zentriert hide-for-small\">\n                                    01.07.2014                                <\/td>\n<td class=\"zentriert hauptlink\">\n                                    abl\u00f6sefrei                                <\/td>\n<\/tr>\n<tr>\n<td class=\"zentriert hauptlink\">\n                                    14\/15                                <\/td>\n<td>\n<tr>\n<td rowspan=\"2\">\n                                                <img decoding=\"async\" src=\"https:\/\/www.europesays.com\/de\/wp-content\/uploads\/2025\/06\/default.jpg\" title=\"Yusuf C\u00fcceoglu\" alt=\"Yusuf C\u00fcceoglu\" class=\"bilderrahmen-fixed\"\/>                                            <\/td>\n<td class=\"hauptlink\">\n                                                <a title=\"Yusuf C\u00fcceoglu\" href=\"https:\/\/www.transfermarkt.de\/yusuf-cuceoglu\/profil\/spieler\/244931\" target=\"_blank\" rel=\"noopener\">Yusuf C\u00fcceoglu<\/a>                                            <\/td>\n<\/tr>\n<tr>\n<td>Rechtsau\u00dfen<\/td>\n<\/tr>\n<\/td>\n<td class=\"zentriert hide-for-small\">\n                                    <img decoding=\"async\" src=\"https:\/\/www.europesays.com\/de\/wp-content\/uploads\/2025\/06\/174.png\" title=\"T\u00fcrkei\" alt=\"T\u00fcrkei\" class=\"flaggenrahmen\"\/><br \/><img decoding=\"async\" src=\"https:\/\/www.europesays.com\/de\/wp-content\/uploads\/2025\/06\/1750017269_71_40.png\" title=\"Deutschland\" alt=\"Deutschland\" class=\"flaggenrahmen\"\/>                                <\/td>\n<td>\n<tr>\n<td rowspan=\"2\" class=\"zentriert\">\n                                                <a title=\"1.FC K\u00f6ln U17\" href=\"https:\/\/www.transfermarkt.de\/1-fc-koln-u17\/startseite\/verein\/21048\" target=\"_blank\" rel=\"noopener\"><img decoding=\"async\" src=\"https:\/\/www.europesays.com\/de\/wp-content\/uploads\/2025\/06\/21048.png\" title=\"1.FC K\u00f6ln U17\" alt=\"1.FC K\u00f6ln U17\" class=\"tiny_wappen\"\/><\/a>                                            <\/td>\n<td class=\"hauptlink hide-for-small\">\n                                                <a title=\"1.FC K\u00f6ln U17\" href=\"https:\/\/www.transfermarkt.de\/1-fc-koln-u17\/startseite\/verein\/21048\" target=\"_blank\" rel=\"noopener\">1.FC K\u00f6ln U17<\/a>                                            <\/td>\n<\/tr>\n<tr>\n<td class=\"hide-for-small\">\n                                                <img decoding=\"async\" src=\"https:\/\/www.europesays.com\/de\/wp-content\/uploads\/2025\/06\/40.png\" title=\"Deutschland\" alt=\"Deutschland\" class=\"flaggenrahmen\"\/> U17-Bundesliga West                                            <\/td>\n<\/tr>\n<\/td>\n<td>\n<tr>\n<td rowspan=\"2\" class=\"zentriert\">\n                                                <a title=\"FC Viktoria K\u00f6ln U17\" href=\"https:\/\/www.transfermarkt.de\/fc-viktoria-koln-u17\/startseite\/verein\/34088\" target=\"_blank\" rel=\"noopener\"><img decoding=\"async\" src=\"https:\/\/www.europesays.com\/de\/wp-content\/uploads\/2025\/07\/34088.png\" title=\"FC Viktoria K\u00f6ln U17\" alt=\"FC Viktoria K\u00f6ln U17\" class=\"tiny_wappen\"\/><\/a>                                            <\/td>\n<td class=\"hauptlink hide-for-small\">\n                                                <a title=\"FC Viktoria K\u00f6ln U17\" href=\"https:\/\/www.transfermarkt.de\/fc-viktoria-koln-u17\/startseite\/verein\/34088\" target=\"_blank\" rel=\"noopener\">Vikt. K\u00f6ln U17<\/a>                                            <\/td>\n<\/tr>\n<tr>\n<td class=\"hide-for-small\">\n                                                <img decoding=\"async\" src=\"https:\/\/www.europesays.com\/de\/wp-content\/uploads\/2025\/06\/40.png\" title=\"Deutschland\" alt=\"Deutschland\" class=\"flaggenrahmen\"\/> U17-Bundesliga West                                            <\/td>\n<\/tr>\n<\/td>\n<td class=\"zentriert hide-for-small\">\n                                    01.07.2014                                <\/td>\n<td class=\"zentriert hauptlink\">\n                                    abl\u00f6sefrei                                <\/td>\n<\/tr>\n<tr>\n<td class=\"zentriert hauptlink\">\n                                    13\/14                                <\/td>\n<td>\n<tr>\n<td rowspan=\"2\">\n                                                <img decoding=\"async\" src=\"https:\/\/www.europesays.com\/de\/wp-content\/uploads\/2025\/07\/49235-1475688264.jpg\" title=\"Andreas Akbari\" alt=\"Andreas Akbari\" class=\"bilderrahmen-fixed\"\/>                                            <\/td>\n<td class=\"hauptlink\">\n                                                <a title=\"Andreas Akbari\" href=\"https:\/\/www.transfermarkt.de\/andreas-akbari\/profil\/spieler\/49235\" target=\"_blank\" rel=\"noopener\">Andreas Akbari<\/a>                                            <\/td>\n<\/tr>\n<tr>\n<td>Defensives Mittelfeld<\/td>\n<\/tr>\n<\/td>\n<td class=\"zentriert hide-for-small\">\n                                    <img decoding=\"async\" src=\"https:\/\/www.europesays.com\/de\/wp-content\/uploads\/2025\/06\/1750017269_71_40.png\" title=\"Deutschland\" alt=\"Deutschland\" class=\"flaggenrahmen\"\/><br \/><img decoding=\"async\" src=\"https:\/\/www.europesays.com\/de\/wp-content\/uploads\/2025\/06\/71.png\" title=\"Iran\" alt=\"Iran\" class=\"flaggenrahmen\"\/>                                <\/td>\n<td>\n<tr>\n<td rowspan=\"2\" class=\"zentriert\">\n                                                <a title=\"1.FC K\u00f6ln II\" href=\"https:\/\/www.transfermarkt.de\/1-fc-koln-ii\/startseite\/verein\/438\" target=\"_blank\" rel=\"noopener\"><img decoding=\"async\" src=\"https:\/\/www.europesays.com\/de\/wp-content\/uploads\/2025\/06\/438.png\" title=\"1.FC K\u00f6ln II\" alt=\"1.FC K\u00f6ln II\" class=\"tiny_wappen\"\/><\/a>                                            <\/td>\n<td class=\"hauptlink hide-for-small\">\n                                                <a title=\"1.FC K\u00f6ln II\" href=\"https:\/\/www.transfermarkt.de\/1-fc-koln-ii\/startseite\/verein\/438\" target=\"_blank\" rel=\"noopener\">1.FC K\u00f6ln II<\/a>                                            <\/td>\n<\/tr>\n<tr>\n<td class=\"hide-for-small\">\n                                                <img decoding=\"async\" src=\"https:\/\/www.europesays.com\/de\/wp-content\/uploads\/2025\/06\/40.png\" title=\"Deutschland\" alt=\"Deutschland\" class=\"flaggenrahmen\"\/> Regionalliga West                                            <\/td>\n<\/tr>\n<\/td>\n<td>\n<tr>\n<td rowspan=\"2\" class=\"zentriert\">\n                                                <a title=\"FC Viktoria K\u00f6ln\" href=\"https:\/\/www.transfermarkt.de\/fc-viktoria-koln\/startseite\/verein\/1622\" target=\"_blank\" rel=\"noopener\"><img decoding=\"async\" src=\"https:\/\/www.europesays.com\/de\/wp-content\/uploads\/2025\/07\/1622.png\" title=\"FC Viktoria K\u00f6ln\" alt=\"FC Viktoria K\u00f6ln\" class=\"tiny_wappen\"\/><\/a>                                            <\/td>\n<td class=\"hauptlink hide-for-small\">\n                                                <a title=\"FC Viktoria K\u00f6ln\" href=\"https:\/\/www.transfermarkt.de\/fc-viktoria-koln\/startseite\/verein\/1622\" target=\"_blank\" rel=\"noopener\">Viktoria K\u00f6ln<\/a>                                            <\/td>\n<\/tr>\n<tr>\n<td class=\"hide-for-small\">\n                                                <img decoding=\"async\" src=\"https:\/\/www.europesays.com\/de\/wp-content\/uploads\/2025\/06\/40.png\" title=\"Deutschland\" alt=\"Deutschland\" class=\"flaggenrahmen\"\/> Regionalliga West                                            <\/td>\n<\/tr>\n<\/td>\n<td class=\"zentriert hide-for-small\">\n                                    13.07.2013                                <\/td>\n<td class=\"zentriert hauptlink\">\n                                    abl\u00f6sefrei                                <\/td>\n<\/tr>\n<tr>\n<td class=\"zentriert hauptlink\">\n                                    13\/14                                <\/td>\n<td>\n<tr>\n<td rowspan=\"2\">\n                                                <img decoding=\"async\" src=\"https:\/\/www.europesays.com\/de\/wp-content\/uploads\/2025\/07\/119210-1421167078.JPG\" title=\"Michael Vogel\" alt=\"Michael Vogel\" class=\"bilderrahmen-fixed\"\/>                                            <\/td>\n<td class=\"hauptlink\">\n                                                <a title=\"Michael Vogel\" href=\"https:\/\/www.transfermarkt.de\/michael-vogel\/profil\/spieler\/119210\" target=\"_blank\" rel=\"noopener\">Michael Vogel<\/a>                                            <\/td>\n<\/tr>\n<tr>\n<td>Torwart<\/td>\n<\/tr>\n<\/td>\n<td class=\"zentriert hide-for-small\">\n                                    <img decoding=\"async\" src=\"https:\/\/www.europesays.com\/de\/wp-content\/uploads\/2025\/06\/1750017269_71_40.png\" title=\"Deutschland\" alt=\"Deutschland\" class=\"flaggenrahmen\"\/>                                <\/td>\n<td>\n<tr>\n<td rowspan=\"2\" class=\"zentriert\">\n                                                <a title=\"1.FC K\u00f6ln II\" href=\"https:\/\/www.transfermarkt.de\/1-fc-koln-ii\/startseite\/verein\/438\" target=\"_blank\" rel=\"noopener\"><img decoding=\"async\" src=\"https:\/\/www.europesays.com\/de\/wp-content\/uploads\/2025\/06\/438.png\" title=\"1.FC K\u00f6ln II\" alt=\"1.FC K\u00f6ln II\" class=\"tiny_wappen\"\/><\/a>                                            <\/td>\n<td class=\"hauptlink hide-for-small\">\n                                                <a title=\"1.FC K\u00f6ln II\" href=\"https:\/\/www.transfermarkt.de\/1-fc-koln-ii\/startseite\/verein\/438\" target=\"_blank\" rel=\"noopener\">1.FC K\u00f6ln II<\/a>                                            <\/td>\n<\/tr>\n<tr>\n<td class=\"hide-for-small\">\n                                                <img decoding=\"async\" src=\"https:\/\/www.europesays.com\/de\/wp-content\/uploads\/2025\/06\/40.png\" title=\"Deutschland\" alt=\"Deutschland\" class=\"flaggenrahmen\"\/> Regionalliga West                                            <\/td>\n<\/tr>\n<\/td>\n<td>\n<tr>\n<td rowspan=\"2\" class=\"zentriert\">\n                                                <a title=\"FC Viktoria K\u00f6ln\" href=\"https:\/\/www.transfermarkt.de\/fc-viktoria-koln\/startseite\/verein\/1622\" target=\"_blank\" rel=\"noopener\"><img decoding=\"async\" src=\"https:\/\/www.europesays.com\/de\/wp-content\/uploads\/2025\/07\/1622.png\" title=\"FC Viktoria K\u00f6ln\" alt=\"FC Viktoria K\u00f6ln\" class=\"tiny_wappen\"\/><\/a>                                            <\/td>\n<td class=\"hauptlink hide-for-small\">\n                                                <a title=\"FC Viktoria K\u00f6ln\" href=\"https:\/\/www.transfermarkt.de\/fc-viktoria-koln\/startseite\/verein\/1622\" target=\"_blank\" rel=\"noopener\">Viktoria K\u00f6ln<\/a>                                            <\/td>\n<\/tr>\n<tr>\n<td class=\"hide-for-small\">\n                                                <img decoding=\"async\" src=\"https:\/\/www.europesays.com\/de\/wp-content\/uploads\/2025\/06\/40.png\" title=\"Deutschland\" alt=\"Deutschland\" class=\"flaggenrahmen\"\/> Regionalliga West                                            <\/td>\n<\/tr>\n<\/td>\n<td class=\"zentriert hide-for-small\">\n                                    01.07.2013                                <\/td>\n<td class=\"zentriert hauptlink\">\n                                    abl\u00f6sefrei                                <\/td>\n<\/tr>\n<tr>\n<td class=\"zentriert hauptlink\">\n                                    13\/14                                <\/td>\n<td>\n<tr>\n<td rowspan=\"2\">\n                                                <img decoding=\"async\" src=\"https:\/\/www.europesays.com\/de\/wp-content\/uploads\/2025\/07\/82383-1530814114.jpg\" title=\"Lucas Musculus\" alt=\"Lucas Musculus\" class=\"bilderrahmen-fixed\"\/>                                            <\/td>\n<td class=\"hauptlink\">\n                                                <a title=\"Lucas Musculus\" href=\"https:\/\/www.transfermarkt.de\/lucas-musculus\/profil\/spieler\/82383\" target=\"_blank\" rel=\"noopener\">Lucas Musculus<\/a>                                            <\/td>\n<\/tr>\n<tr>\n<td>Mittelst\u00fcrmer<\/td>\n<\/tr>\n<\/td>\n<td class=\"zentriert hide-for-small\">\n                                    <img decoding=\"async\" src=\"https:\/\/www.europesays.com\/de\/wp-content\/uploads\/2025\/06\/1750017269_71_40.png\" title=\"Deutschland\" alt=\"Deutschland\" class=\"flaggenrahmen\"\/>                                <\/td>\n<td>\n<tr>\n<td rowspan=\"2\" class=\"zentriert\">\n                                                <a title=\"1.FC K\u00f6ln II\" href=\"https:\/\/www.transfermarkt.de\/1-fc-koln-ii\/startseite\/verein\/438\" target=\"_blank\" rel=\"noopener\"><img decoding=\"async\" src=\"https:\/\/www.europesays.com\/de\/wp-content\/uploads\/2025\/06\/438.png\" title=\"1.FC K\u00f6ln II\" alt=\"1.FC K\u00f6ln II\" class=\"tiny_wappen\"\/><\/a>                                            <\/td>\n<td class=\"hauptlink hide-for-small\">\n                                                <a title=\"1.FC K\u00f6ln II\" href=\"https:\/\/www.transfermarkt.de\/1-fc-koln-ii\/startseite\/verein\/438\" target=\"_blank\" rel=\"noopener\">1.FC K\u00f6ln II<\/a>                                            <\/td>\n<\/tr>\n<tr>\n<td class=\"hide-for-small\">\n                                                <img decoding=\"async\" src=\"https:\/\/www.europesays.com\/de\/wp-content\/uploads\/2025\/06\/40.png\" title=\"Deutschland\" alt=\"Deutschland\" class=\"flaggenrahmen\"\/> Regionalliga West                                            <\/td>\n<\/tr>\n<\/td>\n<td>\n<tr>\n<td rowspan=\"2\" class=\"zentriert\">\n                                                <a title=\"FC Viktoria K\u00f6ln\" href=\"https:\/\/www.transfermarkt.de\/fc-viktoria-koln\/startseite\/verein\/1622\" target=\"_blank\" rel=\"noopener\"><img decoding=\"async\" src=\"https:\/\/www.europesays.com\/de\/wp-content\/uploads\/2025\/07\/1622.png\" title=\"FC Viktoria K\u00f6ln\" alt=\"FC Viktoria K\u00f6ln\" class=\"tiny_wappen\"\/><\/a>                                            <\/td>\n<td class=\"hauptlink hide-for-small\">\n                                                <a title=\"FC Viktoria K\u00f6ln\" href=\"https:\/\/www.transfermarkt.de\/fc-viktoria-koln\/startseite\/verein\/1622\" target=\"_blank\" rel=\"noopener\">Viktoria K\u00f6ln<\/a>                                            <\/td>\n<\/tr>\n<tr>\n<td class=\"hide-for-small\">\n                                                <img decoding=\"async\" src=\"https:\/\/www.europesays.com\/de\/wp-content\/uploads\/2025\/06\/40.png\" title=\"Deutschland\" alt=\"Deutschland\" class=\"flaggenrahmen\"\/> Regionalliga West                                            <\/td>\n<\/tr>\n<\/td>\n<td class=\"zentriert hide-for-small\">\n                                    01.07.2013                                <\/td>\n<td class=\"zentriert hauptlink\">\n                                    abl\u00f6sefrei                                <\/td>\n<\/tr>\n<tr>\n<td class=\"zentriert hauptlink\">\n                                    13\/14                                <\/td>\n<td>\n<tr>\n<td rowspan=\"2\">\n                                                <img decoding=\"async\" src=\"https:\/\/www.europesays.com\/de\/wp-content\/uploads\/2025\/07\/84954-1439241689.jpg\" title=\"Sebastian Spinrath\" alt=\"Sebastian Spinrath\" class=\"bilderrahmen-fixed\"\/>                                            <\/td>\n<td class=\"hauptlink\">\n                                                <a title=\"Sebastian Spinrath\" href=\"https:\/\/www.transfermarkt.de\/sebastian-spinrath\/profil\/spieler\/84954\" target=\"_blank\" rel=\"noopener\">Sebastian Spinrath<\/a>                                            <\/td>\n<\/tr>\n<tr>\n<td>Innenverteidiger<\/td>\n<\/tr>\n<\/td>\n<td class=\"zentriert hide-for-small\">\n                                    <img decoding=\"async\" src=\"https:\/\/www.europesays.com\/de\/wp-content\/uploads\/2025\/06\/1750017269_71_40.png\" title=\"Deutschland\" alt=\"Deutschland\" class=\"flaggenrahmen\"\/>                                <\/td>\n<td>\n<tr>\n<td rowspan=\"2\" class=\"zentriert\">\n                                                <a title=\"1.FC K\u00f6ln II\" href=\"https:\/\/www.transfermarkt.de\/1-fc-koln-ii\/startseite\/verein\/438\" target=\"_blank\" rel=\"noopener\"><img decoding=\"async\" src=\"https:\/\/www.europesays.com\/de\/wp-content\/uploads\/2025\/06\/438.png\" title=\"1.FC K\u00f6ln II\" alt=\"1.FC K\u00f6ln II\" class=\"tiny_wappen\"\/><\/a>                                            <\/td>\n<td class=\"hauptlink hide-for-small\">\n                                                <a title=\"1.FC K\u00f6ln II\" href=\"https:\/\/www.transfermarkt.de\/1-fc-koln-ii\/startseite\/verein\/438\" target=\"_blank\" rel=\"noopener\">1.FC K\u00f6ln II<\/a>                                            <\/td>\n<\/tr>\n<tr>\n<td class=\"hide-for-small\">\n                                                <img decoding=\"async\" src=\"https:\/\/www.europesays.com\/de\/wp-content\/uploads\/2025\/06\/40.png\" title=\"Deutschland\" alt=\"Deutschland\" class=\"flaggenrahmen\"\/> Regionalliga West                                            <\/td>\n<\/tr>\n<\/td>\n<td>\n<tr>\n<td rowspan=\"2\" class=\"zentriert\">\n                                                <a title=\"FC Viktoria K\u00f6ln\" href=\"https:\/\/www.transfermarkt.de\/fc-viktoria-koln\/startseite\/verein\/1622\" target=\"_blank\" rel=\"noopener\"><img decoding=\"async\" src=\"https:\/\/www.europesays.com\/de\/wp-content\/uploads\/2025\/07\/1622.png\" title=\"FC Viktoria K\u00f6ln\" alt=\"FC Viktoria K\u00f6ln\" class=\"tiny_wappen\"\/><\/a>                                            <\/td>\n<td class=\"hauptlink hide-for-small\">\n                                                <a title=\"FC Viktoria K\u00f6ln\" href=\"https:\/\/www.transfermarkt.de\/fc-viktoria-koln\/startseite\/verein\/1622\" target=\"_blank\" rel=\"noopener\">Viktoria K\u00f6ln<\/a>                                            <\/td>\n<\/tr>\n<tr>\n<td class=\"hide-for-small\">\n                                                <img decoding=\"async\" src=\"https:\/\/www.europesays.com\/de\/wp-content\/uploads\/2025\/06\/40.png\" title=\"Deutschland\" alt=\"Deutschland\" class=\"flaggenrahmen\"\/> Regionalliga West                                            <\/td>\n<\/tr>\n<\/td>\n<td class=\"zentriert hide-for-small\">\n                                    01.07.2013                                <\/td>\n<td class=\"zentriert hauptlink\">\n                                    abl\u00f6sefrei                                <\/td>\n<\/tr>\n<tr>\n<td class=\"zentriert hauptlink\">\n                                    13\/14                                <\/td>\n<td>\n<tr>\n<td rowspan=\"2\">\n                                                <img decoding=\"async\" src=\"https:\/\/www.europesays.com\/de\/wp-content\/uploads\/2025\/07\/162803-1421167167.JPG\" title=\"Dennis Begas\" alt=\"Dennis Begas\" class=\"bilderrahmen-fixed\"\/>                                            <\/td>\n<td class=\"hauptlink\">\n                                                <a title=\"Dennis Begas\" href=\"https:\/\/www.transfermarkt.de\/dennis-begas\/profil\/spieler\/162803\" target=\"_blank\" rel=\"noopener\">Dennis Begas<\/a>                                            <\/td>\n<\/tr>\n<tr>\n<td>Torwart<\/td>\n<\/tr>\n<\/td>\n<td class=\"zentriert hide-for-small\">\n                                    <img decoding=\"async\" src=\"https:\/\/www.europesays.com\/de\/wp-content\/uploads\/2025\/06\/1750017269_71_40.png\" title=\"Deutschland\" alt=\"Deutschland\" class=\"flaggenrahmen\"\/>                                <\/td>\n<td>\n<tr>\n<td rowspan=\"2\" class=\"zentriert\">\n                                                <a title=\"1.FC K\u00f6ln U19\" href=\"https:\/\/www.transfermarkt.de\/1-fc-koln-u19\/startseite\/verein\/1461\" target=\"_blank\" rel=\"noopener\"><img decoding=\"async\" src=\"https:\/\/www.europesays.com\/de\/wp-content\/uploads\/2025\/06\/1461.png\" title=\"1.FC K\u00f6ln U19\" alt=\"1.FC K\u00f6ln U19\" class=\"tiny_wappen\"\/><\/a>                                            <\/td>\n<td class=\"hauptlink hide-for-small\">\n                                                <a title=\"1.FC K\u00f6ln U19\" href=\"https:\/\/www.transfermarkt.de\/1-fc-koln-u19\/startseite\/verein\/1461\" target=\"_blank\" rel=\"noopener\">1.FC K\u00f6ln U19<\/a>                                            <\/td>\n<\/tr>\n<tr>\n<td class=\"hide-for-small\">\n                                                <img decoding=\"async\" src=\"https:\/\/www.europesays.com\/de\/wp-content\/uploads\/2025\/06\/40.png\" title=\"Deutschland\" alt=\"Deutschland\" class=\"flaggenrahmen\"\/> U19-Bundesliga West                                            <\/td>\n<\/tr>\n<\/td>\n<td>\n<tr>\n<td rowspan=\"2\" class=\"zentriert\">\n                                                <a title=\"FC Viktoria K\u00f6ln U19\" href=\"https:\/\/www.transfermarkt.de\/fc-viktoria-koln-u19\/startseite\/verein\/10075\" target=\"_blank\" rel=\"noopener\"><img decoding=\"async\" src=\"https:\/\/www.europesays.com\/de\/wp-content\/uploads\/2025\/07\/10075.png\" title=\"FC Viktoria K\u00f6ln U19\" alt=\"FC Viktoria K\u00f6ln U19\" class=\"tiny_wappen\"\/><\/a>                                            <\/td>\n<td class=\"hauptlink hide-for-small\">\n                                                <a title=\"FC Viktoria K\u00f6ln U19\" href=\"https:\/\/www.transfermarkt.de\/fc-viktoria-koln-u19\/startseite\/verein\/10075\" target=\"_blank\" rel=\"noopener\">Vikt. K\u00f6ln U19<\/a>                                            <\/td>\n<\/tr>\n<tr>\n<td class=\"hide-for-small\">\n                                                <img decoding=\"async\" src=\"https:\/\/www.europesays.com\/de\/wp-content\/uploads\/2025\/06\/40.png\" title=\"Deutschland\" alt=\"Deutschland\" class=\"flaggenrahmen\"\/> Deutschland                                            <\/td>\n<\/tr>\n<\/td>\n<td class=\"zentriert hide-for-small\">\n                                    01.07.2013                                <\/td>\n<td class=\"zentriert hauptlink\">\n                                    abl\u00f6sefrei                                <\/td>\n<\/tr>\n<tr>\n<td class=\"zentriert hauptlink\">\n                                    13\/14                                <\/td>\n<td>\n<tr>\n<td rowspan=\"2\">\n                                                <img decoding=\"async\" src=\"https:\/\/www.europesays.com\/de\/wp-content\/uploads\/2025\/07\/468772-1515269165.JPG\" title=\"Brooklyn Merl\" alt=\"Brooklyn Merl\" class=\"bilderrahmen-fixed\"\/>                                            <\/td>\n<td class=\"hauptlink\">\n                                                <a title=\"Brooklyn Merl\" href=\"https:\/\/www.transfermarkt.de\/brooklyn-merl\/profil\/spieler\/468772\" target=\"_blank\" rel=\"noopener\">Brooklyn Merl<\/a>                                            <\/td>\n<\/tr>\n<tr>\n<td>Mittelst\u00fcrmer<\/td>\n<\/tr>\n<\/td>\n<td class=\"zentriert hide-for-small\">\n                                    <img decoding=\"async\" src=\"https:\/\/www.europesays.com\/de\/wp-content\/uploads\/2025\/06\/1750017269_71_40.png\" title=\"Deutschland\" alt=\"Deutschland\" class=\"flaggenrahmen\"\/>                                <\/td>\n<td>\n<tr>\n<td rowspan=\"2\" class=\"zentriert\">\n                                                <a title=\"1.FC K\u00f6ln Jugend\" href=\"https:\/\/www.transfermarkt.de\/1-fc-koln-jugend\/startseite\/verein\/11880\" target=\"_blank\" rel=\"noopener\"><img decoding=\"async\" src=\"https:\/\/www.europesays.com\/de\/wp-content\/uploads\/2025\/06\/11880.png\" title=\"1.FC K\u00f6ln Jugend\" alt=\"1.FC K\u00f6ln Jugend\" class=\"tiny_wappen\"\/><\/a>                                            <\/td>\n<td class=\"hauptlink hide-for-small\">\n                                                <a title=\"1.FC K\u00f6ln Jugend\" href=\"https:\/\/www.transfermarkt.de\/1-fc-koln-jugend\/startseite\/verein\/11880\" target=\"_blank\" rel=\"noopener\">1.FC K\u00f6ln Jgd.<\/a>                                            <\/td>\n<\/tr>\n<tr>\n<td class=\"hide-for-small\">\n                                                <img decoding=\"async\" src=\"https:\/\/www.europesays.com\/de\/wp-content\/uploads\/2025\/06\/40.png\" title=\"Deutschland\" alt=\"Deutschland\" class=\"flaggenrahmen\"\/> Deutschland                                            <\/td>\n<\/tr>\n<\/td>\n<td>\n<tr>\n<td rowspan=\"2\" class=\"zentriert\">\n                                                <a title=\"FC Viktoria K\u00f6ln Jugend\" href=\"https:\/\/www.transfermarkt.de\/fc-viktoria-koln-jugend\/startseite\/verein\/42376\" target=\"_blank\" rel=\"noopener\"><img decoding=\"async\" src=\"https:\/\/www.europesays.com\/de\/wp-content\/uploads\/2025\/07\/42376.png\" title=\"FC Viktoria K\u00f6ln Jugend\" alt=\"FC Viktoria K\u00f6ln Jugend\" class=\"tiny_wappen\"\/><\/a>                                            <\/td>\n<td class=\"hauptlink hide-for-small\">\n                                                <a title=\"FC Viktoria K\u00f6ln Jugend\" href=\"https:\/\/www.transfermarkt.de\/fc-viktoria-koln-jugend\/startseite\/verein\/42376\" target=\"_blank\" rel=\"noopener\">Vikt. K\u00f6ln Jgd.<\/a>                                            <\/td>\n<\/tr>\n<tr>\n<td class=\"hide-for-small\">\n                                                <img decoding=\"async\" src=\"https:\/\/www.europesays.com\/de\/wp-content\/uploads\/2025\/06\/40.png\" title=\"Deutschland\" alt=\"Deutschland\" class=\"flaggenrahmen\"\/> Deutschland                                            <\/td>\n<\/tr>\n<\/td>\n<td class=\"zentriert hide-for-small\">\n                                    01.07.2013                                <\/td>\n<td class=\"zentriert hauptlink\">\n                                    abl\u00f6sefrei                                <\/td>\n<\/tr>\n<tr>\n<td class=\"zentriert hauptlink\">\n                                    13\/14                                <\/td>\n<td>\n<tr>\n<td rowspan=\"2\">\n                                                <img decoding=\"async\" src=\"https:\/\/www.europesays.com\/de\/wp-content\/uploads\/2025\/07\/230183-1655053670.png\" title=\"Peter Schaale\" alt=\"Peter Schaale\" class=\"bilderrahmen-fixed\"\/>                                            <\/td>\n<td class=\"hauptlink\">\n                                                <a title=\"Peter Schaale\" href=\"https:\/\/www.transfermarkt.de\/peter-schaale\/profil\/spieler\/230183\" target=\"_blank\" rel=\"noopener\">Peter Schaale<\/a>                                            <\/td>\n<\/tr>\n<tr>\n<td>Innenverteidiger<\/td>\n<\/tr>\n<\/td>\n<td class=\"zentriert hide-for-small\">\n                                    <img decoding=\"async\" src=\"https:\/\/www.europesays.com\/de\/wp-content\/uploads\/2025\/06\/1750017269_71_40.png\" title=\"Deutschland\" alt=\"Deutschland\" class=\"flaggenrahmen\"\/>                                <\/td>\n<td>\n<tr>\n<td rowspan=\"2\" class=\"zentriert\">\n                                                <a title=\"1.FC K\u00f6ln U17\" href=\"https:\/\/www.transfermarkt.de\/1-fc-koln-u17\/startseite\/verein\/21048\" target=\"_blank\" rel=\"noopener\"><img decoding=\"async\" src=\"https:\/\/www.europesays.com\/de\/wp-content\/uploads\/2025\/06\/21048.png\" title=\"1.FC K\u00f6ln U17\" alt=\"1.FC K\u00f6ln U17\" class=\"tiny_wappen\"\/><\/a>                                            <\/td>\n<td class=\"hauptlink hide-for-small\">\n                                                <a title=\"1.FC K\u00f6ln U17\" href=\"https:\/\/www.transfermarkt.de\/1-fc-koln-u17\/startseite\/verein\/21048\" target=\"_blank\" rel=\"noopener\">1.FC K\u00f6ln U17<\/a>                                            <\/td>\n<\/tr>\n<tr>\n<td class=\"hide-for-small\">\n                                                <img decoding=\"async\" src=\"https:\/\/www.europesays.com\/de\/wp-content\/uploads\/2025\/06\/40.png\" title=\"Deutschland\" alt=\"Deutschland\" class=\"flaggenrahmen\"\/> U17-Bundesliga West                                            <\/td>\n<\/tr>\n<\/td>\n<td>\n<tr>\n<td rowspan=\"2\" class=\"zentriert\">\n                                                <a title=\"FC Viktoria K\u00f6ln U19\" href=\"https:\/\/www.transfermarkt.de\/fc-viktoria-koln-u19\/startseite\/verein\/10075\" target=\"_blank\" rel=\"noopener\"><img decoding=\"async\" src=\"https:\/\/www.europesays.com\/de\/wp-content\/uploads\/2025\/07\/10075.png\" title=\"FC Viktoria K\u00f6ln U19\" alt=\"FC Viktoria K\u00f6ln U19\" class=\"tiny_wappen\"\/><\/a>                                            <\/td>\n<td class=\"hauptlink hide-for-small\">\n                                                <a title=\"FC Viktoria K\u00f6ln U19\" href=\"https:\/\/www.transfermarkt.de\/fc-viktoria-koln-u19\/startseite\/verein\/10075\" target=\"_blank\" rel=\"noopener\">Vikt. K\u00f6ln U19<\/a>                                            <\/td>\n<\/tr>\n<tr>\n<td class=\"hide-for-small\">\n                                                <img decoding=\"async\" src=\"https:\/\/www.europesays.com\/de\/wp-content\/uploads\/2025\/06\/40.png\" title=\"Deutschland\" alt=\"Deutschland\" class=\"flaggenrahmen\"\/> Deutschland                                            <\/td>\n<\/tr>\n<\/td>\n<td class=\"zentriert hide-for-small\">\n                                    01.07.2013                                <\/td>\n<td class=\"zentriert hauptlink\">\n                                    abl\u00f6sefrei                                <\/td>\n<\/tr>\n<tr>\n<td class=\"zentriert hauptlink\">\n                                    13\/14                                <\/td>\n<td>\n<tr>\n<td rowspan=\"2\">\n                                                <img decoding=\"async\" src=\"https:\/\/www.europesays.com\/de\/wp-content\/uploads\/2025\/07\/897432-1695300672.jpg\" title=\"Malik Y\u0131lmaz\" alt=\"Malik Y\u0131lmaz\" class=\"bilderrahmen-fixed\"\/>                                            <\/td>\n<td class=\"hauptlink\">\n                                                <a title=\"Malik Y\u0131lmaz\" href=\"https:\/\/www.transfermarkt.de\/malik-yilmaz\/profil\/spieler\/897432\" target=\"_blank\" rel=\"noopener\">Malik Y\u0131lmaz<\/a>                                            <\/td>\n<\/tr>\n<tr>\n<td>Rechtsau\u00dfen<\/td>\n<\/tr>\n<\/td>\n<td class=\"zentriert hide-for-small\">\n                                    <img decoding=\"async\" src=\"https:\/\/www.europesays.com\/de\/wp-content\/uploads\/2025\/06\/174.png\" title=\"T\u00fcrkei\" alt=\"T\u00fcrkei\" class=\"flaggenrahmen\"\/><br \/><img decoding=\"async\" src=\"https:\/\/www.europesays.com\/de\/wp-content\/uploads\/2025\/06\/1750017269_71_40.png\" title=\"Deutschland\" alt=\"Deutschland\" class=\"flaggenrahmen\"\/>                                <\/td>\n<td>\n<tr>\n<td rowspan=\"2\" class=\"zentriert\">\n                                                <a title=\"FC Viktoria K\u00f6ln Jugend\" href=\"https:\/\/www.transfermarkt.de\/fc-viktoria-koln-jugend\/startseite\/verein\/42376\" target=\"_blank\" rel=\"noopener\"><img decoding=\"async\" src=\"https:\/\/www.europesays.com\/de\/wp-content\/uploads\/2025\/07\/42376.png\" title=\"FC Viktoria K\u00f6ln Jugend\" alt=\"FC Viktoria K\u00f6ln Jugend\" class=\"tiny_wappen\"\/><\/a>                                            <\/td>\n<td class=\"hauptlink hide-for-small\">\n                                                <a title=\"FC Viktoria K\u00f6ln Jugend\" href=\"https:\/\/www.transfermarkt.de\/fc-viktoria-koln-jugend\/startseite\/verein\/42376\" target=\"_blank\" rel=\"noopener\">Vikt. K\u00f6ln Jgd.<\/a>                                            <\/td>\n<\/tr>\n<tr>\n<td class=\"hide-for-small\">\n                                                <img decoding=\"async\" src=\"https:\/\/www.europesays.com\/de\/wp-content\/uploads\/2025\/06\/40.png\" title=\"Deutschland\" alt=\"Deutschland\" class=\"flaggenrahmen\"\/> Deutschland                                            <\/td>\n<\/tr>\n<\/td>\n<td>\n<tr>\n<td rowspan=\"2\" class=\"zentriert\">\n                                                <a title=\"1.FC K\u00f6ln Jugend\" href=\"https:\/\/www.transfermarkt.de\/1-fc-koln-jugend\/startseite\/verein\/11880\" target=\"_blank\" rel=\"noopener\"><img decoding=\"async\" src=\"https:\/\/www.europesays.com\/de\/wp-content\/uploads\/2025\/06\/11880.png\" title=\"1.FC K\u00f6ln Jugend\" alt=\"1.FC K\u00f6ln Jugend\" class=\"tiny_wappen\"\/><\/a>                                            <\/td>\n<td class=\"hauptlink hide-for-small\">\n                                                <a title=\"1.FC K\u00f6ln Jugend\" href=\"https:\/\/www.transfermarkt.de\/1-fc-koln-jugend\/startseite\/verein\/11880\" target=\"_blank\" rel=\"noopener\">1.FC K\u00f6ln Jgd.<\/a>                                            <\/td>\n<\/tr>\n<tr>\n<td class=\"hide-for-small\">\n                                                <img decoding=\"async\" src=\"https:\/\/www.europesays.com\/de\/wp-content\/uploads\/2025\/06\/40.png\" title=\"Deutschland\" alt=\"Deutschland\" class=\"flaggenrahmen\"\/> Deutschland                                            <\/td>\n<\/tr>\n<\/td>\n<td class=\"zentriert hide-for-small\">\n                                    01.07.2013                                <\/td>\n<td class=\"zentriert hauptlink\">\n                                    abl\u00f6sefrei                                <\/td>\n<\/tr>\n<tr>\n<td class=\"zentriert hauptlink\">\n                                    13\/14                                <\/td>\n<td>\n<tr>\n<td rowspan=\"2\">\n                                                <img decoding=\"async\" src=\"https:\/\/www.europesays.com\/de\/wp-content\/uploads\/2025\/06\/default.jpg\" title=\"Melih Can Emuce\" alt=\"Melih Can Emuce\" class=\"bilderrahmen-fixed\"\/>                                            <\/td>\n<td class=\"hauptlink\">\n                                                <a title=\"Melih Can Emuce\" href=\"https:\/\/www.transfermarkt.de\/melih-can-emuce\/profil\/spieler\/326917\" target=\"_blank\" rel=\"noopener\">Melih Can Emuce<\/a>                                            <\/td>\n<\/tr>\n<tr>\n<td>Sturm<\/td>\n<\/tr>\n<\/td>\n<td class=\"zentriert hide-for-small\">\n                                    <img decoding=\"async\" src=\"https:\/\/www.europesays.com\/de\/wp-content\/uploads\/2025\/06\/1750017269_71_40.png\" title=\"Deutschland\" alt=\"Deutschland\" class=\"flaggenrahmen\"\/><br \/><img decoding=\"async\" src=\"https:\/\/www.europesays.com\/de\/wp-content\/uploads\/2025\/06\/174.png\" title=\"T\u00fcrkei\" alt=\"T\u00fcrkei\" class=\"flaggenrahmen\"\/>                                <\/td>\n<td>\n<tr>\n<td rowspan=\"2\" class=\"zentriert\">\n                                                <a title=\"FC Viktoria K\u00f6ln Jugend\" href=\"https:\/\/www.transfermarkt.de\/fc-viktoria-koln-jugend\/startseite\/verein\/42376\" target=\"_blank\" rel=\"noopener\"><img decoding=\"async\" src=\"https:\/\/www.europesays.com\/de\/wp-content\/uploads\/2025\/07\/42376.png\" title=\"FC Viktoria K\u00f6ln Jugend\" alt=\"FC Viktoria K\u00f6ln Jugend\" class=\"tiny_wappen\"\/><\/a>                                            <\/td>\n<td class=\"hauptlink hide-for-small\">\n                                                <a title=\"FC Viktoria K\u00f6ln Jugend\" href=\"https:\/\/www.transfermarkt.de\/fc-viktoria-koln-jugend\/startseite\/verein\/42376\" target=\"_blank\" rel=\"noopener\">Vikt. K\u00f6ln Jgd.<\/a>                                            <\/td>\n<\/tr>\n<tr>\n<td class=\"hide-for-small\">\n                                                <img decoding=\"async\" src=\"https:\/\/www.europesays.com\/de\/wp-content\/uploads\/2025\/06\/40.png\" title=\"Deutschland\" alt=\"Deutschland\" class=\"flaggenrahmen\"\/> Deutschland                                            <\/td>\n<\/tr>\n<\/td>\n<td>\n<tr>\n<td rowspan=\"2\" class=\"zentriert\">\n                                                <a title=\"1.FC K\u00f6ln U17\" href=\"https:\/\/www.transfermarkt.de\/1-fc-koln-u17\/startseite\/verein\/21048\" target=\"_blank\" rel=\"noopener\"><img decoding=\"async\" src=\"https:\/\/www.europesays.com\/de\/wp-content\/uploads\/2025\/06\/21048.png\" title=\"1.FC K\u00f6ln U17\" alt=\"1.FC K\u00f6ln U17\" class=\"tiny_wappen\"\/><\/a>                                            <\/td>\n<td class=\"hauptlink hide-for-small\">\n                                                <a title=\"1.FC K\u00f6ln U17\" href=\"https:\/\/www.transfermarkt.de\/1-fc-koln-u17\/startseite\/verein\/21048\" target=\"_blank\" rel=\"noopener\">1.FC K\u00f6ln U17<\/a>                                            <\/td>\n<\/tr>\n<tr>\n<td class=\"hide-for-small\">\n                                                <img decoding=\"async\" src=\"https:\/\/www.europesays.com\/de\/wp-content\/uploads\/2025\/06\/40.png\" title=\"Deutschland\" alt=\"Deutschland\" class=\"flaggenrahmen\"\/> U17-Bundesliga West                                            <\/td>\n<\/tr>\n<\/td>\n<td class=\"zentriert hide-for-small\">\n                                    01.07.2013                                <\/td>\n<td class=\"zentriert hauptlink\">\n                                    abl\u00f6sefrei                                <\/td>\n<\/tr>\n<tr>\n<td class=\"zentriert hauptlink\">\n                                    11\/12                                <\/td>\n<td>\n<tr>\n<td rowspan=\"2\">\n                                                <img decoding=\"async\" src=\"https:\/\/www.europesays.com\/de\/wp-content\/uploads\/2025\/06\/default.jpg\" title=\"Ricardo Reinhard\" alt=\"Ricardo Reinhard\" class=\"bilderrahmen-fixed\"\/>                                            <\/td>\n<td class=\"hauptlink\">\n                                                <a title=\"Ricardo Reinhard\" href=\"https:\/\/www.transfermarkt.de\/ricardo-reinhard\/profil\/spieler\/203048\" target=\"_blank\" rel=\"noopener\">Ricardo Reinhard<\/a>                                            <\/td>\n<\/tr>\n<tr>\n<td>Rechtsau\u00dfen<\/td>\n<\/tr>\n<\/td>\n<td class=\"zentriert hide-for-small\">\n                                    <img decoding=\"async\" src=\"https:\/\/www.europesays.com\/de\/wp-content\/uploads\/2025\/06\/1750017269_71_40.png\" title=\"Deutschland\" alt=\"Deutschland\" class=\"flaggenrahmen\"\/>                                <\/td>\n<td>\n<tr>\n<td rowspan=\"2\" class=\"zentriert\">\n                                                <a title=\"1.FC K\u00f6ln Jugend\" href=\"https:\/\/www.transfermarkt.de\/1-fc-koln-jugend\/startseite\/verein\/11880\" target=\"_blank\" rel=\"noopener\"><img decoding=\"async\" src=\"https:\/\/www.europesays.com\/de\/wp-content\/uploads\/2025\/06\/11880.png\" title=\"1.FC K\u00f6ln Jugend\" alt=\"1.FC K\u00f6ln Jugend\" class=\"tiny_wappen\"\/><\/a>                                            <\/td>\n<td class=\"hauptlink hide-for-small\">\n                                                <a title=\"1.FC K\u00f6ln Jugend\" href=\"https:\/\/www.transfermarkt.de\/1-fc-koln-jugend\/startseite\/verein\/11880\" target=\"_blank\" rel=\"noopener\">1.FC K\u00f6ln Jgd.<\/a>                                            <\/td>\n<\/tr>\n<tr>\n<td class=\"hide-for-small\">\n                                                <img decoding=\"async\" src=\"https:\/\/www.europesays.com\/de\/wp-content\/uploads\/2025\/06\/40.png\" title=\"Deutschland\" alt=\"Deutschland\" class=\"flaggenrahmen\"\/> Deutschland                                            <\/td>\n<\/tr>\n<\/td>\n<td>\n<tr>\n<td rowspan=\"2\" class=\"zentriert\">\n                                                <a title=\"FC Viktoria K\u00f6ln U17\" href=\"https:\/\/www.transfermarkt.de\/fc-viktoria-koln-u17\/startseite\/verein\/34088\" target=\"_blank\" rel=\"noopener\"><img decoding=\"async\" src=\"https:\/\/www.europesays.com\/de\/wp-content\/uploads\/2025\/07\/34088.png\" title=\"FC Viktoria K\u00f6ln U17\" alt=\"FC Viktoria K\u00f6ln U17\" class=\"tiny_wappen\"\/><\/a>                                            <\/td>\n<td class=\"hauptlink hide-for-small\">\n                                                <a title=\"FC Viktoria K\u00f6ln U17\" href=\"https:\/\/www.transfermarkt.de\/fc-viktoria-koln-u17\/startseite\/verein\/34088\" target=\"_blank\" rel=\"noopener\">Vikt. K\u00f6ln U17<\/a>                                            <\/td>\n<\/tr>\n<tr>\n<td class=\"hide-for-small\">\n                                                <img decoding=\"async\" src=\"https:\/\/www.europesays.com\/de\/wp-content\/uploads\/2025\/06\/40.png\" title=\"Deutschland\" alt=\"Deutschland\" class=\"flaggenrahmen\"\/> Deutschland                                            <\/td>\n<\/tr>\n<\/td>\n<td class=\"zentriert hide-for-small\">\n                                    01.01.2012                                <\/td>\n<td class=\"zentriert hauptlink\">\n                                    abl\u00f6sefrei                                <\/td>\n<\/tr>\n<tr>\n<td class=\"zentriert hauptlink\">\n                                    10\/11                                <\/td>\n<td>\n<tr>\n<td rowspan=\"2\">\n                                                <img decoding=\"async\" src=\"https:\/\/www.europesays.com\/de\/wp-content\/uploads\/2025\/07\/162811-1579419527.jpg\" title=\"David Bors\" alt=\"David Bors\" class=\"bilderrahmen-fixed\"\/>                                            <\/td>\n<td class=\"hauptlink\">\n                                                <a title=\"David Bors\" href=\"https:\/\/www.transfermarkt.de\/david-bors\/profil\/spieler\/162811\" target=\"_blank\" rel=\"noopener\">David Bors<\/a>                                            <\/td>\n<\/tr>\n<tr>\n<td>Mittelst\u00fcrmer<\/td>\n<\/tr>\n<\/td>\n<td class=\"zentriert hide-for-small\">\n                                    <img decoding=\"async\" src=\"https:\/\/www.europesays.com\/de\/wp-content\/uploads\/2025\/06\/1750017269_71_40.png\" title=\"Deutschland\" alt=\"Deutschland\" class=\"flaggenrahmen\"\/>                                <\/td>\n<td>\n<tr>\n<td rowspan=\"2\" class=\"zentriert\">\n                                                <a title=\"FC Viktoria K\u00f6ln Jugend\" href=\"https:\/\/www.transfermarkt.de\/fc-viktoria-koln-jugend\/startseite\/verein\/42376\" target=\"_blank\" rel=\"noopener\"><img decoding=\"async\" src=\"https:\/\/www.europesays.com\/de\/wp-content\/uploads\/2025\/07\/42376.png\" title=\"FC Viktoria K\u00f6ln Jugend\" alt=\"FC Viktoria K\u00f6ln Jugend\" class=\"tiny_wappen\"\/><\/a>                                            <\/td>\n<td class=\"hauptlink hide-for-small\">\n                                                <a title=\"FC Viktoria K\u00f6ln Jugend\" href=\"https:\/\/www.transfermarkt.de\/fc-viktoria-koln-jugend\/startseite\/verein\/42376\" target=\"_blank\" rel=\"noopener\">Vikt. K\u00f6ln Jgd.<\/a>                                            <\/td>\n<\/tr>\n<tr>\n<td class=\"hide-for-small\">\n                                                <img decoding=\"async\" src=\"https:\/\/www.europesays.com\/de\/wp-content\/uploads\/2025\/06\/40.png\" title=\"Deutschland\" alt=\"Deutschland\" class=\"flaggenrahmen\"\/> Deutschland                                            <\/td>\n<\/tr>\n<\/td>\n<td>\n<tr>\n<td rowspan=\"2\" class=\"zentriert\">\n                                                <a title=\"1.FC K\u00f6ln U17\" href=\"https:\/\/www.transfermarkt.de\/1-fc-koln-u17\/startseite\/verein\/21048\" target=\"_blank\" rel=\"noopener\"><img decoding=\"async\" src=\"https:\/\/www.europesays.com\/de\/wp-content\/uploads\/2025\/06\/21048.png\" title=\"1.FC K\u00f6ln U17\" alt=\"1.FC K\u00f6ln U17\" class=\"tiny_wappen\"\/><\/a>                                            <\/td>\n<td class=\"hauptlink hide-for-small\">\n                                                <a title=\"1.FC K\u00f6ln U17\" href=\"https:\/\/www.transfermarkt.de\/1-fc-koln-u17\/startseite\/verein\/21048\" target=\"_blank\" rel=\"noopener\">1.FC K\u00f6ln U17<\/a>                                            <\/td>\n<\/tr>\n<tr>\n<td class=\"hide-for-small\">\n                                                <img decoding=\"async\" src=\"https:\/\/www.europesays.com\/de\/wp-content\/uploads\/2025\/06\/40.png\" title=\"Deutschland\" alt=\"Deutschland\" class=\"flaggenrahmen\"\/> U17-Bundesliga West                                            <\/td>\n<\/tr>\n<\/td>\n<td class=\"zentriert hide-for-small\">\n                                    01.07.2010                                <\/td>\n<td class=\"zentriert hauptlink\">\n                                    abl\u00f6sefrei                                <\/td>\n<\/tr>\n","protected":false},"excerpt":{"rendered":"25\/26 Meiko Sponsel Rechter Verteidiger 1.FC K\u00f6ln II Regionalliga West Viktoria K\u00f6ln 3. Liga 01.07.2025 abl\u00f6sefrei 25\/26 Emil&hellip;\n","protected":false},"author":2,"featured_media":8110,"comment_status":"","ping_status":"","sticky":false,"template":"","format":"standard","meta":{"footnotes":""},"categories":[1828],"tags":[81487,71447,29,81488,30,1420,1209,63818,81489],"class_list":{"0":"post-271054","1":"post","2":"type-post","3":"status-publish","4":"format-standard","5":"has-post-thumbnail","7":"category-koeln","8":"tag-1-fc-koeln-u19","9":"tag-14-spieltag","10":"tag-deutschland","11":"tag-fc-viktoria-koeln-u19","12":"tag-germany","13":"tag-koeln","14":"tag-nordrhein-westfalen","15":"tag-saison-25-26","16":"tag-u19-dfb-nachwuchsliga-vorrunde-gruppe-g"},"share_on_mastodon":{"url":"https:\/\/pubeurope.com\/@de\/114865786674931532","error":""},"_links":{"self":[{"href":"https:\/\/www.europesays.com\/de\/wp-json\/wp\/v2\/posts\/271054","targetHints":{"allow":["GET"]}}],"collection":[{"href":"https:\/\/www.europesays.com\/de\/wp-json\/wp\/v2\/posts"}],"about":[{"href":"https:\/\/www.europesays.com\/de\/wp-json\/wp\/v2\/types\/post"}],"author":[{"embeddable":true,"href":"https:\/\/www.europesays.com\/de\/wp-json\/wp\/v2\/users\/2"}],"replies":[{"embeddable":true,"href":"https:\/\/www.europesays.com\/de\/wp-json\/wp\/v2\/comments?post=271054"}],"version-history":[{"count":0,"href":"https:\/\/www.europesays.com\/de\/wp-json\/wp\/v2\/posts\/271054\/revisions"}],"wp:featuredmedia":[{"embeddable":true,"href":"https:\/\/www.europesays.com\/de\/wp-json\/wp\/v2\/media\/8110"}],"wp:attachment":[{"href":"https:\/\/www.europesays.com\/de\/wp-json\/wp\/v2\/media?parent=271054"}],"wp:term":[{"taxonomy":"category","embeddable":true,"href":"https:\/\/www.europesays.com\/de\/wp-json\/wp\/v2\/categories?post=271054"},{"taxonomy":"post_tag","embeddable":true,"href":"https:\/\/www.europesays.com\/de\/wp-json\/wp\/v2\/tags?post=271054"}],"curies":[{"name":"wp","href":"https:\/\/api.w.org\/{rel}","templated":true}]}}