{"id":271116,"date":"2025-07-17T01:07:28","date_gmt":"2025-07-17T01:07:28","guid":{"rendered":"https:\/\/www.europesays.com\/de\/271116\/"},"modified":"2025-07-17T01:07:28","modified_gmt":"2025-07-17T01:07:28","slug":"augsburger-beljo-wechselt-nach-zagreb","status":"publish","type":"post","link":"https:\/\/www.europesays.com\/de\/271116\/","title":{"rendered":"Augsburger Beljo wechselt nach Zagreb"},"content":{"rendered":"<p>Augsburg (dpa) &#8211; Fu\u00dfball-Profi Dion Beljo verl\u00e4sst den FC Augsburg und kehrt in seine Heimat zur\u00fcck. Der 23-j\u00e4hrige Angreifer wechselt mit sofortiger Wirkung zum kroatischen Rekordmeister GNK Dinamo Zagreb. \u00dcber die Abl\u00f6semodalit\u00e4ten haben beide Vereine Stillschweigen vereinbart, hie\u00df es.F\u00fcr die Fuggerst\u00e4dter absolvierte der Mittelst\u00fcrmer insgesamt 45 Pflichtspiele, in denen er f\u00fcnf Tore erzielte und drei weitere vorbereitete. In der vergangenen Saison war Beljo an Rapid Wien ausgeliehen.\u00a0<\/p>\n<p>Passende L\u00f6sung<\/p>\n<p>\u00abWir haben Dion nach seiner Leihe zu Rapid Wien zum Start der Vorbereitung eine Perspektive beim FCA aufgezeigt und mehrere Gespr\u00e4che gef\u00fchrt. Er hat allerdings den Wunsch ge\u00e4u\u00dfert, in seine Heimat zur\u00fcckkehren zu wollen. Nach konstruktiven Gespr\u00e4chen mit Zagreb konnten wir gemeinsam eine f\u00fcr alle Seiten passende L\u00f6sung finden und haben dem Wechselwunsch entsprochen\u00bb, erkl\u00e4rte FCA-Gesch\u00e4ftsf\u00fchrer Michael Str\u00f6ll in einer Club-Mitteilung.<\/p>\n","protected":false},"excerpt":{"rendered":"Augsburg (dpa) &#8211; Fu\u00dfball-Profi Dion Beljo verl\u00e4sst den FC Augsburg und kehrt in seine Heimat zur\u00fcck. Der 23-j\u00e4hrige&hellip;\n","protected":false},"author":2,"featured_media":271117,"comment_status":"","ping_status":"","sticky":false,"template":"","format":"standard","meta":{"footnotes":""},"categories":[1846],"tags":[680,772,3364,29,548,663,3934,30,13,14,15,12],"class_list":{"0":"post-271116","1":"post","2":"type-post","3":"status-publish","4":"format-standard","5":"has-post-thumbnail","7":"category-augsburg","8":"tag-augsburg","9":"tag-bayern","10":"tag-de","11":"tag-deutschland","12":"tag-eu","13":"tag-europa","14":"tag-europe","15":"tag-germany","16":"tag-headlines","17":"tag-nachrichten","18":"tag-news","19":"tag-schlagzeilen"},"share_on_mastodon":{"url":"https:\/\/pubeurope.com\/@de\/114865900485096878","error":""},"_links":{"self":[{"href":"https:\/\/www.europesays.com\/de\/wp-json\/wp\/v2\/posts\/271116","targetHints":{"allow":["GET"]}}],"collection":[{"href":"https:\/\/www.europesays.com\/de\/wp-json\/wp\/v2\/posts"}],"about":[{"href":"https:\/\/www.europesays.com\/de\/wp-json\/wp\/v2\/types\/post"}],"author":[{"embeddable":true,"href":"https:\/\/www.europesays.com\/de\/wp-json\/wp\/v2\/users\/2"}],"replies":[{"embeddable":true,"href":"https:\/\/www.europesays.com\/de\/wp-json\/wp\/v2\/comments?post=271116"}],"version-history":[{"count":0,"href":"https:\/\/www.europesays.com\/de\/wp-json\/wp\/v2\/posts\/271116\/revisions"}],"wp:featuredmedia":[{"embeddable":true,"href":"https:\/\/www.europesays.com\/de\/wp-json\/wp\/v2\/media\/271117"}],"wp:attachment":[{"href":"https:\/\/www.europesays.com\/de\/wp-json\/wp\/v2\/media?parent=271116"}],"wp:term":[{"taxonomy":"category","embeddable":true,"href":"https:\/\/www.europesays.com\/de\/wp-json\/wp\/v2\/categories?post=271116"},{"taxonomy":"post_tag","embeddable":true,"href":"https:\/\/www.europesays.com\/de\/wp-json\/wp\/v2\/tags?post=271116"}],"curies":[{"name":"wp","href":"https:\/\/api.w.org\/{rel}","templated":true}]}}