{"id":271118,"date":"2025-07-17T01:08:19","date_gmt":"2025-07-17T01:08:19","guid":{"rendered":"https:\/\/www.europesays.com\/de\/271118\/"},"modified":"2025-07-17T01:08:19","modified_gmt":"2025-07-17T01:08:19","slug":"pol-pdnw-polizeiautobahnstation-ruchheim-vollsperrung-bab-6-nach-verkehrsunfall","status":"publish","type":"post","link":"https:\/\/www.europesays.com\/de\/271118\/","title":{"rendered":"POL-PDNW: Polizeiautobahnstation Ruchheim &#8211; Vollsperrung BAB 6 nach Verkehrsunfall"},"content":{"rendered":"<p>POL-PDNW: Polizeiautobahnstation Ruchheim &#8211; Vollsperrung BAB 6 nach Verkehrsunfall<\/p>\n<p><img width=\"370\" height=\"247\" loading=\"lazy\" decoding=\"async\" class=\"img-fluid article-image\" src=\"https:\/\/www.europesays.com\/de\/wp-content\/uploads\/2025\/04\/polizeimeldung_universalbild.jpg\" alt=\"\" title=\"\"\/><\/p>\n<p>\n16.07.2025 &#8211; 20:36 Uhr\n<\/p>\n<p><a href=\"https:\/\/www.facebook.com\/sharer\/sharer.php?u=https:\/\/www.freenet.de\/polizeimeldungen\/rheinland-pfalz\/pol-pdnw-polizeiautobahnstation-ruchheim-vollsperrung-bab-6-nach-verkehrsunfall_6078272-40501432.html\" title=\"Artikel auf Facebook teilen\" target=\"_blank\" rel=\"nofollow noopener\"><br \/>\n<img decoding=\"async\" width=\"25px\" height=\"25px\" src=\"https:\/\/www.freenet.de\/webfiles\/1751546266167\/icons\/social\/facebook.svg\" class=\"\" alt=\"facebook\" title=\"facebook\"\/><br \/>\n<\/a><br \/>\n<a href=\"https:\/\/x.com\/share?url=https:\/\/www.freenet.de\/polizeimeldungen\/rheinland-pfalz\/pol-pdnw-polizeiautobahnstation-ruchheim-vollsperrung-bab-6-nach-verkehrsunfall_6078272-40501432.html&amp;text=Polizeiautobahnstation%20Ruchheim%20-%20Vollsperrung%20BAB%206%20nach%20Verkehrsunfall\" title=\"Artikel auf X teilen\" target=\"_blank\" rel=\"nofollow\"><br \/>\n<img decoding=\"async\" width=\"22px\" height=\"22px\" src=\"https:\/\/www.europesays.com\/de\/wp-content\/uploads\/2025\/07\/x-black.png\" class=\"\" alt=\"X\" title=\"X\"\/><br \/>\n<\/a><\/p>\n<p>\nAm 16.07.2025 gegen 18:56 h kam es auf der BAB 6, in Fahrtrichtung Mannheim, zu einem Verkehrsunfall. <\/p>\n<p>\nWattenheim (ots) &#8211; Vermutlich aufgrund von Aquaplaning verlor ein Fahrzeugf\u00fchrer die Kontrolle \u00fcber seinen PKW und prallte gegen die Schutzplanke. Das Fahrzeug wurde stark besch\u00e4digt und blieb mittig auf der Fahrbahn stehen. Der PKW war nicht mehr fahrbereit und alle drei Insassen wurden durch den Aufprall verletzt. Bis zur Bergung des Fahrzeugs und Abschluss der Unfallaufnahme musste die BAB 6 zwischen Wattenheim und Gr\u00fcnstadt, zwischen 19:00 &#8211; 20:00 h voll gesperrt werden. <\/p>\n<p>\nZUR\u00dcCK ZUR STARTSEITE<\/p>\n<p>gekennzeichnet mit<\/p>\n<p> <a href=\"https:\/\/www.jugendschutzprogramm.de\/\" target=\"_blank\" rel=\"noopener nofollow\" title=\"Jugendschutz\"> <img loading=\"lazy\" decoding=\"async\" class=\"lazy\" src=\"https:\/\/www.europesays.com\/de\/wp-content\/uploads\/2025\/07\/age-de-6.png\" width=\"156\" height=\"31\" alt=\"JUSPROG e.V. - Jugendschutz\" title=\"JUSPROG e.V. - Jugendschutz\"\/> <\/a>   <\/p>\n<p>freenet ist Mitglied im JUSPROG e.V.<\/p>\n","protected":false},"excerpt":{"rendered":"POL-PDNW: Polizeiautobahnstation Ruchheim &#8211; Vollsperrung BAB 6 nach Verkehrsunfall 16.07.2025 &#8211; 20:36 Uhr Am 16.07.2025 gegen 18:56 h&hellip;\n","protected":false},"author":2,"featured_media":31718,"comment_status":"","ping_status":"","sticky":false,"template":"","format":"standard","meta":{"footnotes":""},"categories":[1845],"tags":[81502,18178,1634,22076,3364,29,548,663,3934,9920,4234,514,23383,30,37978,13,2096,14,15,1892,12,3260,3043],"class_list":{"0":"post-271118","1":"post","2":"type-post","3":"status-publish","4":"format-standard","5":"has-post-thumbnail","7":"category-mannheim","8":"tag-aquaplaning","9":"tag-aufprall","10":"tag-baden-wuerttemberg","11":"tag-bergung","12":"tag-de","13":"tag-deutschland","14":"tag-eu","15":"tag-europa","16":"tag-europe","17":"tag-fahrbahn","18":"tag-fahrtrichtung","19":"tag-fahrzeug","20":"tag-fahrzeugfuehrer","21":"tag-germany","22":"tag-gruenstadt","23":"tag-headlines","24":"tag-mannheim","25":"tag-nachrichten","26":"tag-news","27":"tag-pkw","28":"tag-schlagzeilen","29":"tag-verkehrsunfall","30":"tag-vollsperrung"},"share_on_mastodon":{"url":"https:\/\/pubeurope.com\/@de\/114865904320077714","error":""},"_links":{"self":[{"href":"https:\/\/www.europesays.com\/de\/wp-json\/wp\/v2\/posts\/271118","targetHints":{"allow":["GET"]}}],"collection":[{"href":"https:\/\/www.europesays.com\/de\/wp-json\/wp\/v2\/posts"}],"about":[{"href":"https:\/\/www.europesays.com\/de\/wp-json\/wp\/v2\/types\/post"}],"author":[{"embeddable":true,"href":"https:\/\/www.europesays.com\/de\/wp-json\/wp\/v2\/users\/2"}],"replies":[{"embeddable":true,"href":"https:\/\/www.europesays.com\/de\/wp-json\/wp\/v2\/comments?post=271118"}],"version-history":[{"count":0,"href":"https:\/\/www.europesays.com\/de\/wp-json\/wp\/v2\/posts\/271118\/revisions"}],"wp:featuredmedia":[{"embeddable":true,"href":"https:\/\/www.europesays.com\/de\/wp-json\/wp\/v2\/media\/31718"}],"wp:attachment":[{"href":"https:\/\/www.europesays.com\/de\/wp-json\/wp\/v2\/media?parent=271118"}],"wp:term":[{"taxonomy":"category","embeddable":true,"href":"https:\/\/www.europesays.com\/de\/wp-json\/wp\/v2\/categories?post=271118"},{"taxonomy":"post_tag","embeddable":true,"href":"https:\/\/www.europesays.com\/de\/wp-json\/wp\/v2\/tags?post=271118"}],"curies":[{"name":"wp","href":"https:\/\/api.w.org\/{rel}","templated":true}]}}