{"id":271139,"date":"2025-07-17T01:20:13","date_gmt":"2025-07-17T01:20:13","guid":{"rendered":"https:\/\/www.europesays.com\/de\/271139\/"},"modified":"2025-07-17T01:20:13","modified_gmt":"2025-07-17T01:20:13","slug":"parlament-stimmt-ueber-neue-regierung-ab","status":"publish","type":"post","link":"https:\/\/www.europesays.com\/de\/271139\/","title":{"rendered":"Parlament stimmt \u00fcber neue Regierung ab"},"content":{"rendered":"<p>                    <img decoding=\"async\" loading=\"lazy\" class=\"internal-image\" title=\"Vizepremierministerin und Wirtschaftsministerin der Ukraine Julia Swyrydenko sitzt in der Werchowna Rada, dem Parlament in Kiew. \" alt=\"Vizepremierministerin und Wirtschaftsministerin der Ukraine Julia Swyrydenko sitzt in der Werchowna Rada, dem Parlament in Kiew. \" src=\"https:\/\/www.europesays.com\/de\/wp-content\/uploads\/2025\/07\/swyrydenko-ukraine-100-1920x1080.jpg\" \/><\/p>\n<p>                  Die neue Ministerpr\u00e4sidentin Julia Swyrydenko (Archivbild) (Vadym Sarakhan\/AP\/dpa)<\/p>\n<p>Gestern hatte die Rada den R\u00fccktritt der Regierung um Ministerpr\u00e4sident Schmyhal best\u00e4tigt, der nun Verteidigungsminister werden soll. Pr\u00e4sident Selenskyj begr\u00fcndete die Kabinettsumbildung unter anderem damit, dass die Konjunktur des Landes neue Impulse brauche. Swyrydenko gilt als Wirtschaftsfachfrau. In seiner abendlichen Videoansprache erkl\u00e4rte Selenskyj, die Ukraine wolle den Anteil an eigenen Waffen in der Armee binnen sechs Monaten auf 50 Prozent steigern. Dazu m\u00fcsse man die heimische Produktion ausbauen. Bereits heute mache der Anteil der an der Front und anderen Eins\u00e4tzen verwendeten ukrainischen Waffen 40 Prozent aus.<\/p>\n<p>Dies sei schon jetzt deutlich mehr als zu jedem anderen Zeitpunkt seit der Unabh\u00e4ngigkeit des Landes.<\/p>\n<p>Diese Nachricht wurde am 17.07.2025 im Programm Deutschlandfunk gesendet.<\/p>\n","protected":false},"excerpt":{"rendered":"Die neue Ministerpr\u00e4sidentin Julia Swyrydenko (Archivbild) (Vadym Sarakhan\/AP\/dpa) Gestern hatte die Rada den R\u00fccktritt der Regierung um Ministerpr\u00e4sident&hellip;\n","protected":false},"author":2,"featured_media":271140,"comment_status":"","ping_status":"","sticky":false,"template":"","format":"standard","meta":{"footnotes":""},"categories":[4012],"tags":[331,332,13,14,15,12,317],"class_list":{"0":"post-271139","1":"post","2":"type-post","3":"status-publish","4":"format-standard","5":"has-post-thumbnail","7":"category-ukraine","8":"tag-aktuelle-nachrichten","9":"tag-aktuelle-news","10":"tag-headlines","11":"tag-nachrichten","12":"tag-news","13":"tag-schlagzeilen","14":"tag-ukraine"},"share_on_mastodon":{"url":"https:\/\/pubeurope.com\/@de\/114865951401263446","error":""},"_links":{"self":[{"href":"https:\/\/www.europesays.com\/de\/wp-json\/wp\/v2\/posts\/271139","targetHints":{"allow":["GET"]}}],"collection":[{"href":"https:\/\/www.europesays.com\/de\/wp-json\/wp\/v2\/posts"}],"about":[{"href":"https:\/\/www.europesays.com\/de\/wp-json\/wp\/v2\/types\/post"}],"author":[{"embeddable":true,"href":"https:\/\/www.europesays.com\/de\/wp-json\/wp\/v2\/users\/2"}],"replies":[{"embeddable":true,"href":"https:\/\/www.europesays.com\/de\/wp-json\/wp\/v2\/comments?post=271139"}],"version-history":[{"count":0,"href":"https:\/\/www.europesays.com\/de\/wp-json\/wp\/v2\/posts\/271139\/revisions"}],"wp:featuredmedia":[{"embeddable":true,"href":"https:\/\/www.europesays.com\/de\/wp-json\/wp\/v2\/media\/271140"}],"wp:attachment":[{"href":"https:\/\/www.europesays.com\/de\/wp-json\/wp\/v2\/media?parent=271139"}],"wp:term":[{"taxonomy":"category","embeddable":true,"href":"https:\/\/www.europesays.com\/de\/wp-json\/wp\/v2\/categories?post=271139"},{"taxonomy":"post_tag","embeddable":true,"href":"https:\/\/www.europesays.com\/de\/wp-json\/wp\/v2\/tags?post=271139"}],"curies":[{"name":"wp","href":"https:\/\/api.w.org\/{rel}","templated":true}]}}