{"id":271215,"date":"2025-07-17T02:07:13","date_gmt":"2025-07-17T02:07:13","guid":{"rendered":"https:\/\/www.europesays.com\/de\/271215\/"},"modified":"2025-07-17T02:07:13","modified_gmt":"2025-07-17T02:07:13","slug":"prinzessin-maria-olympia-ist-sie-wieder-vergeben","status":"publish","type":"post","link":"https:\/\/www.europesays.com\/de\/271215\/","title":{"rendered":"Prinzessin Maria-Olympia: Ist sie wieder vergeben?"},"content":{"rendered":"<p>Maria-Olympia von Griechenland<br \/>\nIst Europas begehrteste Prinzessin wieder vergeben?<\/p>\n<p><img class=\"image image-element__image\"   src=\"https:\/\/www.europesays.com\/de\/wp-content\/uploads\/2025\/07\/prinzessin-maria-olympia.jpg\" alt=\"Prinzessin Maria-Olympia von Griechenland\" decoding=\"async\" fetchpriority=\"high\" loading=\"eager\"\/><br \/>\n<a href=\"https:\/\/image.gala.de\/24418754\/t\/Av\/v4\/w2048\/r1.5\/-\/prinzessin-maria-olympia.jpg#Aeon%20%2F%20Getty%20Images\" class=\"image__magnifier\" aria-label=\"Vergr\u00f6\u00dfern\" rel=\"nofollow noopener\" target=\"_blank\"><\/p>\n<p> <a href=\"https:\/\/www.gala.de\/stars\/starportraets\/prinzessin-maria-olympia-von-griechenland-22044888.html\" data-article-type=\"star-portrait\" rel=\"nofollow noopener\" target=\"_blank\">Prinzessin Maria-Olympia <\/a>von Griechenland <\/p>\n<p>\u00a9 Aeon \/ Getty Images<\/p>\n<p>\nLove is in the Air: Prinzessin Maria-Olympia von Griechenland schwebt auf Wolke sieben. Zwei Jahre nach der Trennung von Aristokrat Peregrine Pearson soll ein neuer Mann ihr Herz erobert haben.\n<\/p>\n<p class=\"text-element u-richtext u-typo u-typo--article-text article__text-element text-element--context-article\"> Sie galt als eine der begehrtesten Singlefrauen des Planeten, nun hat <a class=\"link--person\" data-target-type=\"article\" href=\"https:\/\/www.gala.de\/stars\/starportraets\/prinzessin-maria-olympia-von-griechenland-22044888.html\" rel=\"nofollow noopener\" target=\"_blank\">Prinzessin Maria-Olympia<\/a> von Griechenland, 28, ihr Herz Medienberichten zufolge wieder verschenkt.<\/p>\n<p class=\"text-element u-richtext u-typo u-typo--article-text article__text-element text-element--context-article\"> Der gl\u00fcckliche Auserw\u00e4hlte: Martin Pacanowski, ein Unternehmer und Society-Liebling aus Argentinien. Bereits in der Vergangenheit sah man den smarten Gesch\u00e4ftsmann h\u00e4ufig auf hochkar\u00e4tigen Society-Events. Ob Modenschau in Mailand oder Party in Monaco: Martin scheint bestens vernetzt mit den jungen Royals und Jetset-Spr\u00f6sslingen zu sein.<\/p>\n<p>Ist Prinzessin Maria-Olympia wieder vergeben?<\/p>\n<p class=\"text-element u-richtext u-typo u-typo--article-text article__text-element text-element--context-article\"> Bei einer Geburtstagsfeier der griechischen Reedereierbin Electra Niarchos, 30, sah man die beiden mutma\u00dflichen Turteltauben Mitte Juli nun wieder zusammen. Auf Barnbougle Castle in Schottland posierten sowohl Maria-Olympia als auch Martin f\u00fcr zahlreiche Schnappsch\u00fcsse ihrer Freund:innen. Zu den weiteren glamour\u00f6sen G\u00e4sten z\u00e4hlten Dasha Zhukova, 44, und Ehemann Stravros Niarchos, 40, das italienische Sociality Bianca Brandolini d&#8217;Adda, 38, Flynn Busson, 27, <a class=\"\" data-target-type=\"article\" href=\"https:\/\/www.gala.de\/beauty-fashion\/fashion\/themen\/prinz-achileas-22572006.html\" rel=\"nofollow noopener\" target=\"_blank\">Prinz Achileas-Andreas<\/a> von Griechenland, 24, sowie Modedesigner <a class=\"\" data-target-type=\"article\" href=\"https:\/\/www.gala.de\/beauty-fashion\/themen\/peter-dundas-20965928.html\" rel=\"nofollow noopener\" target=\"_blank\">Peter Dundas<\/a>, 56.<\/p>\n<p class=\"text-element u-richtext u-typo u-typo--article-text article__text-element text-element--context-article\"> Electra, Tochter des milliardenschweren Kunsth\u00e4ndlers Philip Niarchos und Schwester von Socialite Eugenie Niarchos, 39, feierte in der N\u00e4he von Edinburgh stilecht mit ihren reichen und ber\u00fchmten Freund:innen. Die Party unter dem Motto &#8222;Tartan Punk Creatures&#8220; lieferte etliche atemberaubende Outfits, die Follower:innen auf Social Media bestaunen k\u00f6nnen.<\/p>\n<p>Ihr Neuer ist ein Jetset-Liebling<\/p>\n<p class=\"text-element u-richtext u-typo u-typo--article-text article__text-element text-element--context-article\"> Wie unter anderem die &#8222;Daily Mail&#8220; berichtet, sollen Maria-Olympia und Martin Pacanowski mittlerweile ein sehr verliebtes Paar sein. Verschiedene Schnapssch\u00fcssen der Feier zeigen sie zwar als Partyg\u00e4ste, eine gemeinsame Aufnahme gibt es von diesem Event jedoch nicht. Ein Insider verriet dem Blatt jedoch, dass die beiden sich bereits seit einigen Jahren kennen und &#8222;extrem gut miteinander auskommen&#8220;.<\/p>\n<p><img class=\"image image-element__image\"   src=\"https:\/\/www.europesays.com\/de\/wp-content\/uploads\/2025\/07\/maria-olympia-martin-pacanowski-2.jpg\" alt=\"Bei einem Event im M\u00e4rz 2024 zeigen sich Maria-Olympia und Martin Pacanowski bereits sehr vertraut miteinander.\" decoding=\"async\" fetchpriority=\"auto\" loading=\"lazy\"\/><br \/>\n<a href=\"https:\/\/image.gala.de\/24418736\/t\/tR\/v4\/w2048\/r1.5\/-\/maria-olympia-martin-pacanowski-2.jpg#Dave%20Benett%20%2F%20Getty%20Images\" class=\"image__magnifier\" aria-label=\"Vergr\u00f6\u00dfern\" rel=\"nofollow noopener\" target=\"_blank\"><\/p>\n<p> Bei einem Event im M\u00e4rz 2024 zeigen sich Maria-Olympia und Martin Pacanowski bereits sehr vertraut miteinander. <\/p>\n<p>\u00a9 Dave Benett \/ Getty Images<\/p>\n<p class=\"text-element u-richtext u-typo u-typo--article-text article__text-element text-element--context-article\"> Ob das mutma\u00dfliche neue P\u00e4rchen seine Liebe bald offiziell machen will, kann nur gemutma\u00dft werden. Nachdem Maria-Olympias aristokratischer Ex-Freund <a class=\"\" data-target-type=\"article\" href=\"https:\/\/www.gala.de\/royals\/allgemein\/themen\/peregrine-pearson-22479428.html\" rel=\"nofollow noopener\" target=\"_blank\">Peregrine Pearson<\/a>, 30, seine Beziehung zu &#8222;Game of Thrones&#8220;-Schauspielerin <a class=\"link--person\" data-target-type=\"article\" href=\"https:\/\/www.gala.de\/stars\/starportraets\/sophie-turner-20546230.html\" rel=\"nofollow noopener\" target=\"_blank\">Sophie Turner<\/a>, 29, in aller \u00d6ffentlichkeit zelebriert, k\u00f6nnte sie jedoch allen Grund haben, auch ihr Liebesgl\u00fcck mit der Welt zu teilen.<\/p>\n<p class=\"text-element u-richtext u-typo u-typo--article-text article__text-element text-element--context-article\"> Verwendete Quellen: instagram.com, dailymail.co.uk<\/p>\n<p>\nkst<br \/>\nGala\n<\/p>\n<p>#Themen<\/p>\n<p><script async src=\"\/\/www.instagram.com\/embed.js\"><\/script><\/p>\n","protected":false},"excerpt":{"rendered":"Maria-Olympia von Griechenland Ist Europas begehrteste Prinzessin wieder vergeben? Prinzessin Maria-Olympia von Griechenland \u00a9 Aeon \/ Getty Images&hellip;\n","protected":false},"author":2,"featured_media":271216,"comment_status":"","ping_status":"","sticky":false,"template":"","format":"standard","meta":{"footnotes":""},"categories":[1776],"tags":[1801,29,214,30,1802,215],"class_list":{"0":"post-271215","1":"post","2":"type-post","3":"status-publish","4":"format-standard","5":"has-post-thumbnail","7":"category-prominente","8":"tag-celebrities","9":"tag-deutschland","10":"tag-entertainment","11":"tag-germany","12":"tag-prominente","13":"tag-unterhaltung"},"share_on_mastodon":{"url":"https:\/\/pubeurope.com\/@de\/114866136275576383","error":""},"_links":{"self":[{"href":"https:\/\/www.europesays.com\/de\/wp-json\/wp\/v2\/posts\/271215","targetHints":{"allow":["GET"]}}],"collection":[{"href":"https:\/\/www.europesays.com\/de\/wp-json\/wp\/v2\/posts"}],"about":[{"href":"https:\/\/www.europesays.com\/de\/wp-json\/wp\/v2\/types\/post"}],"author":[{"embeddable":true,"href":"https:\/\/www.europesays.com\/de\/wp-json\/wp\/v2\/users\/2"}],"replies":[{"embeddable":true,"href":"https:\/\/www.europesays.com\/de\/wp-json\/wp\/v2\/comments?post=271215"}],"version-history":[{"count":0,"href":"https:\/\/www.europesays.com\/de\/wp-json\/wp\/v2\/posts\/271215\/revisions"}],"wp:featuredmedia":[{"embeddable":true,"href":"https:\/\/www.europesays.com\/de\/wp-json\/wp\/v2\/media\/271216"}],"wp:attachment":[{"href":"https:\/\/www.europesays.com\/de\/wp-json\/wp\/v2\/media?parent=271215"}],"wp:term":[{"taxonomy":"category","embeddable":true,"href":"https:\/\/www.europesays.com\/de\/wp-json\/wp\/v2\/categories?post=271215"},{"taxonomy":"post_tag","embeddable":true,"href":"https:\/\/www.europesays.com\/de\/wp-json\/wp\/v2\/tags?post=271215"}],"curies":[{"name":"wp","href":"https:\/\/api.w.org\/{rel}","templated":true}]}}