{"id":271217,"date":"2025-07-17T02:08:24","date_gmt":"2025-07-17T02:08:24","guid":{"rendered":"https:\/\/www.europesays.com\/de\/271217\/"},"modified":"2025-07-17T02:08:24","modified_gmt":"2025-07-17T02:08:24","slug":"bottrops-liebfrauenkirche-bronze-kunstwerk-abgebrochen","status":"publish","type":"post","link":"https:\/\/www.europesays.com\/de\/271217\/","title":{"rendered":"Bottrops Liebfrauenkirche: Bronze-Kunstwerk abgebrochen"},"content":{"rendered":"<p class=\"font-sans font-medium\">Bottrop. Von der Fassade der Liebfrauenkirche haben Unbekannte ein Bronze-Relief abgebrochen und gestohlen. Dazu brauchte es mehrere T\u00e4ter, sagt die Polizei.<\/p>\n<p>Diebstahl in Liebfrauen: Vermutlich in der Nacht vom 6. auf den 7. Juli ist ein Bronzerelief von der Au\u00dfenfassade der Liebfrauen-Kirche auf dem Eigen, An Liebfrauen 6, gestohlen worden, meldet die Gemeinde St. Cyriakus.<\/p>\n<p> Das Relief wurde vom westf\u00e4lischen K\u00fcnstler und Goldschmied<a href=\"https:\/\/www.waz.de\/daten-archiv\/article1962542\/sonderbares-und-besonderes.html\" data-category-full-path=\"\/daten-archiv\/\" data-paid-status=\"default\" data-article-publish-date=\"1181442057\" target=\"_blank\" rel=\"nofollow noopener\"> Hermann Kunkler<\/a> im Jahr 1961 geschaffen und zierte urspr\u00fcnglich die mittlerweile aufgegebene Kirche St. Paul. Als Erinnerungsst\u00fcck wurde es in Liebfrauen angebracht. Es zeigt eine Piet\u00e0, die trauernde Maria unter dem Kreuz,  und hat eine Gr\u00f6\u00dfe von 140 mal 200 cm.<\/p>\n<p>\u201eDas Kunstwerk war so schwer, dass f\u00fcr den Diebstahl wohl mehrere T\u00e4ter gemeinsam am Werk waren\u201c, sagt Polizeisprecherin Annette Achenbach. Zudem muss f\u00fcr den Abtransport des Kunstwerks ein Fahrzeug benutzt worden sein. Zuletzt gesehen wurde das Relief am 6. Juli gegen 18 Uhr.<\/p>\n<p>   Parallelen zum Diebstahl der Bronzeglocke in Feldhausen  <\/p>\n<p>Die Tat hat Parallelen zu dem<a href=\"https:\/\/www.waz.de\/lokales\/bottrop\/article408773742\/kaum-zu-glauben-diebe-stehlen-kirchenglocke-in-bottrop.html\" data-category-full-path=\"https:\/\/www.waz.de\/lokales\/bottrop\/\" data-paid-status=\"free\" data-article-publish-date=\"1744813742\" rel=\"nofollow noopener\" target=\"_blank\"> Diebstahl der Bronzeglocke vor der Kirche in Feldhausen im April. <\/a>Auch sie war so schwer, dass mehrere T\u00e4ter an der Tat und am Abtransport beteiligt gewesen sein m\u00fcssen. Pfarrer Christoph Potowski hat sogar die Bef\u00fcrchtung ausgesprochen, dass die 554 Jahre alte Glocke f\u00fcr den Diebstahl zerschlagen worden ist. Die rund 250 Kilo schwere Glocke stand seit den 1970er-Jahren festgeschwei\u00dft auf einem Sockel vor der Kirche. <\/p>\n<p>   Gemeinde bittet um Zeugenhinweise  <\/p>\n<p>Wer in der Nacht des Diebstahls an der Liebfrauenkirche etwas Verd\u00e4chtiges beobachtet hat und Hinweise geben kann, wird gebeten, sich in den Pfarrb\u00fcros von St. Joseph oder St. Cyriakus zu melden. \u00d6ffnungszeiten der Pfarrb\u00fcros: St. Cyriakus, Kirchplatz 2-3, Montag 9 bis 11 Uhr, Mittwoch und Freitag 9 bis 12 Uhr, Donnerstag 15 bis 17 Uhr. St. Joseph, F\u00f6renkamp 27, Montag bis Mittwoch und Freitag 9 bis 11 Uhr und Donnerstag 15 bis 18 Uh<\/p>\n","protected":false},"excerpt":{"rendered":"Bottrop. Von der Fassade der Liebfrauenkirche haben Unbekannte ein Bronze-Relief abgebrochen und gestohlen. Dazu brauchte es mehrere T\u00e4ter,&hellip;\n","protected":false},"author":2,"featured_media":271218,"comment_status":"","ping_status":"","sticky":false,"template":"","format":"standard","meta":{"footnotes":""},"categories":[1775],"tags":[1793,29,214,30,1794,215],"class_list":{"0":"post-271217","1":"post","2":"type-post","3":"status-publish","4":"format-standard","5":"has-post-thumbnail","7":"category-kunst-und-design","8":"tag-art-and-design","9":"tag-deutschland","10":"tag-entertainment","11":"tag-germany","12":"tag-kunst-und-design","13":"tag-unterhaltung"},"share_on_mastodon":{"url":"https:\/\/pubeurope.com\/@de\/114866140219025958","error":""},"_links":{"self":[{"href":"https:\/\/www.europesays.com\/de\/wp-json\/wp\/v2\/posts\/271217","targetHints":{"allow":["GET"]}}],"collection":[{"href":"https:\/\/www.europesays.com\/de\/wp-json\/wp\/v2\/posts"}],"about":[{"href":"https:\/\/www.europesays.com\/de\/wp-json\/wp\/v2\/types\/post"}],"author":[{"embeddable":true,"href":"https:\/\/www.europesays.com\/de\/wp-json\/wp\/v2\/users\/2"}],"replies":[{"embeddable":true,"href":"https:\/\/www.europesays.com\/de\/wp-json\/wp\/v2\/comments?post=271217"}],"version-history":[{"count":0,"href":"https:\/\/www.europesays.com\/de\/wp-json\/wp\/v2\/posts\/271217\/revisions"}],"wp:featuredmedia":[{"embeddable":true,"href":"https:\/\/www.europesays.com\/de\/wp-json\/wp\/v2\/media\/271218"}],"wp:attachment":[{"href":"https:\/\/www.europesays.com\/de\/wp-json\/wp\/v2\/media?parent=271217"}],"wp:term":[{"taxonomy":"category","embeddable":true,"href":"https:\/\/www.europesays.com\/de\/wp-json\/wp\/v2\/categories?post=271217"},{"taxonomy":"post_tag","embeddable":true,"href":"https:\/\/www.europesays.com\/de\/wp-json\/wp\/v2\/tags?post=271217"}],"curies":[{"name":"wp","href":"https:\/\/api.w.org\/{rel}","templated":true}]}}