{"id":271221,"date":"2025-07-17T02:10:14","date_gmt":"2025-07-17T02:10:14","guid":{"rendered":"https:\/\/www.europesays.com\/de\/271221\/"},"modified":"2025-07-17T02:10:14","modified_gmt":"2025-07-17T02:10:14","slug":"vera-ein-ganz-spezieller-fall-geht-weiter-fernsehserien-de","status":"publish","type":"post","link":"https:\/\/www.europesays.com\/de\/271221\/","title":{"rendered":"\u201eVera \u2013 Ein ganz spezieller Fall\u201c geht weiter \u2013 fernsehserien.de"},"content":{"rendered":"<p><img decoding=\"async\" src=\"https:\/\/www.europesays.com\/de\/wp-content\/uploads\/2025\/07\/Brenda-Blethyn-Als-Dci-Vera-Stanhope-In-Vera-w-970.jpg.jpg\" width=\"640\" height=\"260\" alt=\"Brenda Blethyn als DCI Vera Stanhope in \u201eVera\u201c \u2013 Bild: Silverprint Pictures\/ITV\" title=\"Brenda Blethyn als DCI Vera Stanhope in \u201eVera\u201c \u2013 Bild: Silverprint Pictures\/ITV\" loading=\"eager\" fetchpriority=\"high\"\/><\/p>\n<p>Brenda Blethyn als DCI Vera Stanhope in \u201eVera\u201c<\/p>\n<p>Bild: Silverprint Pictures\/ITV<\/p>\n<p>Lange mussten Fans hierzulande auf neue Folgen der beliebten britischen Krimiserie <a href=\"https:\/\/www.fernsehserien.de\/vera-ein-ganz-spezieller-fall\" data-type=\"sendung\" data-event-category=\"textlink-serie\" rel=\"nofollow noopener\" target=\"_blank\">\u201eVera \u2013 Ein ganz spezieller Fall\u201c<\/a> warten. W\u00e4hrend in Gro\u00dfbritannien bereits Titelheldin <a href=\"https:\/\/www.fernsehserien.de\/brenda-blethyn\/filmografie\" data-type=\"person\" data-event-category=\"textlink-person\" rel=\"nofollow noopener\" target=\"_blank\">Brenda Blethyn<\/a> Anfang des Jahres mit Abschluss der 14. Staffel ihren Abschied als beliebte Ermittlerin Detective Chief Inspector Vera Stanhope gab (<a href=\"https:\/\/www.fernsehserien.de\/news\/vera-ein-ganz-spezieller-fall-termin-fuer-serienfinale-steht-fest\" data-type=\"newsmeldung\" data-event-category=\"textlink-meldung\" rel=\"nofollow noopener\" target=\"_blank\">fernsehserien.de berichtete<\/a>), besorgt nun Sat.1 Gold die sp\u00e4te Deutschlandpremiere der noch ausstehenden Folgen \u2013 nach einer rund sechsj\u00e4hrigen Pause. Los geht es am 2. August mit der zehnten Staffel immer samstags ab 20:15\u00a0Uhr in Doppelfolgen. Auf dem gleichen Sendeplatz werden derzeit noch einmal die achte und neunte Staffel wiederholt.<\/p>\n<p>Zum Auftakt der zehnten Staffel werden DCI Vera Stanhope (Blethyn) und DS Aiden Healy (<a href=\"https:\/\/www.fernsehserien.de\/kenny-doughty\/filmografie\" data-type=\"person\" data-event-category=\"textlink-person\" rel=\"nofollow noopener\" target=\"_blank\">Kenny Doughty<\/a>) der City Police im nordenglischen Northumberland zum Haus des Unternehmers Freddie Gill gerufen, der dort von einem Gerichtsvollzieher erschossen aufgefunden wurde. Recht bald ahnt DCI Stanhope, dass mehr hinter der Fassade des scheinbar erfolgreichen Gesch\u00e4ftsmannes steckt. Gemeinsam mit ihrem Team taucht sie in ein Netz aus Schulden, zerbrochenen Familienbanden und verdr\u00e4ngten Geheimnissen ein \u2013 und st\u00f6\u00dft bald auf dunkle Wahrheiten, die \u00fcber den Tod hinausreichen.<\/p>\n<p>Ein Wiedersehen gibt es auch mit dem restlichen Ermittlerteam: <a href=\"https:\/\/www.fernsehserien.de\/jon-morrison\/filmografie\" data-type=\"person\" data-event-category=\"textlink-person\" rel=\"nofollow noopener\" target=\"_blank\">Jon Morrison<\/a> als DC Kenny Lockhart, <a href=\"https:\/\/www.fernsehserien.de\/ibinabo-jack\/filmografie\" data-type=\"person\" data-event-category=\"textlink-person\" rel=\"nofollow noopener\" target=\"_blank\">Ibinabo Jack<\/a> als DC Jacqueline \u201aJac\u2018 Williams, <a href=\"https:\/\/www.fernsehserien.de\/paul-kaye\/filmografie\" data-type=\"person\" data-event-category=\"textlink-person\" rel=\"nofollow noopener\" target=\"_blank\">Paul Kaye<\/a> als Gerichtsmediziner Dr. Malcolm Donahue und <a href=\"https:\/\/www.fernsehserien.de\/riley-jones\/filmografie\" data-type=\"person\" data-event-category=\"textlink-person\" rel=\"nofollow noopener\" target=\"_blank\">Riley Jones<\/a> als DC Mark Edwards.<\/p>\n<p>\u201eVera \u2013 Ein ganz spezieller Fall\u201c basiert auf den Romanen der britischen Bestseller-Autorin <a href=\"https:\/\/www.fernsehserien.de\/ann-cleeves\/filmografie\" data-type=\"person\" data-event-category=\"textlink-person\" rel=\"nofollow noopener\" target=\"_blank\">Ann Cleeves<\/a> und wird seit 2011 f\u00fcr den britischen Senders ITV produziert, mit durchschnittlich \u00fcber sechs Millionen Zuschauer pro Folge. Insgesamt kommt die Krimiserie auf 14 Staffeln mit 56 Folgen, die zwischen 2011 und 2025 produziert wurden. Die finale Episode feierte am 2. Januar Premiere.<\/p>\n<p>Hierzulande besorgte zun\u00e4chst ZDFneo die Erstausstrahlung der Krimiserie, 2019 \u00fcbernahm jedoch Sat.1 Gold die TV-Premiere beginnend mit der achten und neunten Staffel. Seitdem sind keine neuen Folgen erschienen. Hoffen wir aus Sicht der Fans, dass es bis zur n\u00e4chsten Staffel nicht wieder so lange dauern wird.<\/p>\n","protected":false},"excerpt":{"rendered":"Brenda Blethyn als DCI Vera Stanhope in \u201eVera\u201c Bild: Silverprint Pictures\/ITV Lange mussten Fans hierzulande auf neue Folgen&hellip;\n","protected":false},"author":2,"featured_media":271222,"comment_status":"","ping_status":"","sticky":false,"template":"","format":"standard","meta":{"footnotes":""},"categories":[1773],"tags":[29,214,2617,30,15,471,1780,2618,215],"class_list":{"0":"post-271221","1":"post","2":"type-post","3":"status-publish","4":"format-standard","5":"has-post-thumbnail","7":"category-serien","8":"tag-deutschland","9":"tag-entertainment","10":"tag-fernsehserien","11":"tag-germany","12":"tag-news","13":"tag-serien","14":"tag-series","15":"tag-tv-serien","16":"tag-unterhaltung"},"share_on_mastodon":{"url":"https:\/\/pubeurope.com\/@de\/114866148103084995","error":""},"_links":{"self":[{"href":"https:\/\/www.europesays.com\/de\/wp-json\/wp\/v2\/posts\/271221","targetHints":{"allow":["GET"]}}],"collection":[{"href":"https:\/\/www.europesays.com\/de\/wp-json\/wp\/v2\/posts"}],"about":[{"href":"https:\/\/www.europesays.com\/de\/wp-json\/wp\/v2\/types\/post"}],"author":[{"embeddable":true,"href":"https:\/\/www.europesays.com\/de\/wp-json\/wp\/v2\/users\/2"}],"replies":[{"embeddable":true,"href":"https:\/\/www.europesays.com\/de\/wp-json\/wp\/v2\/comments?post=271221"}],"version-history":[{"count":0,"href":"https:\/\/www.europesays.com\/de\/wp-json\/wp\/v2\/posts\/271221\/revisions"}],"wp:featuredmedia":[{"embeddable":true,"href":"https:\/\/www.europesays.com\/de\/wp-json\/wp\/v2\/media\/271222"}],"wp:attachment":[{"href":"https:\/\/www.europesays.com\/de\/wp-json\/wp\/v2\/media?parent=271221"}],"wp:term":[{"taxonomy":"category","embeddable":true,"href":"https:\/\/www.europesays.com\/de\/wp-json\/wp\/v2\/categories?post=271221"},{"taxonomy":"post_tag","embeddable":true,"href":"https:\/\/www.europesays.com\/de\/wp-json\/wp\/v2\/tags?post=271221"}],"curies":[{"name":"wp","href":"https:\/\/api.w.org\/{rel}","templated":true}]}}