{"id":271225,"date":"2025-07-17T02:12:15","date_gmt":"2025-07-17T02:12:15","guid":{"rendered":"https:\/\/www.europesays.com\/de\/271225\/"},"modified":"2025-07-17T02:12:15","modified_gmt":"2025-07-17T02:12:15","slug":"der-trailer-zum-neuen-pixar-film-hoppers-ist-da-wird-das-nach-elio-wieder-ein-hit-wie-alles-steht-kopf-2-kino-news","status":"publish","type":"post","link":"https:\/\/www.europesays.com\/de\/271225\/","title":{"rendered":"Der Trailer zum neuen Pixar-Film &#8222;Hoppers&#8220; ist da: Wird das nach &#8222;Elio&#8220; wieder ein Hit wie &#8222;Alles steht Kopf 2&#8220;? &#8211; Kino News"},"content":{"rendered":"<p>Nach \u201eAlles steht Kopf 2\u201c und \u201eElio\u201c setzt Pixar bei seinen Filmen weiterhin auf einen Mix aus Sequels und Original-Stoffen. So erwartet uns 2026 neben \u201eToy Story 5\u201c auch der brandneue \u201eHoppers\u201c, zu dem nun ein erster Trailer erschienen ist:<\/p>\n<p class=\"bo-p\">Pixar durchlebt gerade ein ziemliches Wechselbad der Gef\u00fchle. Nachdem die gefeierte Fortsetzung \u201e<a href=\"https:\/\/www.filmstarts.de\/kritiken\/307991.html\" class=\"bo-link\" rel=\"nofollow noopener\" target=\"_blank\">Alles steht Kopf 2<\/a>\u201c 2024 fast 1,7 (!) Milliarden Dollar in die Kinokassen sp\u00fclen konnte und somit zum erfolgreichsten Film des Jahres wurde, wird das nicht minder starke und aktuell noch in den Kinos laufende Sci-Fi-Abenteuer \u201e<a href=\"https:\/\/www.filmstarts.de\/kritiken\/289168.html\" class=\"bo-link\" rel=\"nofollow noopener\" target=\"_blank\">Elio<\/a>\u201c Probleme haben, \u00fcberhaupt seine Produktionskosten von 150 bis 200 Millionen Dollar wieder einzuspielen (aktuell steht man hier weltweit bei 118 Millionen Dollar).<\/p>\n<p class=\"bo-p\">Dennoch wird das zu Disney geh\u00f6rende Studio weiterhin nicht nur auf Fortsetzungen wie die bereits angek\u00fcndigten \u201e<a href=\"https:\/\/www.filmstarts.de\/kritiken\/313256.html\" class=\"bo-link\" rel=\"nofollow noopener\" target=\"_blank\">Toy Story 5<\/a>\u201c (Kinostart: 18. Juni 2026) \u201e<a href=\"https:\/\/www.filmstarts.de\/kritiken\/1000009062.html\" class=\"bo-link\" rel=\"nofollow noopener\" target=\"_blank\">Die Unglaublichen 3<\/a>\u201c und \u201e<a href=\"https:\/\/www.filmstarts.de\/kritiken\/1000021662.html\" class=\"bo-link\" rel=\"nofollow noopener\" target=\"_blank\">Coco 2<\/a>\u201c (beide noch ohne Kinostart) setzen, sondern sich nach wie vor auch kreativen Original-Stoffen widmen. J\u00fcngst hat die ansonsten auf computeranimierte Werke spezialisierte Traditionsschmiede mit der Katzen-Gangstergeschichte \u201e<a href=\"https:\/\/www.filmstarts.de\/kritiken\/1000026045.html\" class=\"bo-link\" rel=\"nofollow noopener\" target=\"_blank\">Gatto<\/a>\u201c gar ihren ersten handgezeichneten Spielfilm angek\u00fcndigt. Als n\u00e4chstes steht aber erst einmal \u201e<a href=\"https:\/\/www.filmstarts.de\/kritiken\/1000009065.html\" class=\"bo-link\" rel=\"nofollow noopener\" target=\"_blank\">Hoppers<\/a>\u201c auf dem Pixar-Fahrplan, der einmal mehr mit einer abgefahrenen Pr\u00e4misse daherkommt.<\/p>\n<p>Darum geht&#8217;s in &#8222;Hoppers&#8220;<\/p>\n<p class=\"bo-p\">In der Welt von \u201eHoppers\u201c haben Wissenschaftler*innen ein Verfahren entwickelt, mit dem sie das Bewusstsein eines Menschen in lebensechte Roboter-Tiere \u00fcbertragen k\u00f6nnen. Auf diese Weise ist man gar in der Lage, mit richtigen Tieren zu kommunizieren. Auch die Tierliebhaberin Mabel (Stimme im Original: <a href=\"https:\/\/www.filmstarts.de\/personen\/587897.html\" class=\"bo-link\" rel=\"nofollow noopener\" target=\"_blank\">Piper Curda<\/a>) bekommt die Gelegenheit, die Technologie auszuprobieren und findet sich pl\u00f6tzlich im K\u00f6rper eines Bibers wieder. Dabei entdeckt sie Geheimnisse in der Tierwelt, die ihre k\u00fchnsten Vorstellungen \u00fcbertreffen&#8230;<\/p>\n<p class=\"bo-p\">Die Regie von \u201eHoppers\u201c \u00fcbernahm <a href=\"https:\/\/www.filmstarts.de\/personen\/676962.html\" class=\"bo-link\" rel=\"nofollow noopener\" target=\"_blank\">Daniel Chong<\/a>, der bereits fr\u00fcher an einigen Pixar-TV-Specials beteiligt war, sich in der Zwischenzeit aber um seine beliebte und 2020 mit einem Film abgeschlossene Trickserie \u201eWe Bare Bears\u201c k\u00fcmmerte. Das Drehbuch stammt von \u201eLuca\u201c-Co-Autor und \u201eIch und Earl und das M\u00e4dchen\u201c-Schreiber <a href=\"https:\/\/www.filmstarts.de\/personen\/715061.html\" class=\"bo-link\" rel=\"nofollow noopener\" target=\"_blank\">Jesse Andrews<\/a>.<\/p>\n<p class=\"bo-p\"><b>In den deutschen Kinos startet \u201eHoppers\u201c am 5. M\u00e4rz 2026<\/b> \u2013 und damit nur dreieinhalb Monaten vor \u201eToy Story 5\u201c. Welche Talkshow-Legende vor einigen Wochen zum Voice-Cast des mit Spannung erwarteten Sequels gesto\u00dfen ist, erfahrt ihr im folgenden Artikel:<\/p>\n<p>    <a class=\"cms-see-also\" data-title=\"Auch interessant\" href=\"https:\/\/www.filmstarts.de\/nachrichten\/1000144877.html\" rel=\"nofollow noopener\" target=\"_blank\">&#8222;Es ist die beste Figur von allen&#8220;: Talkshow-Legende ist bei &#8222;Toy Story 5&#8220; dabei<\/a><\/p>\n","protected":false},"excerpt":{"rendered":"Nach \u201eAlles steht Kopf 2\u201c und \u201eElio\u201c setzt Pixar bei seinen Filmen weiterhin auf einen Mix aus Sequels&hellip;\n","protected":false},"author":2,"featured_media":271226,"comment_status":"","ping_status":"","sticky":false,"template":"","format":"standard","meta":{"footnotes":""},"categories":[1771],"tags":[1778,29,214,30,95,1777,215],"class_list":{"0":"post-271225","1":"post","2":"type-post","3":"status-publish","4":"format-standard","5":"has-post-thumbnail","7":"category-kino","8":"tag-cinema","9":"tag-deutschland","10":"tag-entertainment","11":"tag-germany","12":"tag-kino","13":"tag-movie","14":"tag-unterhaltung"},"share_on_mastodon":{"url":"https:\/\/pubeurope.com\/@de\/114866155957579401","error":""},"_links":{"self":[{"href":"https:\/\/www.europesays.com\/de\/wp-json\/wp\/v2\/posts\/271225","targetHints":{"allow":["GET"]}}],"collection":[{"href":"https:\/\/www.europesays.com\/de\/wp-json\/wp\/v2\/posts"}],"about":[{"href":"https:\/\/www.europesays.com\/de\/wp-json\/wp\/v2\/types\/post"}],"author":[{"embeddable":true,"href":"https:\/\/www.europesays.com\/de\/wp-json\/wp\/v2\/users\/2"}],"replies":[{"embeddable":true,"href":"https:\/\/www.europesays.com\/de\/wp-json\/wp\/v2\/comments?post=271225"}],"version-history":[{"count":0,"href":"https:\/\/www.europesays.com\/de\/wp-json\/wp\/v2\/posts\/271225\/revisions"}],"wp:featuredmedia":[{"embeddable":true,"href":"https:\/\/www.europesays.com\/de\/wp-json\/wp\/v2\/media\/271226"}],"wp:attachment":[{"href":"https:\/\/www.europesays.com\/de\/wp-json\/wp\/v2\/media?parent=271225"}],"wp:term":[{"taxonomy":"category","embeddable":true,"href":"https:\/\/www.europesays.com\/de\/wp-json\/wp\/v2\/categories?post=271225"},{"taxonomy":"post_tag","embeddable":true,"href":"https:\/\/www.europesays.com\/de\/wp-json\/wp\/v2\/tags?post=271225"}],"curies":[{"name":"wp","href":"https:\/\/api.w.org\/{rel}","templated":true}]}}