{"id":271251,"date":"2025-07-17T02:25:20","date_gmt":"2025-07-17T02:25:20","guid":{"rendered":"https:\/\/www.europesays.com\/de\/271251\/"},"modified":"2025-07-17T02:25:20","modified_gmt":"2025-07-17T02:25:20","slug":"buslinie-420-fruehere-abfahrten-und-spaetere-ankuenfte-in-wolfenbuettel","status":"publish","type":"post","link":"https:\/\/www.europesays.com\/de\/271251\/","title":{"rendered":"Buslinie 420: Fr\u00fchere Abfahrten und sp\u00e4tere Ank\u00fcnfte in Wolfenb\u00fcttel"},"content":{"rendered":"<p>Zwischen Braunschweig und Wolfenb\u00fcttel soll eine neue Buslinie entstehen. | Foto: Pixabay<\/p>\n<p class=\"datum\">16.07.2025, 15:35 Uhr<\/p>\n<p><strong>Braunschweig. Da es auf dem Fahrtweg zu Versp\u00e4tungen gekommen ist, passt die BSVG den Fahrplan der Linie 420 an, die in St\u00f6ckheim die Linie 1 ersetzt. <br \/><\/strong><br \/>\n<\/p>\n<p>Wie die BSVGH mitteilt, fahren die Busse zwischen den Haltestellen \u201eWolfenb\u00fcttel, Bahnhof\u201c und \u201eWolfenb\u00fcttel, Sternhaus\u201c ab Ab Donnerstag, 17. Juli, bis zu acht Minuten fr\u00fcher ab. In Gegenrichtung, also von \u201eWolfenb\u00fcttel, Sternhaus\u201c bis \u201eWolfenb\u00fcttel, Bahnhof\u201c, kommt der Bus bis zu vier Minuten sp\u00e4ter.<\/p>\n<p>Fahrten im Nachtverkehr \u00e4ndern sich<\/p>\n<p>Zudem gilt im Nachtverkehr von Freitag auf Samstag und von Samstag auf Sonntag: Die letzten zwei Fahrten nach Braunschweig und die letzten drei Fahrten bis Wolfenb\u00fcttel verkehren jeweils nur ab beziehungsweise bis \u201eWolfenb\u00fcttel, Kornmarkt\u201c.<\/p>\n<p>Die Stadtbahnlinie 1 verkehrt weiterhin in ihrer gewohnten Taktung zwischen \u201eInselwall\u201c und Heidberg \u2013 betriebsbedingt allerdings als Linie 2.<\/p>\n","protected":false},"excerpt":{"rendered":"Zwischen Braunschweig und Wolfenb\u00fcttel soll eine neue Buslinie entstehen. | Foto: Pixabay 16.07.2025, 15:35 Uhr Braunschweig. Da es&hellip;\n","protected":false},"author":2,"featured_media":271252,"comment_status":"","ping_status":"","sticky":false,"template":"","format":"standard","meta":{"footnotes":""},"categories":[1850],"tags":[6429,3364,29,548,663,3934,30,13,14,15,1411,12],"class_list":{"0":"post-271251","1":"post","2":"type-post","3":"status-publish","4":"format-standard","5":"has-post-thumbnail","7":"category-braunschweig","8":"tag-braunschweig","9":"tag-de","10":"tag-deutschland","11":"tag-eu","12":"tag-europa","13":"tag-europe","14":"tag-germany","15":"tag-headlines","16":"tag-nachrichten","17":"tag-news","18":"tag-niedersachsen","19":"tag-schlagzeilen"},"share_on_mastodon":{"url":"https:\/\/pubeurope.com\/@de\/114866206996825909","error":""},"_links":{"self":[{"href":"https:\/\/www.europesays.com\/de\/wp-json\/wp\/v2\/posts\/271251","targetHints":{"allow":["GET"]}}],"collection":[{"href":"https:\/\/www.europesays.com\/de\/wp-json\/wp\/v2\/posts"}],"about":[{"href":"https:\/\/www.europesays.com\/de\/wp-json\/wp\/v2\/types\/post"}],"author":[{"embeddable":true,"href":"https:\/\/www.europesays.com\/de\/wp-json\/wp\/v2\/users\/2"}],"replies":[{"embeddable":true,"href":"https:\/\/www.europesays.com\/de\/wp-json\/wp\/v2\/comments?post=271251"}],"version-history":[{"count":0,"href":"https:\/\/www.europesays.com\/de\/wp-json\/wp\/v2\/posts\/271251\/revisions"}],"wp:featuredmedia":[{"embeddable":true,"href":"https:\/\/www.europesays.com\/de\/wp-json\/wp\/v2\/media\/271252"}],"wp:attachment":[{"href":"https:\/\/www.europesays.com\/de\/wp-json\/wp\/v2\/media?parent=271251"}],"wp:term":[{"taxonomy":"category","embeddable":true,"href":"https:\/\/www.europesays.com\/de\/wp-json\/wp\/v2\/categories?post=271251"},{"taxonomy":"post_tag","embeddable":true,"href":"https:\/\/www.europesays.com\/de\/wp-json\/wp\/v2\/tags?post=271251"}],"curies":[{"name":"wp","href":"https:\/\/api.w.org\/{rel}","templated":true}]}}