{"id":271274,"date":"2025-07-17T02:37:28","date_gmt":"2025-07-17T02:37:28","guid":{"rendered":"https:\/\/www.europesays.com\/de\/271274\/"},"modified":"2025-07-17T02:37:28","modified_gmt":"2025-07-17T02:37:28","slug":"mysterioese-todesfaelle-von-kaengurus-schocken-solinger-tierpark-fauna","status":"publish","type":"post","link":"https:\/\/www.europesays.com\/de\/271274\/","title":{"rendered":"Mysteri\u00f6se Todesf\u00e4lle von K\u00e4ngurus schocken Solinger Tierpark Fauna"},"content":{"rendered":"<p class=\"text_ohne_einzug richtext text-em-55 !leading-serif mx-6 desktop:mx-0\"> Der Schock ist den Mitarbeitern des kleinen Tierparks Fauna im Solinger Stadtteil Gr\u00e4frath auch gut drei Monate sp\u00e4ter noch immer deutlich anzumerken. Denn wie erst jetzt bekannt geworden ist, sind im Fr\u00fchjahr dieses Jahres zwei weibliche K\u00e4ngurus mit abgerissenen K\u00f6pfen tot in ihrem Gehege entdeckt worden. Wobei der exakte Hintergrund der Ereignisse immer noch nicht mit letzter Sicherheit gekl\u00e4rt ist, weswegen in der Fauna weiter die Angst umgeht, dass den beiden vor kurzem neu in die Fauna gezogenen K\u00e4nguru-Damen sowie dem schon l\u00e4nger in Solingen beheimateten Bock irgendwann ein vergleichbares Schicksal drohen k\u00f6nnte.<\/p>\n","protected":false},"excerpt":{"rendered":"Der Schock ist den Mitarbeitern des kleinen Tierparks Fauna im Solinger Stadtteil Gr\u00e4frath auch gut drei Monate sp\u00e4ter&hellip;\n","protected":false},"author":2,"featured_media":271275,"comment_status":"","ping_status":"","sticky":false,"template":"","format":"standard","meta":{"footnotes":""},"categories":[1840],"tags":[3364,29,81538,30,35588,81536,81537,1209,31252,47142,34907,2242,1719,4418,81535],"class_list":{"0":"post-271274","1":"post","2":"type-post","3":"status-publish","4":"format-standard","5":"has-post-thumbnail","7":"category-wuppertal","8":"tag-de","9":"tag-deutschland","10":"tag-fauna","11":"tag-germany","12":"tag-graefrath","13":"tag-kaengurus","14":"tag-mysterioese","15":"tag-nordrhein-westfalen","16":"tag-oberpriller","17":"tag-schocken","18":"tag-solinger","19":"tag-tierpark","20":"tag-todesfaelle","21":"tag-wuppertal","22":"tag-yyyy"},"share_on_mastodon":{"url":"https:\/\/pubeurope.com\/@de\/114866254192808028","error":""},"_links":{"self":[{"href":"https:\/\/www.europesays.com\/de\/wp-json\/wp\/v2\/posts\/271274","targetHints":{"allow":["GET"]}}],"collection":[{"href":"https:\/\/www.europesays.com\/de\/wp-json\/wp\/v2\/posts"}],"about":[{"href":"https:\/\/www.europesays.com\/de\/wp-json\/wp\/v2\/types\/post"}],"author":[{"embeddable":true,"href":"https:\/\/www.europesays.com\/de\/wp-json\/wp\/v2\/users\/2"}],"replies":[{"embeddable":true,"href":"https:\/\/www.europesays.com\/de\/wp-json\/wp\/v2\/comments?post=271274"}],"version-history":[{"count":0,"href":"https:\/\/www.europesays.com\/de\/wp-json\/wp\/v2\/posts\/271274\/revisions"}],"wp:featuredmedia":[{"embeddable":true,"href":"https:\/\/www.europesays.com\/de\/wp-json\/wp\/v2\/media\/271275"}],"wp:attachment":[{"href":"https:\/\/www.europesays.com\/de\/wp-json\/wp\/v2\/media?parent=271274"}],"wp:term":[{"taxonomy":"category","embeddable":true,"href":"https:\/\/www.europesays.com\/de\/wp-json\/wp\/v2\/categories?post=271274"},{"taxonomy":"post_tag","embeddable":true,"href":"https:\/\/www.europesays.com\/de\/wp-json\/wp\/v2\/tags?post=271274"}],"curies":[{"name":"wp","href":"https:\/\/api.w.org\/{rel}","templated":true}]}}