{"id":271449,"date":"2025-07-17T04:14:12","date_gmt":"2025-07-17T04:14:12","guid":{"rendered":"https:\/\/www.europesays.com\/de\/271449\/"},"modified":"2025-07-17T04:14:12","modified_gmt":"2025-07-17T04:14:12","slug":"duisburger-stadtfest-startet-heute-radio-duisburg","status":"publish","type":"post","link":"https:\/\/www.europesays.com\/de\/271449\/","title":{"rendered":"Duisburger Stadtfest startet heute &#8211; Radio Duisburg"},"content":{"rendered":"<p class=\"small date article__date\">Ver\u00f6ffentlicht:\u00a0Donnerstag, 17.07.2025 05:45<\/p>\n<p>Duisburg feiert ab heute wieder sein traditionelles Stadtfest. Bis Sonntag verwandelt sich die Innenstadt in eine gro\u00dfe B\u00fchne mit Musik von Schlager bis Reggae. Oberb\u00fcrgermeister S\u00f6ren Link er\u00f6ffnet das Fest um 16:30 Uhr mit dem traditionellen Fassanstich.<\/p>\n<p><img decoding=\"async\" alt=\"\" src=\"https:\/\/www.europesays.com\/de\/wp-content\/uploads\/2025\/07\/stadtfest_frank-oppitz.jpg&#038;crop=0x0x1200x750&#038;resize=1200x750&#038;dt=202507170600540.jpeg\" data-size=\"1200x750\"\/>\u00a9 Frank Oppitz \/ FUNKE Foto Services<\/p>\n<p>Es ist wieder Stadtfest bei uns in der City! Den Auftakt macht heute um 16 Uhr S\u00e4nger Alex Marrone auf der Stadtwerke-B\u00fchne. Zu den H\u00f6hepunkten z\u00e4hlt der Auftritt von Ray Wilson, dem ehemaligen Genesis-S\u00e4nger, der mittlerweile zum festen Inventar des Duisburger Stadtfests geh\u00f6rt. Auch die beliebten K\u00fcnstler Olaf Henning und J\u00f6rg Bausch stehen wieder auf der B\u00fchne. Eine besondere \u00dcberraschung\u00a0wartet mit Jayden Scott auf die Besucher. Der geb\u00fcrtige Duisburger gewann in diesem Jahr die RTL-Show &#8222;Das Supertalent&#8220; und soll vor allem j\u00fcngere G\u00e4ste f\u00fcr das Fest begeistern.<\/p>\n<p>Vielf\u00e4ltiges Musikprogramm f\u00fcr alle Generationen<\/p>\n<p>Das musikalische Spektrum bleibt bew\u00e4hrt vielf\u00e4ltig: Die Besucher erwartet eine bunte Mischung aus Schlager, Oldies und Reggae. Die Veranstalter setzen dabei auf die bew\u00e4hrte Kombination aus altbekannten K\u00fcnstlern, die bereits seit Jahren regelm\u00e4\u00dfig in Duisburg auftreten.<\/p>\n<p>M\u00f6glicherweise vorletztes Fest in gewohnter Form<\/p>\n<p>Das diesj\u00e4hrige Stadtfest k\u00f6nnte eine besondere Bedeutung haben: Es ist voraussichtlich das vorletzte in der gewohnten Form. Der Vertrag f\u00fcr die Veranstaltung l\u00e4uft im kommenden Jahr aus, eine Verl\u00e4ngerung steht noch nicht fest. Umso mehr d\u00fcrften sich die Duisburger auf die drei Festivaltage freuen.<\/p>\n","protected":false},"excerpt":{"rendered":"Ver\u00f6ffentlicht:\u00a0Donnerstag, 17.07.2025 05:45 Duisburg feiert ab heute wieder sein traditionelles Stadtfest. Bis Sonntag verwandelt sich die Innenstadt in&hellip;\n","protected":false},"author":2,"featured_media":271450,"comment_status":"","ping_status":"","sticky":false,"template":"","format":"standard","meta":{"footnotes":""},"categories":[1838],"tags":[26359,81573,81572,81571,81570,81568,81569,3364,29,3715,30,1209],"class_list":{"0":"post-271449","1":"post","2":"type-post","3":"status-publish","4":"format-standard","5":"has-post-thumbnail","7":"category-duisburg","8":"tag-stadtfest","9":"tag-170725a","10":"tag-jayden-scott","11":"tag-rax-wilson","12":"tag-schlager-tag","13":"tag-stadtfest-duisburg","14":"tag-start-stadtfest","15":"tag-de","16":"tag-deutschland","17":"tag-duisburg","18":"tag-germany","19":"tag-nordrhein-westfalen"},"share_on_mastodon":{"url":"https:\/\/pubeurope.com\/@de\/114866635642200304","error":""},"_links":{"self":[{"href":"https:\/\/www.europesays.com\/de\/wp-json\/wp\/v2\/posts\/271449","targetHints":{"allow":["GET"]}}],"collection":[{"href":"https:\/\/www.europesays.com\/de\/wp-json\/wp\/v2\/posts"}],"about":[{"href":"https:\/\/www.europesays.com\/de\/wp-json\/wp\/v2\/types\/post"}],"author":[{"embeddable":true,"href":"https:\/\/www.europesays.com\/de\/wp-json\/wp\/v2\/users\/2"}],"replies":[{"embeddable":true,"href":"https:\/\/www.europesays.com\/de\/wp-json\/wp\/v2\/comments?post=271449"}],"version-history":[{"count":0,"href":"https:\/\/www.europesays.com\/de\/wp-json\/wp\/v2\/posts\/271449\/revisions"}],"wp:featuredmedia":[{"embeddable":true,"href":"https:\/\/www.europesays.com\/de\/wp-json\/wp\/v2\/media\/271450"}],"wp:attachment":[{"href":"https:\/\/www.europesays.com\/de\/wp-json\/wp\/v2\/media?parent=271449"}],"wp:term":[{"taxonomy":"category","embeddable":true,"href":"https:\/\/www.europesays.com\/de\/wp-json\/wp\/v2\/categories?post=271449"},{"taxonomy":"post_tag","embeddable":true,"href":"https:\/\/www.europesays.com\/de\/wp-json\/wp\/v2\/tags?post=271449"}],"curies":[{"name":"wp","href":"https:\/\/api.w.org\/{rel}","templated":true}]}}